{"id":22219,"date":"2026-01-03T09:00:00","date_gmt":"2026-01-03T12:00:00","guid":{"rendered":"https:\/\/correiodoestado.audiencelabs.com.br\/?p=22219"},"modified":"2025-12-09T15:51:20","modified_gmt":"2025-12-09T18:51:20","slug":"adeus-ar-condicionado-aparelho-frances-promete-dominar-as-casas-do-brasil","status":"publish","type":"post","link":"https:\/\/correiodoestado.audiencelabs.com.br\/adeus-ar-condicionado-aparelho-frances-promete-dominar-as-casas-do-brasil\/","title":{"rendered":"Adeus, ar-condicionado: aparelho franc\u00eas promete dominar as casas do Brasil"},"content":{"rendered":"\n<p>O desenvolvimento de novos sistemas de climatiza\u00e7\u00e3o ganhou for\u00e7a em meio \u00e0 busca por alternativas mais econ\u00f4micas e sustent\u00e1veis para enfrentar o calor intenso. Entre essas inova\u00e7\u00f5es, um equipamento criado na Fran\u00e7a chamou aten\u00e7\u00e3o por oferecer uma forma diferente de resfriar ambientes, eliminando a depend\u00eancia de compressores, tubula\u00e7\u00f5es e gases refrigerantes.<\/p>\n\n\n\n<p>A proposta atrai interesse no Brasil justamente por unir menor consumo energ\u00e9tico, baixa manuten\u00e7\u00e3o e funcionamento silencioso, caracter\u00edsticas que atendem \u00e0s necessidades de resid\u00eancias e espa\u00e7os de trabalho. O dispositivo foi projetado para operar com n\u00edveis reduzidos de energia, atendendo a um cen\u00e1rio em que o pre\u00e7o da eletricidade pesa cada vez mais no or\u00e7amento dom\u00e9stico.<\/p>\n\n\n\n<p>Sua estrutura compacta facilita a instala\u00e7\u00e3o em ambientes diversos, dispensando interven\u00e7\u00f5es estruturais e permitindo o uso em salas, quartos, escrit\u00f3rios e pequenos com\u00e9rcios. Outro diferencial \u00e9 a capacidade de resfriar de maneira cont\u00ednua sem produzir ru\u00eddos inc\u00f4modos, um fator relevante para quem busca conforto t\u00e9rmico sem impacto sonoro.<\/p>\n\n\n\n<figure class=\"wp-block-gallery has-nested-images columns-default is-cropped wp-block-gallery-1 is-layout-flex wp-block-gallery-is-layout-flex\">\n<figure class=\"wp-block-image size-large\"><img loading=\"lazy\" decoding=\"async\" width=\"900\" height=\"600\" data-id=\"22221\" src=\"https:\/\/correiodoestado.audiencelabs.com.br\/wp-content\/uploads\/2025\/12\/shutterstock_1659494212.jpg\" alt=\"\" class=\"wp-image-22221\" srcset=\"https:\/\/correiodoestado.audiencelabs.com.br\/wp-content\/uploads\/2025\/12\/shutterstock_1659494212.jpg 900w, https:\/\/correiodoestado.audiencelabs.com.br\/wp-content\/uploads\/2025\/12\/shutterstock_1659494212-300x200.jpg 300w, https:\/\/correiodoestado.audiencelabs.com.br\/wp-content\/uploads\/2025\/12\/shutterstock_1659494212-768x512.jpg 768w, https:\/\/correiodoestado.audiencelabs.com.br\/wp-content\/uploads\/2025\/12\/shutterstock_1659494212-750x500.jpg 750w\" sizes=\"auto, (max-width: 900px) 100vw, 900px\" \/><figcaption class=\"wp-element-caption\">Cr\u00e9ditos: Shutterstock<\/figcaption><\/figure>\n<\/figure>\n\n\n\n<h2 class=\"wp-block-heading\">Como funciona o novo aparelho franc\u00eas<\/h2>\n\n\n\n<p>A tecnologia emprega um processo adiab\u00e1tico que resfria o ar por meio da evapora\u00e7\u00e3o da \u00e1gua. Esse m\u00e9todo substitui completamente o uso de fluidos refrigerantes, considerados prejudiciais ao meio ambiente, o que torna o sistema mais sustent\u00e1vel.<\/p>\n\n\n\n<p>De acordo com informa\u00e7\u00f5es dos desenvolvedores, o consumo pode ser at\u00e9 cinco vezes menor em compara\u00e7\u00e3o a equipamentos tradicionais. Al\u00e9m disso, estimativas indicam que a redu\u00e7\u00e3o nas emiss\u00f5es de carbono pode chegar a 80%, refor\u00e7ando o compromisso ambiental da solu\u00e7\u00e3o.<\/p>\n\n\n\n<p>O aparelho foi dimensionado para atender \u00e1reas entre 20 e 40 metros quadrados, tornando-o adequado para diferentes tipos de constru\u00e7\u00f5es. Para ampliar sua utilidade, ele conta com modos de opera\u00e7\u00e3o como Inteligente, Eco e Boost, permitindo ajustes conforme a temperatura e a necessidade do usu\u00e1rio.&nbsp;<\/p>\n","protected":false},"excerpt":{"rendered":"<p>O desenvolvimento de novos sistemas de climatiza\u00e7\u00e3o ganhou for\u00e7a em meio \u00e0 busca por alternativas mais econ\u00f4micas e sustent\u00e1veis para enfrentar o calor intenso. Entre essas inova\u00e7\u00f5es, um equipamento criado na Fran\u00e7a chamou aten\u00e7\u00e3o por oferecer uma forma diferente de resfriar ambientes, eliminando a depend\u00eancia de compressores, tubula\u00e7\u00f5es e gases refrigerantes. A proposta atrai interesse [&hellip;]<\/p>\n","protected":false},"author":13,"featured_media":22220,"comment_status":"open","ping_status":"open","sticky":false,"template":"","format":"standard","meta":{"jnews-multi-image_gallery":[],"jnews_single_post":{"format":"standard"},"jnews_primary_category":[],"jnews_social_meta":[],"footnotes":""},"categories":[1],"tags":[],"class_list":["post-22219","post","type-post","status-publish","format-standard","has-post-thumbnail","hentry","category-mix"],"_links":{"self":[{"href":"https:\/\/correiodoestado.audiencelabs.com.br\/wp-json\/wp\/v2\/posts\/22219","targetHints":{"allow":["GET"]}}],"collection":[{"href":"https:\/\/correiodoestado.audiencelabs.com.br\/wp-json\/wp\/v2\/posts"}],"about":[{"href":"https:\/\/correiodoestado.audiencelabs.com.br\/wp-json\/wp\/v2\/types\/post"}],"author":[{"embeddable":true,"href":"https:\/\/correiodoestado.audiencelabs.com.br\/wp-json\/wp\/v2\/users\/13"}],"replies":[{"embeddable":true,"href":"https:\/\/correiodoestado.audiencelabs.com.br\/wp-json\/wp\/v2\/comments?post=22219"}],"version-history":[{"count":3,"href":"https:\/\/correiodoestado.audiencelabs.com.br\/wp-json\/wp\/v2\/posts\/22219\/revisions"}],"predecessor-version":[{"id":26088,"href":"https:\/\/correiodoestado.audiencelabs.com.br\/wp-json\/wp\/v2\/posts\/22219\/revisions\/26088"}],"wp:featuredmedia":[{"embeddable":true,"href":"https:\/\/correiodoestado.audiencelabs.com.br\/wp-json\/wp\/v2\/media\/22220"}],"wp:attachment":[{"href":"https:\/\/correiodoestado.audiencelabs.com.br\/wp-json\/wp\/v2\/media?parent=22219"}],"wp:term":[{"taxonomy":"category","embeddable":true,"href":"https:\/\/correiodoestado.audiencelabs.com.br\/wp-json\/wp\/v2\/categories?post=22219"},{"taxonomy":"post_tag","embeddable":true,"href":"https:\/\/correiodoestado.audiencelabs.com.br\/wp-json\/wp\/v2\/tags?post=22219"}],"curies":[{"name":"wp","href":"https:\/\/api.w.org\/{rel}","templated":true}]}}