{"id":23003,"date":"2025-12-10T08:19:00","date_gmt":"2025-12-10T11:19:00","guid":{"rendered":"https:\/\/correiodoestado.audiencelabs.com.br\/?p=23003"},"modified":"2025-12-09T11:58:38","modified_gmt":"2025-12-09T14:58:38","slug":"com-um-elenco-recheado-de-craques-flamengo-decide-liberar-9-jogadores-no-fim-do-ano","status":"publish","type":"post","link":"https:\/\/correiodoestado.audiencelabs.com.br\/com-um-elenco-recheado-de-craques-flamengo-decide-liberar-9-jogadores-no-fim-do-ano\/","title":{"rendered":"Com um elenco recheado de craques, Flamengo decide liberar 9 jogadores no fim do ano"},"content":{"rendered":"\n<p>Campe\u00e3o da Libertadores e do Campeonato Brasileiro, o <a href=\"https:\/\/correiodoestado.com.br\/mix\/jogador-do-flamengo-revela-tratativas-com-o-palmeiras-logo-antes-da-final-da-libertadores\/\" target=\"_blank\" rel=\"noopener\">Flamengo <\/a>tem motivos de sobra para comemorar a temporada impec\u00e1vel que teve sob o comando do t\u00e9cnico Filipe Lu\u00eds. No entanto, ap\u00f3s a participa\u00e7\u00e3o na Copa Intercontinental de Clubes, a diretoria rubro-negra projeta dispensar cerca de nove jogadores, uma vez que est\u00e3o fora do planejamento da institui\u00e7\u00e3o para 2026.<\/p>\n\n\n\n<p>A fim de refor\u00e7ar o elenco multicampe\u00e3o, a c\u00fapula carioca entende a necessidade de vender ou dispensar pe\u00e7as que pouco produziram ao longo da atual temporada. Com o aval da comiss\u00e3o t\u00e9cnica, as sa\u00eddas dos zagueiros Pablo e Cleiton e do goleiro Matheus Cunha j\u00e1 foram decretadas. O trio possui contrato v\u00e1lido at\u00e9 31 de dezembro de 2025, e n\u00e3o ser\u00e1 ampliado.<\/p>\n\n\n\n<figure class=\"wp-block-image size-full\"><img loading=\"lazy\" decoding=\"async\" width=\"899\" height=\"600\" src=\"https:\/\/correiodoestado.audiencelabs.com.br\/wp-content\/uploads\/2025\/09\/3174027238239.webp\" alt=\"\" class=\"wp-image-9732\" srcset=\"https:\/\/correiodoestado.audiencelabs.com.br\/wp-content\/uploads\/2025\/09\/3174027238239.webp 899w, https:\/\/correiodoestado.audiencelabs.com.br\/wp-content\/uploads\/2025\/09\/3174027238239-300x200.webp 300w, https:\/\/correiodoestado.audiencelabs.com.br\/wp-content\/uploads\/2025\/09\/3174027238239-768x513.webp 768w, https:\/\/correiodoestado.audiencelabs.com.br\/wp-content\/uploads\/2025\/09\/3174027238239-750x501.webp 750w\" sizes=\"auto, (max-width: 899px) 100vw, 899px\" \/><figcaption class=\"wp-element-caption\">Cr\u00e9ditos: Paula Reis \/ Flamengo<\/figcaption><\/figure>\n\n\n\n<p>Enquanto isso, os seis atletas restantes n\u00e3o preenchem a titularidade da institui\u00e7\u00e3o, o que n\u00e3o deve impactar a dinastia do Flamengo em caso de negocia\u00e7\u00f5es futuras. Entre os nomes cotados para fazerem as malas est\u00e3o Matias Vi\u00f1a e Everton Cebolinha. A dupla em quest\u00e3o, entendendo a falta de oportunidades, pediu para ser negociada na pr\u00f3xima janela de transfer\u00eancia.<\/p>\n\n\n\n<p>De acordo com apura\u00e7\u00f5es do jornalista Jorge Nicola, integram ainda a barca de dispensa Michael, Juninho, Nicolas de la Cruz e Allan. Os jogadores citados n\u00e3o tiveram boas apresenta\u00e7\u00f5es em 2025, fator crucial para que o t\u00e9cnico Filipe Lu\u00eds reduzisse as minutagens do quarteto em campo. Com a lista montada, o rubro-negro aguarda novas propostas para sacramentar as sa\u00eddas no in\u00edcio de 2026.<\/p>\n\n\n\n<h2 class=\"wp-block-heading\">Flamengo mira novos refor\u00e7os<\/h2>\n\n\n\n<p>Por consequ\u00eancia dos trunfos alcan\u00e7ados nas \u00faltimas semanas, o Flamengo brigar\u00e1 por dois t\u00edtulos no in\u00edcio do pr\u00f3ximo ano: a Supercopa do Brasil e a Recopa Sul-Americana. Mantendo o planejamento de brigar por ta\u00e7as de prest\u00edgio, o clube da G\u00e1vea deseja fechar a contrata\u00e7\u00e3o de Gabriel Braz\u00e3o, goleiro de destaque, crucial no n\u00e3o rebaixamento do Santos para a segunda divis\u00e3o.<\/p>\n\n\n\n<p>Embora o atleta do Peixe seja a prioridade do Fla, o departamento de futebol tamb\u00e9m monitora Pedro Morisco, joia do Coritiba. Para a zaga, Vit\u00e3o, do Internacional, \u00e9 o preferido, embora Nino, do Zenit, tamb\u00e9m esteja na pauta. No mais, a busca por centroavante \u00e9 a mais cara, uma vez que inclui Taty Castellanos, Lucas Beltran, Dybala e Gabriel Jesus.<\/p>\n","protected":false},"excerpt":{"rendered":"<p>Com o objetivo de seguir brigando por t\u00edtulos, diretoria do Flamengo deseja dispensar nove atletas na temporada 2026 e contar com a chegada de pe\u00e7as de renome<\/p>\n","protected":false},"author":8,"featured_media":10527,"comment_status":"open","ping_status":"open","sticky":false,"template":"","format":"standard","meta":{"jnews-multi-image_gallery":[],"jnews_single_post":{"format":"standard"},"jnews_primary_category":[],"jnews_social_meta":[],"footnotes":""},"categories":[1],"tags":[],"class_list":["post-23003","post","type-post","status-publish","format-standard","has-post-thumbnail","hentry","category-mix"],"_links":{"self":[{"href":"https:\/\/correiodoestado.audiencelabs.com.br\/wp-json\/wp\/v2\/posts\/23003","targetHints":{"allow":["GET"]}}],"collection":[{"href":"https:\/\/correiodoestado.audiencelabs.com.br\/wp-json\/wp\/v2\/posts"}],"about":[{"href":"https:\/\/correiodoestado.audiencelabs.com.br\/wp-json\/wp\/v2\/types\/post"}],"author":[{"embeddable":true,"href":"https:\/\/correiodoestado.audiencelabs.com.br\/wp-json\/wp\/v2\/users\/8"}],"replies":[{"embeddable":true,"href":"https:\/\/correiodoestado.audiencelabs.com.br\/wp-json\/wp\/v2\/comments?post=23003"}],"version-history":[{"count":2,"href":"https:\/\/correiodoestado.audiencelabs.com.br\/wp-json\/wp\/v2\/posts\/23003\/revisions"}],"predecessor-version":[{"id":23678,"href":"https:\/\/correiodoestado.audiencelabs.com.br\/wp-json\/wp\/v2\/posts\/23003\/revisions\/23678"}],"wp:featuredmedia":[{"embeddable":true,"href":"https:\/\/correiodoestado.audiencelabs.com.br\/wp-json\/wp\/v2\/media\/10527"}],"wp:attachment":[{"href":"https:\/\/correiodoestado.audiencelabs.com.br\/wp-json\/wp\/v2\/media?parent=23003"}],"wp:term":[{"taxonomy":"category","embeddable":true,"href":"https:\/\/correiodoestado.audiencelabs.com.br\/wp-json\/wp\/v2\/categories?post=23003"},{"taxonomy":"post_tag","embeddable":true,"href":"https:\/\/correiodoestado.audiencelabs.com.br\/wp-json\/wp\/v2\/tags?post=23003"}],"curies":[{"name":"wp","href":"https:\/\/api.w.org\/{rel}","templated":true}]}}