{"id":23054,"date":"2025-12-09T21:35:00","date_gmt":"2025-12-10T00:35:00","guid":{"rendered":"https:\/\/correiodoestado.audiencelabs.com.br\/?p=23054"},"modified":"2025-12-09T14:51:23","modified_gmt":"2025-12-09T17:51:23","slug":"fenomeno-raro-que-sera-visto-no-ceu-so-vai-se-repetir-100-anos-depois","status":"publish","type":"post","link":"https:\/\/correiodoestado.audiencelabs.com.br\/fenomeno-raro-que-sera-visto-no-ceu-so-vai-se-repetir-100-anos-depois\/","title":{"rendered":"Fen\u00f4meno raro que ser\u00e1 visto no c\u00e9u s\u00f3 vai se repetir 100 anos depois"},"content":{"rendered":"\n<p>O eclipse solar total previsto para 2 de agosto de 2027 ser\u00e1 um dos eventos astron\u00f4micos mais relevantes do s\u00e9culo. A previs\u00e3o da NASA indica uma totalidade de 6 minutos e 22 segundos, dura\u00e7\u00e3o incomum para esse tipo de fen\u00f4meno.<\/p>\n\n\n\n<p>Essa combina\u00e7\u00e3o de tempo e alcance faz com que seja considerado raro, j\u00e1 que um evento semelhante s\u00f3 deve ocorrer novamente daqui a um s\u00e9culo. A confirma\u00e7\u00e3o antecipada permitiu que cientistas e observadores j\u00e1 comecem a planejar estudos e deslocamentos para acompanhar o eclipse.<\/p>\n\n\n\n<p>A singularidade do fen\u00f4meno se deve \u00e0 posi\u00e7\u00e3o da Terra e da Lua no momento do alinhamento. A Terra estar\u00e1 no af\u00e9lio, ponto mais distante do Sol, enquanto a Lua estar\u00e1 no perigeu, seu ponto mais pr\u00f3ximo da Terra.<\/p>\n\n\n\n<p>Isso aumenta a \u00e1rea de sombra projetada e prolonga a dura\u00e7\u00e3o da totalidade. Al\u00e9m disso, o percurso da sombra passar\u00e1 pela regi\u00e3o equatorial, o que estende o tempo de escurid\u00e3o por mais quil\u00f4metros ao longo do trajeto.<\/p>\n\n\n\n<figure class=\"wp-block-gallery has-nested-images columns-default is-cropped wp-block-gallery-1 is-layout-flex wp-block-gallery-is-layout-flex\">\n<figure class=\"wp-block-image size-large\"><img loading=\"lazy\" decoding=\"async\" width=\"900\" height=\"600\" data-id=\"23056\" src=\"https:\/\/correiodoestado.audiencelabs.com.br\/wp-content\/uploads\/2025\/12\/eclipse-solar-espaco.jpg\" alt=\"\" class=\"wp-image-23056\" srcset=\"https:\/\/correiodoestado.audiencelabs.com.br\/wp-content\/uploads\/2025\/12\/eclipse-solar-espaco.jpg 900w, https:\/\/correiodoestado.audiencelabs.com.br\/wp-content\/uploads\/2025\/12\/eclipse-solar-espaco-300x200.jpg 300w, https:\/\/correiodoestado.audiencelabs.com.br\/wp-content\/uploads\/2025\/12\/eclipse-solar-espaco-768x512.jpg 768w, https:\/\/correiodoestado.audiencelabs.com.br\/wp-content\/uploads\/2025\/12\/eclipse-solar-espaco-750x500.jpg 750w\" sizes=\"auto, (max-width: 900px) 100vw, 900px\" \/><figcaption class=\"wp-element-caption\">Cr\u00e9ditos: Shutterstock<br><\/figcaption><\/figure>\n<\/figure>\n\n\n\n<h2 class=\"wp-block-heading\">Por que o eclipse de 2027 se destaca<\/h2>\n\n\n\n<p>A NASA afirma que modelos matem\u00e1ticos permitem calcular eclipses com milhares de anos de anteced\u00eancia, garantindo precis\u00e3o na dura\u00e7\u00e3o e na rota. No caso de 2027, a sombra come\u00e7ar\u00e1 no Atl\u00e2ntico e atravessar\u00e1 partes da Europa, \u00c1frica e Oriente M\u00e9dio. Luxor, no Egito, ser\u00e1 o ponto de maior totalidade, com condi\u00e7\u00f5es clim\u00e1ticas favor\u00e1veis e localiza\u00e7\u00e3o central no trajeto.<\/p>\n\n\n\n<p>O caminho total da sombra lunar ter\u00e1 mais de 15 mil quil\u00f4metros, cobrindo cerca de 2,5 milh\u00f5es de quil\u00f4metros quadrados. Pa\u00edses ao longo da faixa j\u00e1 se preparam para receber observadores, turistas e pesquisadores interessados em registrar a coroa solar, vis\u00edvel apenas durante a totalidade.<\/p>\n","protected":false},"excerpt":{"rendered":"<p>O eclipse solar total previsto para 2 de agosto de 2027 ser\u00e1 um dos eventos astron\u00f4micos mais relevantes do s\u00e9culo. A previs\u00e3o da NASA indica uma totalidade de 6 minutos e 22 segundos, dura\u00e7\u00e3o incomum para esse tipo de fen\u00f4meno. Essa combina\u00e7\u00e3o de tempo e alcance faz com que seja considerado raro, j\u00e1 que um [&hellip;]<\/p>\n","protected":false},"author":12,"featured_media":23055,"comment_status":"open","ping_status":"open","sticky":false,"template":"","format":"standard","meta":{"jnews-multi-image_gallery":[],"jnews_single_post":{"format":"standard"},"jnews_primary_category":[],"jnews_social_meta":[],"footnotes":""},"categories":[1],"tags":[],"class_list":["post-23054","post","type-post","status-publish","format-standard","has-post-thumbnail","hentry","category-mix"],"_links":{"self":[{"href":"https:\/\/correiodoestado.audiencelabs.com.br\/wp-json\/wp\/v2\/posts\/23054","targetHints":{"allow":["GET"]}}],"collection":[{"href":"https:\/\/correiodoestado.audiencelabs.com.br\/wp-json\/wp\/v2\/posts"}],"about":[{"href":"https:\/\/correiodoestado.audiencelabs.com.br\/wp-json\/wp\/v2\/types\/post"}],"author":[{"embeddable":true,"href":"https:\/\/correiodoestado.audiencelabs.com.br\/wp-json\/wp\/v2\/users\/12"}],"replies":[{"embeddable":true,"href":"https:\/\/correiodoestado.audiencelabs.com.br\/wp-json\/wp\/v2\/comments?post=23054"}],"version-history":[{"count":2,"href":"https:\/\/correiodoestado.audiencelabs.com.br\/wp-json\/wp\/v2\/posts\/23054\/revisions"}],"predecessor-version":[{"id":23614,"href":"https:\/\/correiodoestado.audiencelabs.com.br\/wp-json\/wp\/v2\/posts\/23054\/revisions\/23614"}],"wp:featuredmedia":[{"embeddable":true,"href":"https:\/\/correiodoestado.audiencelabs.com.br\/wp-json\/wp\/v2\/media\/23055"}],"wp:attachment":[{"href":"https:\/\/correiodoestado.audiencelabs.com.br\/wp-json\/wp\/v2\/media?parent=23054"}],"wp:term":[{"taxonomy":"category","embeddable":true,"href":"https:\/\/correiodoestado.audiencelabs.com.br\/wp-json\/wp\/v2\/categories?post=23054"},{"taxonomy":"post_tag","embeddable":true,"href":"https:\/\/correiodoestado.audiencelabs.com.br\/wp-json\/wp\/v2\/tags?post=23054"}],"curies":[{"name":"wp","href":"https:\/\/api.w.org\/{rel}","templated":true}]}}