{"id":23897,"date":"2025-12-12T16:21:00","date_gmt":"2025-12-12T19:21:00","guid":{"rendered":"https:\/\/correiodoestado.audiencelabs.com.br\/?p=23897"},"modified":"2025-12-12T13:38:28","modified_gmt":"2025-12-12T16:38:28","slug":"mansao-de-carlo-ancelotti-avaliada-em-r-31-milhoes-impressiona-e-tem-vini-jr-entre-os-vizinhos-famosos","status":"publish","type":"post","link":"https:\/\/correiodoestado.audiencelabs.com.br\/mansao-de-carlo-ancelotti-avaliada-em-r-31-milhoes-impressiona-e-tem-vini-jr-entre-os-vizinhos-famosos\/","title":{"rendered":"Mans\u00e3o de Carlo Ancelotti avaliada em R$ 31 milh\u00f5es impressiona e tem Vini Jr entre os vizinhos famosos"},"content":{"rendered":"\n<p>Embora esteja residindo no Brasil com a finalidade de orquestrar os trabalhos em fun\u00e7\u00e3o da Sele\u00e7\u00e3o Brasileira, <a href=\"https:\/\/correiodoestado.com.br\/mix\/carlo-ancelotti-recebe-a-pior-noticia-possivel-sobre-um-de-seus-xodos-da-selecao-brasileira\/\" target=\"_blank\" rel=\"noopener\">Carlo Ancelotti<\/a> depositou cifras astron\u00f4micas para adquirir mans\u00e3o na Espanha. Enquanto treinador do Real Madrid, o italiano tomou posse de um im\u00f3vel em condom\u00ednio luxuoso avaliado em R$ 31 milh\u00f5es, com Vin\u00edcius J\u00fanior sendo um de seus vizinhos.<\/p>\n\n\n\n<p>Localizada ao norte da capital espanhola, no bairro de <em>La Moraleja<\/em>, a resid\u00eancia do comandante multicampe\u00e3o \u00e9 conhecida por ter um enorme terreno, tomado por seguran\u00e7a r\u00edgida e por moradores que integram a classe elitizada. Mesmo que esteja trabalhando fora do Velho Continente, a mans\u00e3o segue sob posse de sua fam\u00edlia.<\/p>\n\n\n\n<figure class=\"wp-block-image size-large\"><img loading=\"lazy\" decoding=\"async\" width=\"1024\" height=\"512\" src=\"https:\/\/correiodoestado.audiencelabs.com.br\/wp-content\/uploads\/2025\/12\/ancelotti-1024x512.jpg\" alt=\"\" class=\"wp-image-23898\" srcset=\"https:\/\/correiodoestado.audiencelabs.com.br\/wp-content\/uploads\/2025\/12\/ancelotti-1024x512.jpg 1024w, https:\/\/correiodoestado.audiencelabs.com.br\/wp-content\/uploads\/2025\/12\/ancelotti-300x150.jpg 300w, https:\/\/correiodoestado.audiencelabs.com.br\/wp-content\/uploads\/2025\/12\/ancelotti-768x384.jpg 768w, https:\/\/correiodoestado.audiencelabs.com.br\/wp-content\/uploads\/2025\/12\/ancelotti-360x180.jpg 360w, https:\/\/correiodoestado.audiencelabs.com.br\/wp-content\/uploads\/2025\/12\/ancelotti-750x375.jpg 750w, https:\/\/correiodoestado.audiencelabs.com.br\/wp-content\/uploads\/2025\/12\/ancelotti-1140x570.jpg 1140w, https:\/\/correiodoestado.audiencelabs.com.br\/wp-content\/uploads\/2025\/12\/ancelotti.jpg 1200w\" sizes=\"auto, (max-width: 1024px) 100vw, 1024px\" \/><figcaption class=\"wp-element-caption\">Cr\u00e9ditos: Reprodu\u00e7\u00e3o\/Google Earth<\/figcaption><\/figure>\n\n\n\n<p>Para entender o prest\u00edgio da regi\u00e3o, al\u00e9m de Ancelotti, o condom\u00ednio conta com a presen\u00e7a de Endrick, Vin\u00edcius J\u00fanior, Rodrygo e \u00c9der Milit\u00e3o. Em contrapartida, <em>La Moraleja<\/em> j\u00e1 chegou a abrigar nomes de peso, como s\u00e3o os casos de Ronaldo Fen\u00f4meno, Sergio Ramos, Roberto Carlos, Benzema, Zidane e David Beckham, Richard Gere e Kylian Mbapp\u00e9.<\/p>\n\n\n\n<p>Mesmo que a mans\u00e3o chame aten\u00e7\u00e3o por seu valor, Carlo Ancelotti  possui outros im\u00f3veis impressionantes. De acordo com a imprensa espanhola, o t\u00e9cnico tamb\u00e9m tem uma cobertura de 450 metros quadrados na Pra\u00e7a da Independ\u00eancia, uma das \u00e1reas mais nobres de Madrid. A fa\u00e7anha s\u00f3 mostra o alto poder aquisitivo do treinador da Sele\u00e7\u00e3o Brasileira.<\/p>\n\n\n\n<h2 class=\"wp-block-heading\">Detalhes do desembarque de Ancelotti no Brasil<\/h2>\n\n\n\n<p>Depois de fazer hist\u00f3ria por clubes europeus, Carlo Ancelotti aceitou se aventurar no ciclo da Sele\u00e7\u00e3o Brasileira para a Copa do Mundo de 2026. Antes de embarcar no pa\u00eds, o italiano fez uma lista com exig\u00eancias, entregue \u00e0 CBF. At\u00e9 o momento, todos os pedidos foram atendidos, o que colabora para uma poss\u00edvel renova\u00e7\u00e3o no futuro.<\/p>\n\n\n\n<p><strong>Confira as exig\u00eancias do veterano:<\/strong><\/p>\n\n\n\n<ul class=\"wp-block-list\">\n<li>Liberdade total nas convoca\u00e7\u00f5es;<\/li>\n\n\n\n<li>Comiss\u00e3o t\u00e9cnica europeia;<\/li>\n\n\n\n<li>Agendas de amistosos de alto n\u00edvel;<\/li>\n\n\n\n<li>Estrutura de ponta na Granja Comary;<\/li>\n\n\n\n<li>Blindagem total dos jogadores e informa\u00e7\u00f5es dos bastidores.<\/li>\n<\/ul>\n","protected":false},"excerpt":{"rendered":"<p>Embora esteja residindo no Brasil com a finalidade de orquestrar os trabalhos em fun\u00e7\u00e3o da Sele\u00e7\u00e3o Brasileira, Carlo Ancelotti depositou cifras astron\u00f4micas para adquirir mans\u00e3o na Espanha<\/p>\n","protected":false},"author":8,"featured_media":6648,"comment_status":"open","ping_status":"open","sticky":false,"template":"","format":"standard","meta":{"jnews-multi-image_gallery":[],"jnews_single_post":{"format":"standard"},"jnews_primary_category":[],"jnews_social_meta":[],"footnotes":""},"categories":[1],"tags":[],"class_list":["post-23897","post","type-post","status-publish","format-standard","has-post-thumbnail","hentry","category-mix"],"_links":{"self":[{"href":"https:\/\/correiodoestado.audiencelabs.com.br\/wp-json\/wp\/v2\/posts\/23897","targetHints":{"allow":["GET"]}}],"collection":[{"href":"https:\/\/correiodoestado.audiencelabs.com.br\/wp-json\/wp\/v2\/posts"}],"about":[{"href":"https:\/\/correiodoestado.audiencelabs.com.br\/wp-json\/wp\/v2\/types\/post"}],"author":[{"embeddable":true,"href":"https:\/\/correiodoestado.audiencelabs.com.br\/wp-json\/wp\/v2\/users\/8"}],"replies":[{"embeddable":true,"href":"https:\/\/correiodoestado.audiencelabs.com.br\/wp-json\/wp\/v2\/comments?post=23897"}],"version-history":[{"count":1,"href":"https:\/\/correiodoestado.audiencelabs.com.br\/wp-json\/wp\/v2\/posts\/23897\/revisions"}],"predecessor-version":[{"id":23899,"href":"https:\/\/correiodoestado.audiencelabs.com.br\/wp-json\/wp\/v2\/posts\/23897\/revisions\/23899"}],"wp:featuredmedia":[{"embeddable":true,"href":"https:\/\/correiodoestado.audiencelabs.com.br\/wp-json\/wp\/v2\/media\/6648"}],"wp:attachment":[{"href":"https:\/\/correiodoestado.audiencelabs.com.br\/wp-json\/wp\/v2\/media?parent=23897"}],"wp:term":[{"taxonomy":"category","embeddable":true,"href":"https:\/\/correiodoestado.audiencelabs.com.br\/wp-json\/wp\/v2\/categories?post=23897"},{"taxonomy":"post_tag","embeddable":true,"href":"https:\/\/correiodoestado.audiencelabs.com.br\/wp-json\/wp\/v2\/tags?post=23897"}],"curies":[{"name":"wp","href":"https:\/\/api.w.org\/{rel}","templated":true}]}}