{"id":25047,"date":"2025-12-25T08:08:00","date_gmt":"2025-12-25T11:08:00","guid":{"rendered":"https:\/\/correiodoestado.audiencelabs.com.br\/?p=25047"},"modified":"2025-12-23T12:18:16","modified_gmt":"2025-12-23T15:18:16","slug":"a-verdadeira-origem-da-arvore-de-natal-que-pouca-gente-conhece","status":"publish","type":"post","link":"https:\/\/correiodoestado.audiencelabs.com.br\/a-verdadeira-origem-da-arvore-de-natal-que-pouca-gente-conhece\/","title":{"rendered":"A verdadeira origem da \u00e1rvore de Natal que pouca gente conhece"},"content":{"rendered":"\n<p>A \u00e1rvore de Natal \u00e9 frequentemente associada a tradi\u00e7\u00f5es pag\u00e3s, mas sua hist\u00f3ria est\u00e1 profundamente ligada \u00e0 propaga\u00e7\u00e3o do cristianismo na Europa. O s\u00edmbolo, longe de ser \u201cfor\u00e7ado\u201d ou avulso, recorda mensagens crist\u00e3s essenciais, celebrando o nascimento de Jesus Cristo.<\/p>\n\n\n\n<p>A sua origem remonta \u00e0 atua\u00e7\u00e3o de S\u00e3o Bonif\u00e1cio, mission\u00e1rio ingl\u00eas enviado \u00e0 regi\u00e3o da atual Alemanha no in\u00edcio do s\u00e9culo VIII. S\u00e3o Bonif\u00e1cio nasceu por volta do ano 680 e, ap\u00f3s entrar na ordem dos beneditinos, dedicou-se \u00e0 miss\u00e3o de converter povos germ\u00e2nicos do paganismo.<\/p>\n\n\n\n<p>Apoiado pelo imperador Carlos Magno, percorreu diversas regi\u00f5es, promovendo a mensagem crist\u00e3 e combatendo pr\u00e1ticas religiosas consideradas violentas. Segundo relatos, Bonif\u00e1cio era reconhecido por sua capacidade de organiza\u00e7\u00e3o e car\u00e1ter firme, atributos que o ajudaram em suas miss\u00f5es.<\/p>\n\n\n\n<figure class=\"wp-block-gallery has-nested-images columns-default is-cropped wp-block-gallery-1 is-layout-flex wp-block-gallery-is-layout-flex\">\n<figure class=\"wp-block-image size-large\"><img loading=\"lazy\" decoding=\"async\" width=\"900\" height=\"600\" data-id=\"25049\" src=\"https:\/\/correiodoestado.audiencelabs.com.br\/wp-content\/uploads\/2025\/12\/Captura-de-tela-2025-12-19-123446.png\" alt=\"\" class=\"wp-image-25049\" srcset=\"https:\/\/correiodoestado.audiencelabs.com.br\/wp-content\/uploads\/2025\/12\/Captura-de-tela-2025-12-19-123446.png 900w, https:\/\/correiodoestado.audiencelabs.com.br\/wp-content\/uploads\/2025\/12\/Captura-de-tela-2025-12-19-123446-300x200.png 300w, https:\/\/correiodoestado.audiencelabs.com.br\/wp-content\/uploads\/2025\/12\/Captura-de-tela-2025-12-19-123446-768x512.png 768w, https:\/\/correiodoestado.audiencelabs.com.br\/wp-content\/uploads\/2025\/12\/Captura-de-tela-2025-12-19-123446-750x500.png 750w\" sizes=\"auto, (max-width: 900px) 100vw, 900px\" \/><figcaption class=\"wp-element-caption\">Cr\u00e9ditos: Shutterstock<br><\/figcaption><\/figure>\n<\/figure>\n\n\n\n<h2 class=\"wp-block-heading\">O epis\u00f3dio do Carvalho do Trov\u00e3o<\/h2>\n\n\n\n<p>Na Baixa Sax\u00f4nia, perto de Geismar, existia um carvalho sagrado onde pag\u00e3os realizavam sacrif\u00edcios, inclusive humanos, ao deus Thor. Em 723, S\u00e3o Bonif\u00e1cio visitou a regi\u00e3o na v\u00e9spera do Natal e destruiu o Carvalho do Trov\u00e3o para impedir que as cerim\u00f4nias continuassem.<\/p>\n\n\n\n<p>Relatos populares descrevem que, ao derrubar a \u00e1rvore com um machado, Bonif\u00e1cio demonstrou ao povo que a verdadeira prote\u00e7\u00e3o vinha de Cristo, e n\u00e3o dos deuses pag\u00e3os. Diante do povo, o bispo apontou para um pequeno abeto pr\u00f3ximo e declarou que aquela \u00e1rvore seria s\u00edmbolo de paz e vida eterna, representando o Menino Jesus.<\/p>\n\n\n\n<p>Segundo a tradi\u00e7\u00e3o, foi assim que a pr\u00e1tica de decorar \u00e1rvores no Natal come\u00e7ou. A madeira do carvalho derrubado foi posteriormente usada para construir uma capela, refor\u00e7ando a liga\u00e7\u00e3o entre a a\u00e7\u00e3o mission\u00e1ria de Bonif\u00e1cio e a introdu\u00e7\u00e3o de novos s\u00edmbolos crist\u00e3os.<\/p>\n","protected":false},"excerpt":{"rendered":"<p>A \u00e1rvore de Natal \u00e9 frequentemente associada a tradi\u00e7\u00f5es pag\u00e3s, mas sua hist\u00f3ria est\u00e1 profundamente ligada \u00e0 propaga\u00e7\u00e3o do cristianismo na Europa. O s\u00edmbolo, longe de ser \u201cfor\u00e7ado\u201d ou avulso, recorda mensagens crist\u00e3s essenciais, celebrando o nascimento de Jesus Cristo. A sua origem remonta \u00e0 atua\u00e7\u00e3o de S\u00e3o Bonif\u00e1cio, mission\u00e1rio ingl\u00eas enviado \u00e0 regi\u00e3o da [&hellip;]<\/p>\n","protected":false},"author":12,"featured_media":25048,"comment_status":"open","ping_status":"open","sticky":false,"template":"","format":"standard","meta":{"jnews-multi-image_gallery":[],"jnews_single_post":{"format":"standard"},"jnews_primary_category":[],"jnews_social_meta":[],"footnotes":""},"categories":[1],"tags":[],"class_list":["post-25047","post","type-post","status-publish","format-standard","has-post-thumbnail","hentry","category-mix"],"_links":{"self":[{"href":"https:\/\/correiodoestado.audiencelabs.com.br\/wp-json\/wp\/v2\/posts\/25047","targetHints":{"allow":["GET"]}}],"collection":[{"href":"https:\/\/correiodoestado.audiencelabs.com.br\/wp-json\/wp\/v2\/posts"}],"about":[{"href":"https:\/\/correiodoestado.audiencelabs.com.br\/wp-json\/wp\/v2\/types\/post"}],"author":[{"embeddable":true,"href":"https:\/\/correiodoestado.audiencelabs.com.br\/wp-json\/wp\/v2\/users\/12"}],"replies":[{"embeddable":true,"href":"https:\/\/correiodoestado.audiencelabs.com.br\/wp-json\/wp\/v2\/comments?post=25047"}],"version-history":[{"count":2,"href":"https:\/\/correiodoestado.audiencelabs.com.br\/wp-json\/wp\/v2\/posts\/25047\/revisions"}],"predecessor-version":[{"id":25595,"href":"https:\/\/correiodoestado.audiencelabs.com.br\/wp-json\/wp\/v2\/posts\/25047\/revisions\/25595"}],"wp:featuredmedia":[{"embeddable":true,"href":"https:\/\/correiodoestado.audiencelabs.com.br\/wp-json\/wp\/v2\/media\/25048"}],"wp:attachment":[{"href":"https:\/\/correiodoestado.audiencelabs.com.br\/wp-json\/wp\/v2\/media?parent=25047"}],"wp:term":[{"taxonomy":"category","embeddable":true,"href":"https:\/\/correiodoestado.audiencelabs.com.br\/wp-json\/wp\/v2\/categories?post=25047"},{"taxonomy":"post_tag","embeddable":true,"href":"https:\/\/correiodoestado.audiencelabs.com.br\/wp-json\/wp\/v2\/tags?post=25047"}],"curies":[{"name":"wp","href":"https:\/\/api.w.org\/{rel}","templated":true}]}}