{"id":25065,"date":"2025-12-19T14:30:00","date_gmt":"2025-12-19T17:30:00","guid":{"rendered":"https:\/\/correiodoestado.audiencelabs.com.br\/?p=25065"},"modified":"2025-12-19T16:26:52","modified_gmt":"2025-12-19T19:26:52","slug":"barca-de-saidas-do-corinthians-e-tao-grande-que-so-a-folha-salarial-vai-reduzir-r-6-milhoes-por-mes","status":"publish","type":"post","link":"https:\/\/correiodoestado.audiencelabs.com.br\/barca-de-saidas-do-corinthians-e-tao-grande-que-so-a-folha-salarial-vai-reduzir-r-6-milhoes-por-mes\/","title":{"rendered":"Barca de sa\u00eddas do Corinthians \u00e9 t\u00e3o grande que s\u00f3 a folha salarial vai reduzir R$ 6 milh\u00f5es por m\u00eas"},"content":{"rendered":"\n<p>A final da Copa do Brasil, diante do Vasco da Gama, ser\u00e1 a partida de despedida de v\u00e1rios atletas que n\u00e3o fazem parte do planejamento do <a href=\"https:\/\/correiodoestado.com.br\/mix\/rainha-mundial-dos-carros-eletricos-e-parceira-de-lula-decide-injetar-dinheiro-no-corinthians\/\" target=\"_blank\" rel=\"noopener\">Corinthians <\/a>para a temporada 2026. Enfrentando problemas financeiros, o alvinegro pretende aliviar a folha salarial em cerca de R$ 6 milh\u00f5es mensais, mas, para que o montante seja atingido, atletas de peso entrar\u00e3o na barca de dispensa.<\/p>\n\n\n\n<p>Diante do or\u00e7amento apresentado para o ano seguinte, a c\u00fapula do clube paulista n\u00e3o ir\u00e1 renovar os contratos que est\u00e3o sendo finalizados em 31 de dezembro. Por outro lado, alguns nomes devem ser negociados em definitivo ou emprestados, como \u00e9 o caso do atacante Pedro Raul. Outrora deslanchando no Cear\u00e1, o centroavante deve dirigir-se ao Internacional nos pr\u00f3ximos dias.<\/p>\n\n\n\n<figure class=\"wp-block-image size-full\"><img loading=\"lazy\" decoding=\"async\" width=\"984\" height=\"940\" src=\"https:\/\/correiodoestado.audiencelabs.com.br\/wp-content\/uploads\/2025\/12\/agenciacorinthians-foto-236612.avif\" alt=\"\" class=\"wp-image-25066\" srcset=\"https:\/\/correiodoestado.audiencelabs.com.br\/wp-content\/uploads\/2025\/12\/agenciacorinthians-foto-236612.avif 984w, https:\/\/correiodoestado.audiencelabs.com.br\/wp-content\/uploads\/2025\/12\/agenciacorinthians-foto-236612-300x287.avif 300w, https:\/\/correiodoestado.audiencelabs.com.br\/wp-content\/uploads\/2025\/12\/agenciacorinthians-foto-236612-768x734.avif 768w, https:\/\/correiodoestado.audiencelabs.com.br\/wp-content\/uploads\/2025\/12\/agenciacorinthians-foto-236612-750x716.avif 750w\" sizes=\"auto, (max-width: 984px) 100vw, 984px\" \/><figcaption class=\"wp-element-caption\">Foto: Rodrigo Coca\/Ag\u00eancia Corinthians<\/figcaption><\/figure>\n\n\n\n<p>Por outro lado, Charles, que tem contrato v\u00e1lido at\u00e9 2028, entrou na mira do Coritiba, time que retornou \u00e0 elite do futebol brasileiro. De acordo com apura\u00e7\u00f5es do ge, Romero n\u00e3o faz parte dos planos do t\u00e9cnico Dorival J\u00fanior, perdendo espa\u00e7o na temporada e detendo sal\u00e1rio elevado. Talles Magno, que est\u00e1 emprestado pelo New York City, n\u00e3o deve ter a estadia ampliada em Itaquera.<\/p>\n\n\n<style>@media (min-width: 992px) {\n    .recomendadorV2Area1 {\n        width: 280px;\n    }\n    .recomendadorV2Area2 {\n        padding: 0px 20px;\n        width: calc(100% - 280px);\n    }\n}\n\n@media (max-width: 992px) {\n    .recomendadorV2Button {\n        margin: 0 auto;\n    }\n    .recomendadorV2Area {\n        flex-direction: column;\n        text-align: center;\n    }\n    .recomendadorV2Area2 {\n        padding: 0px 20px;\n    }\n}\n\n.recomendadorV2Area {\n    background: #eeeeee3d;\n    border-radius: 10px;\n    padding: 15px;\n    display: flex;\n    margin: 15px auto;\n    border: 1px solid #00000014;\n    max-width: 800px;\n}\n\n.recomendadorV2Area1 img {\n    width: 280px;\n    height: auto;\n    border-radius: 8px;\n}\n\n.linkrecomendadorv2 {\n    text-decoration: none !important;\n}\n\n.recomendadorV2Area2 .recomendadorV2Type {\n    text-transform: uppercase;\n    font-weight: 500;\n    font-size: 11px;\n    letter-spacing: 2px;\n    color: #666;\n    margin: 12px 0;\n    display: block;\n}\n\n.recomendadorV2Title h2 {\n    padding-top: 0px !important;\n    margin: 0px !important;\n    border-left: none !important;\n    padding-left: 0px !important;\n    line-height: 1.3;\n    color: #000 !important;\n    font-size: 24px;\n    margin-bottom: 12px !important;\n}\n\n.recomendadorV2Desc {\n    color: #333;\n    margin: 12px 0px !important;\n    font-size: 15px;\n    line-height: 1.5;\n}\n\n.recomendadorV2Button {\n    width: auto;\n    max-width: 200px;\n    margin: 0;\n    display: inline-flex;\n    align-items: center;\n    background: #1D3557;\n    border-radius: 8px;\n    color: #fff;\n    height: 36px;\n    justify-content: center;\n    text-align: center;\n    font-size: 14px;\n    padding: 0 20px;\n    transition: background-color 0.2s ease;\n}\n\n.recomendadorV2Button:hover {\n    background: #2a4d7a;\n}\n\n.recomendadorV2Button:after {\n    margin-top: -2px;\n    content: \"\u2192\";\n    padding: 0px 0px 0px 8px;\n}\n\n.recomendadorV2Alert {\n    text-align: left;\n    font-size: 11px;\n    margin-top: 8px;\n    color: #666;\n}\n\n.recomendadorFixedArea {\n    width: 100%;\n    display: flex;\n    justify-content: center;\n    align-items: center;\n}\n\n@media (min-width: 992px) {\n    #recomendadorFixed {\n        width: 32% !important;\n        left: 5%;\n    }\n    .recomendadorCloseFixed{\n        right: inherit !important;\n        left: 378px !important;\n    }\n}\n\n#recomendadorFixed {\n    width: 90%;\n    box-shadow: 0 10px 20px 0px #00000057;\n    display: none;\n    height: 90px;\n    background: #F6F6F6;\n    position: fixed;\n    flex-direction: row;\n    bottom: 10px;\n    z-index: 9999;\n    border-radius: 16px;\n    padding: 7px 10px;\n}\n\n.recomendadorLeftArea {\n    width: 160px;\n}\n\n.recomendadorRightArea h2 {\n    padding-top: 0px;\n    margin: 2px 0px 4px 0px !important;\n    font-weight: 400;\n    text-align: center;\n    padding-left: 0px !important;\n    color: #000 !important;\n    border-left: none !important;\n    line-height: 20px;\n    font-size: 12px !important;\n}\n\n.recomendadorImgFixed {\n    overflow: hidden;\n    padding: 8px 6px;\n    height: 100%;\n}\n\n.recomendadorImgFixed img {\n    height: 100% !important;\n    border-radius: 16px;\n}\n\n.recomendadorRightArea {\n    padding-top: 6px;\n    display: flex;\n    width: calc(100% - 130px);\n    justify-content: space-between;\n    align-items: center;\n    flex-direction: column;\n}\n\n.recomendadorButtonFixed {\n    margin: 0 auto;\n    background: #1D3557;\n    width: 80%;\n    text-align: center;\n    font-size: 10px;\n    color: #FFF;\n    padding: 2px 10px;\n    border-radius: 3px;\n}\n\n.recomendadorButtonFixed:after {\n    margin-top: -3px;\n    content: \"\u2192\";\n    padding: 0px 0px 0px 10px;\n}\n\n.recomendadorAlertFixed {\n    font-weight: 400;\n    text-align: center;\n    color: #484848;\n    font-size: 8px;\n}\n\n.recomendadorCloseFixed {\n    z-index: 99999;\n    display: none;\n    right: 0px;\n    left: inherit;\n    bottom: 99px;\n    position: fixed;\n    justify-content: center;\n    background: #F6F6F6;\n    width: 25px;\n    align-items: center;\n    height: 25px;\n    font-weight: 800;\n    border-radius: 50%;\n    border: 1px solid #EBEBEB;\n}\n\n.recomendadorV2Desc{\n    color: #000000;\n    margin: 20px 0px;\n}\n\n@media (max-width: 576px) {\n    .recomendadorV2Area {\n      padding: 10px;\n      max-width: 100%;\n    }\n  \n    .recomendadorV2Area1 img {\n      width: 100%;\n      border-radius: 6px;\n    }\n  \n    .recomendadorV2Area2 .recomendadorV2Type {\n      font-size: 9px;\n      letter-spacing: 1px;\n      margin: 8px 0;\n    }\n  \n    .recomendadorV2Title h2 {\n      font-size: 18px !important;\n      margin-bottom: 8px !important;\n      line-height: 1.2;\n    }\n  \n    .recomendadorV2Desc {\n      font-size: 14px;\n      margin: 8px 0 !important;\n      line-height: 1.4;\n    }\n  \n    .recomendadorV2Button {\n      font-size: 12px;\n      height: 30px;\n      padding: 0 12px;\n      max-width: 160px;\n    }\n  \n    .recomendadorV2Button:after {\n      padding-left: 6px;\n    }\n  }\n  <\/style>\n        <div class=\"lazyblock-recomendador-v2-2jDGz wp-block-lazyblock-recomendador-v2\">\n        <a class=\"linkrecomendadorv2\" href=\"https:\/\/correiodoestado.com.br\/mix\/verdao-recebe-r-80-milhoes-da-cbf-antes-do-natal-e-presidente-ja-faz-planos-com-o-dinheiro\/?utm_source=lazy\" target=\"_blank\" rel=\"noopener\">\n            <div class=\"recomendadorV2Area\">\n            <div class=\"recomendadorV2Area1\">\n                <div class=\"recomendadorV2Img\">\n                <img class=\"lazyloaded\" decoding=\"async\" src=\"https:\/\/correiodoestado.com.br\/mix\/wp-content\/uploads\/2025\/12\/3857_A4B6921D6EED3EF8-8-e1766165600247-750x375.jpg\" data-src=\"https:\/\/correiodoestado.com.br\/mix\/wp-content\/uploads\/2025\/12\/3857_A4B6921D6EED3EF8-8-e1766165600247-750x375.jpg\" alt=\"\">\n                <\/div>\n            <\/div>\n            <div class=\"recomendadorV2Area2\">\n                <div class=\"recomendadorV2Type\">\n                    <span>Palmeiras<\/span>\n                <\/div>\n                <div class=\"recomendadorV2Title\">\n                <h2><span>R$80 Milh\u00f5es \ud83d\udcb0<\/span><\/h2>\n                <\/div>\n                <div class=\"recomendadorV2Desc\">\n                <span>CBF libera verba antes do Natal<\/span>\n                <\/div>\n                <div class=\"recomendadorV2Button\">VEJA OS PLANOS<\/div>\n                <div class=\"recomendadorV2Alert\"><\/div>\n            <\/div>\n            <\/div>\n        <\/a>\n        <div>\n            <div style=\"z-index:99999;\" id=\"buttonClose\" onclick=\"closeRecomendadorFixed()\">\n            <div class=\"recomendadorCloseFixed\">X<\/div>\n            <\/div>\n            <a href=\"https:\/\/correiodoestado.com.br\/mix\/verdao-recebe-r-80-milhoes-da-cbf-antes-do-natal-e-presidente-ja-faz-planos-com-o-dinheiro\/?utm_source=lazy\" target=\"_blank\" rel=\"noopener\">\n            <div class=\"recomendadorFixedArea\">\n                <div id=\"recomendadorFixed\">\n                <div class=\"recomendadorLeftArea\">\n                    <div class=\"recomendadorImgFixed\">\n                    <img class=\"lazyload\" decoding=\"async\" src=\"https:\/\/correiodoestado.com.br\/mix\/wp-content\/uploads\/2025\/12\/3857_A4B6921D6EED3EF8-8-e1766165600247-750x375.jpg\" alt=\"\">\n                    <\/div>\n                <\/div>\n                <div class=\"recomendadorRightArea\">\n                    <div class=\"recomendadorTitleFixed\">\n                    <h2><span>R$80 Milh\u00f5es \ud83d\udcb0<\/span><\/h2>\n                    <\/div>\n                    <div class=\"recomendadorButtonFixed\">VEJA OS PLANOS<\/div>\n                    <div class=\"recomendadorAlertFixed\"><\/div>\n                <\/div>\n                <\/div>\n            <\/div>\n            <\/a>\n        <\/div>\n        <\/div>\n\n\n\n<p>A diretoria tamb\u00e9m pretende negociar o zagueiro F\u00e9lix Torres, uma vez que seu empres\u00e1rio foi autorizado a buscar novas propostas. Outros jogadores que s\u00e3o menos aproveitados tamb\u00e9m podem sair. Nessa categoria se enquadram, por exemplo, o lateral-esquerdo Hugo e&nbsp;H\u00e9ctor Hern\u00e1ndez, que desde agosto treina separado do restante do elenco. No mais, Fabrizio Angileri e Maycon est\u00e3o em fim de contrato.<\/p>\n\n\n\n<h2 class=\"wp-block-heading\">Corinthians n\u00e3o descarta vender pe\u00e7as-chave<\/h2>\n\n\n\n<p>Reconhecendo a necessidade de deixar o caixa no azul, o Time do Povo est\u00e1 avaliando a possibilidade de vender jogadores de peso nas pr\u00f3ximas semanas. Com a previs\u00e3o de arrecadar no m\u00ednimo R$ 151 milh\u00f5es com transfer\u00eancias, Yuri Alberto e Gui Neg\u00e3o podem se despedir da torcida do Corinthians. Vistos como ativos de grande escal\u00e3o, receberam, recentemente, sondagens do exterior.<\/p>\n\n\n\n<p>Embora a movimenta\u00e7\u00e3o tenha levantado questionamentos por parte dos torcedores, o planejamento para 2026 foi discutido por dirigentes e comiss\u00e3o t\u00e9cnica ao longo das \u00faltimas semanas, mas a final da Copa do Brasil \u00e9 determinante para definir algumas diretrizes. Assim, o t\u00edtulo em m\u00e3os tende a mudar a trajet\u00f3ria de muitos atletas.<\/p>\n","protected":false},"excerpt":{"rendered":"<p>A final da Copa do Brasil , diante do Vasco da Gama, ser\u00e1 a partida de despedida de v\u00e1rios atletas que n\u00e3o fazem parte do planejamento do Corinthians para a temporada 2026<\/p>\n","protected":false},"author":8,"featured_media":6784,"comment_status":"open","ping_status":"open","sticky":false,"template":"","format":"standard","meta":{"jnews-multi-image_gallery":[],"jnews_single_post":{"format":"standard"},"jnews_primary_category":[],"jnews_social_meta":[],"footnotes":""},"categories":[1],"tags":[],"class_list":["post-25065","post","type-post","status-publish","format-standard","has-post-thumbnail","hentry","category-mix"],"_links":{"self":[{"href":"https:\/\/correiodoestado.audiencelabs.com.br\/wp-json\/wp\/v2\/posts\/25065","targetHints":{"allow":["GET"]}}],"collection":[{"href":"https:\/\/correiodoestado.audiencelabs.com.br\/wp-json\/wp\/v2\/posts"}],"about":[{"href":"https:\/\/correiodoestado.audiencelabs.com.br\/wp-json\/wp\/v2\/types\/post"}],"author":[{"embeddable":true,"href":"https:\/\/correiodoestado.audiencelabs.com.br\/wp-json\/wp\/v2\/users\/8"}],"replies":[{"embeddable":true,"href":"https:\/\/correiodoestado.audiencelabs.com.br\/wp-json\/wp\/v2\/comments?post=25065"}],"version-history":[{"count":3,"href":"https:\/\/correiodoestado.audiencelabs.com.br\/wp-json\/wp\/v2\/posts\/25065\/revisions"}],"predecessor-version":[{"id":25381,"href":"https:\/\/correiodoestado.audiencelabs.com.br\/wp-json\/wp\/v2\/posts\/25065\/revisions\/25381"}],"wp:featuredmedia":[{"embeddable":true,"href":"https:\/\/correiodoestado.audiencelabs.com.br\/wp-json\/wp\/v2\/media\/6784"}],"wp:attachment":[{"href":"https:\/\/correiodoestado.audiencelabs.com.br\/wp-json\/wp\/v2\/media?parent=25065"}],"wp:term":[{"taxonomy":"category","embeddable":true,"href":"https:\/\/correiodoestado.audiencelabs.com.br\/wp-json\/wp\/v2\/categories?post=25065"},{"taxonomy":"post_tag","embeddable":true,"href":"https:\/\/correiodoestado.audiencelabs.com.br\/wp-json\/wp\/v2\/tags?post=25065"}],"curies":[{"name":"wp","href":"https:\/\/api.w.org\/{rel}","templated":true}]}}