{"id":25509,"date":"2025-12-23T15:08:00","date_gmt":"2025-12-23T18:08:00","guid":{"rendered":"https:\/\/correiodoestado.audiencelabs.com.br\/?p=25509"},"modified":"2025-12-23T08:53:36","modified_gmt":"2025-12-23T11:53:36","slug":"aposentados-do-inss-podem-comecar-2026-com-um-acrescimo-de-25-no-valor-do-beneficio","status":"publish","type":"post","link":"https:\/\/correiodoestado.audiencelabs.com.br\/aposentados-do-inss-podem-comecar-2026-com-um-acrescimo-de-25-no-valor-do-beneficio\/","title":{"rendered":"Aposentados do INSS podem come\u00e7ar 2026 com um acr\u00e9scimo de 25% no valor do benef\u00edcio"},"content":{"rendered":"\n<p>A partir de 2026, aposentados do INSS podem ter um aumento relevante no valor mensal recebido, desde que atendam a crit\u00e9rios espec\u00edficos previstos em lei. O acr\u00e9scimo de 25% \u00e9 direcionado a benefici\u00e1rios da aposentadoria por incapacidade permanente que comprovem depend\u00eancia cont\u00ednua de terceiros para realizar atividades b\u00e1sicas do dia a dia.&nbsp;<\/p>\n\n\n\n<p>Esse adicional n\u00e3o \u00e9 autom\u00e1tico e n\u00e3o se aplica a todas as modalidades de aposentadoria. O ponto central da an\u00e1lise n\u00e3o \u00e9 apenas o diagn\u00f3stico m\u00e9dico, mas a depend\u00eancia funcional do segurado.<\/p>\n\n\n\n<p>O INSS avalia se a pessoa necessita de ajuda permanente para a\u00e7\u00f5es como higiene, alimenta\u00e7\u00e3o, locomo\u00e7\u00e3o e organiza\u00e7\u00e3o da rotina. Em 2026, considerando o sal\u00e1rio m\u00ednimo projetado em R$ 1.621, o acr\u00e9scimo pode elevar o benef\u00edcio mensal para aproximadamente R$ 2.026,25.<\/p>\n\n\n\n<figure class=\"wp-block-gallery has-nested-images columns-default is-cropped wp-block-gallery-1 is-layout-flex wp-block-gallery-is-layout-flex\">\n<figure class=\"wp-block-image size-large\"><img loading=\"lazy\" decoding=\"async\" width=\"900\" height=\"600\" data-id=\"25510\" src=\"https:\/\/correiodoestado.audiencelabs.com.br\/wp-content\/uploads\/2025\/12\/aposentadoria-especial.jpg\" alt=\"\" class=\"wp-image-25510\" srcset=\"https:\/\/correiodoestado.audiencelabs.com.br\/wp-content\/uploads\/2025\/12\/aposentadoria-especial.jpg 900w, https:\/\/correiodoestado.audiencelabs.com.br\/wp-content\/uploads\/2025\/12\/aposentadoria-especial-300x200.jpg 300w, https:\/\/correiodoestado.audiencelabs.com.br\/wp-content\/uploads\/2025\/12\/aposentadoria-especial-768x512.jpg 768w, https:\/\/correiodoestado.audiencelabs.com.br\/wp-content\/uploads\/2025\/12\/aposentadoria-especial-750x500.jpg 750w\" sizes=\"auto, (max-width: 900px) 100vw, 900px\" \/><figcaption class=\"wp-element-caption\">Cr\u00e9ditos: Shutterstock<br><\/figcaption><\/figure>\n<\/figure>\n\n\n\n<h2 class=\"wp-block-heading\">Quem tem direito ao acr\u00e9scimo de 25%<\/h2>\n\n\n\n<p>O adicional \u00e9 destinado a aposentados por incapacidade permanente que comprovem, em per\u00edcia m\u00e9dica e social, a necessidade cont\u00ednua de ajuda de terceiros, como nos casos de cegueira total, paralisia, perda de membros, doen\u00e7as que causem acamamento ou altera\u00e7\u00f5es mentais graves.<\/p>\n\n\n\n<p>A per\u00edcia \u00e9 respons\u00e1vel por analisar se essas condi\u00e7\u00f5es geram depend\u00eancia permanente. Mesmo ap\u00f3s a avalia\u00e7\u00e3o m\u00e9dica, o pedido ainda passa por valida\u00e7\u00e3o interna do INSS, o que significa que o resultado final n\u00e3o depende apenas da per\u00edcia presencial, mas tamb\u00e9m da an\u00e1lise administrativa do processo.<\/p>\n\n\n\n<p>O pedido do acr\u00e9scimo de 25% \u00e9 feito pelo Meu INSS, no site ou aplicativo, com CPF e senha, buscando o servi\u00e7o correspondente. A ida \u00e0 ag\u00eancia ocorre apenas se houver convoca\u00e7\u00e3o para per\u00edcia.<\/p>\n\n\n\n<p>Se houver convoca\u00e7\u00e3o, \u00e9 preciso apresentar documento de identifica\u00e7\u00e3o e laudos m\u00e9dicos. O prazo m\u00e9dio de resposta \u00e9 de at\u00e9 45 dias \u00fateis, com acompanhamento pelo sistema, e o servi\u00e7o \u00e9 gratuito.<\/p>\n","protected":false},"excerpt":{"rendered":"<p>A partir de 2026, aposentados do INSS podem ter um aumento relevante no valor mensal recebido, desde que atendam a crit\u00e9rios espec\u00edficos previstos em lei. O acr\u00e9scimo de 25% \u00e9 direcionado a benefici\u00e1rios da aposentadoria por incapacidade permanente que comprovem depend\u00eancia cont\u00ednua de terceiros para realizar atividades b\u00e1sicas do dia a dia.&nbsp; Esse adicional n\u00e3o [&hellip;]<\/p>\n","protected":false},"author":13,"featured_media":25511,"comment_status":"open","ping_status":"open","sticky":false,"template":"","format":"standard","meta":{"jnews-multi-image_gallery":[],"jnews_single_post":{"format":"standard"},"jnews_primary_category":[],"jnews_social_meta":[],"footnotes":""},"categories":[1],"tags":[],"class_list":["post-25509","post","type-post","status-publish","format-standard","has-post-thumbnail","hentry","category-mix"],"_links":{"self":[{"href":"https:\/\/correiodoestado.audiencelabs.com.br\/wp-json\/wp\/v2\/posts\/25509","targetHints":{"allow":["GET"]}}],"collection":[{"href":"https:\/\/correiodoestado.audiencelabs.com.br\/wp-json\/wp\/v2\/posts"}],"about":[{"href":"https:\/\/correiodoestado.audiencelabs.com.br\/wp-json\/wp\/v2\/types\/post"}],"author":[{"embeddable":true,"href":"https:\/\/correiodoestado.audiencelabs.com.br\/wp-json\/wp\/v2\/users\/13"}],"replies":[{"embeddable":true,"href":"https:\/\/correiodoestado.audiencelabs.com.br\/wp-json\/wp\/v2\/comments?post=25509"}],"version-history":[{"count":1,"href":"https:\/\/correiodoestado.audiencelabs.com.br\/wp-json\/wp\/v2\/posts\/25509\/revisions"}],"predecessor-version":[{"id":25512,"href":"https:\/\/correiodoestado.audiencelabs.com.br\/wp-json\/wp\/v2\/posts\/25509\/revisions\/25512"}],"wp:featuredmedia":[{"embeddable":true,"href":"https:\/\/correiodoestado.audiencelabs.com.br\/wp-json\/wp\/v2\/media\/25511"}],"wp:attachment":[{"href":"https:\/\/correiodoestado.audiencelabs.com.br\/wp-json\/wp\/v2\/media?parent=25509"}],"wp:term":[{"taxonomy":"category","embeddable":true,"href":"https:\/\/correiodoestado.audiencelabs.com.br\/wp-json\/wp\/v2\/categories?post=25509"},{"taxonomy":"post_tag","embeddable":true,"href":"https:\/\/correiodoestado.audiencelabs.com.br\/wp-json\/wp\/v2\/tags?post=25509"}],"curies":[{"name":"wp","href":"https:\/\/api.w.org\/{rel}","templated":true}]}}