{"id":26017,"date":"2026-01-01T10:45:00","date_gmt":"2026-01-01T13:45:00","guid":{"rendered":"https:\/\/correiodoestado.audiencelabs.com.br\/?p=26017"},"modified":"2026-01-01T10:28:30","modified_gmt":"2026-01-01T13:28:30","slug":"medicos-confirmam-quando-jair-bolsonaro-vai-deixar-o-hospital-e-retornar-a-cela","status":"publish","type":"post","link":"https:\/\/correiodoestado.audiencelabs.com.br\/medicos-confirmam-quando-jair-bolsonaro-vai-deixar-o-hospital-e-retornar-a-cela\/","title":{"rendered":"M\u00e9dicos confirmam quando Jair Bolsonaro vai deixar o hospital e retornar \u00e0 cela"},"content":{"rendered":"\n<p>O ex-presidente Jair Bolsonaro n\u00e3o teve a sorte da maioria da popula\u00e7\u00e3o brasileiro no final de ano. Ele n\u00e3o aproveitou a virada para 2026 como se esperava e ficou em um quarto no Hospital DF Star em recupera\u00e7\u00e3o de duas cirurgias. No entanto, a tend\u00eancia \u00e9 de que receba alta ainda nesta quinta-feira (01).<\/p>\n\n\n\n<p>Assim, Jair Bolsonaro retornar\u00e1 \u00e0 Superintend\u00eancia da Pol\u00edcia Federal para seguir o cumprimento da pena. O Ministro do Superior Tribunal Federal (STF), Alexandre de Moraes, foi quem autorizou o ex-presidente a deixar a cela com o intuito de realizar as interven\u00e7\u00f5es cir\u00fargicas.<\/p>\n\n\n\n<p>Em conversa com os jornalistas no \u00faltimo dia de 2025, o cardiologista Brasil Caiado revelou o cronograma para a quinta-feira. &#8220;N\u00f3s pretendemos chegar cedo, fazer a avalia\u00e7\u00e3o de rotina e, se n\u00e3o houver nada de diferente, comunicar a superintend\u00eancia da PF, a\u00ed j\u00e1 n\u00e3o depende mais de n\u00f3s&#8221;. Segundo o pr\u00f3prio, a \u201calta j\u00e1 est\u00e1 programada.\u201d<\/p>\n\n\n\n<h2 class=\"wp-block-heading\">Procedimentos de Jair Bolsonaro<\/h2>\n\n\n\n<p>A princ\u00edpio, Jair Bolsonaro s\u00f3 realizaria uma cirurgia de h\u00e9rnia inguinal bilateral. Contudo, enquanto estava em observa\u00e7\u00e3o p\u00f3s o procedimento, o ex-presidente teve uma crise intensa de solu\u00e7os. Os m\u00e9dicos recomendaram e fizeram mais tr\u00eas cirurgias, no m\u00ednimo, para bloquear nervo fr\u00eanico, respons\u00e1vel pelo controle do diafragma.<\/p>\n\n\n\n<p>Agora, o tratamento, segundo o especialista, seguir\u00e1 com medica\u00e7\u00e3o e outras terapias alternativas. Al\u00e9m disso, Jair Bolsonaro precisa de disciplina com o autocuidado na cela.<\/p>\n\n\n\n<p>O espa\u00e7o tem e 12 metros quadrados (m\u00b2) e passou por uma reforma. H\u00e1 paredes brancas, uma cama de solteiro, arm\u00e1rios, mesa de apoio, televis\u00e3o, frigobar, ar-condicionado e uma janela, al\u00e9m de banheiro privativo. O m\u00e9dico Brasil Caiado disse aos jornalistas que Jair Bolsonaro est\u00e1 mais respons\u00e1vel com a pr\u00f3pria condi\u00e7\u00e3o.<\/p>\n\n\n\n<p>\u201cEntendeu a import\u00e2ncia de colaborar em rela\u00e7\u00e3o \u00e0 alimenta\u00e7\u00e3o, a n\u00e3o deitar depois de comer, que \u00e9 um ponto que gera muito refluxo, comendo de forma mais adequada, mais fracionada. Toda a nossa recomenda\u00e7\u00e3o, ele est\u00e1 muito disciplinado e seguindo sempre\u201d, finalizou Brasil Caiado.<\/p>\n","protected":false},"excerpt":{"rendered":"<p>Previs\u00e3o \u00e9 de que o ex-presidente da Rep\u00fablica, Jair Bolsonaro, j\u00e1 esteja na Superintend\u00eancia da Pol\u00edcia Federal nesta quinta-feira<\/p>\n","protected":false},"author":17,"featured_media":25553,"comment_status":"open","ping_status":"open","sticky":false,"template":"","format":"standard","meta":{"jnews-multi-image_gallery":[],"jnews_single_post":{"format":"standard"},"jnews_primary_category":[],"jnews_social_meta":[],"footnotes":""},"categories":[1],"tags":[],"class_list":["post-26017","post","type-post","status-publish","format-standard","has-post-thumbnail","hentry","category-mix"],"_links":{"self":[{"href":"https:\/\/correiodoestado.audiencelabs.com.br\/wp-json\/wp\/v2\/posts\/26017","targetHints":{"allow":["GET"]}}],"collection":[{"href":"https:\/\/correiodoestado.audiencelabs.com.br\/wp-json\/wp\/v2\/posts"}],"about":[{"href":"https:\/\/correiodoestado.audiencelabs.com.br\/wp-json\/wp\/v2\/types\/post"}],"author":[{"embeddable":true,"href":"https:\/\/correiodoestado.audiencelabs.com.br\/wp-json\/wp\/v2\/users\/17"}],"replies":[{"embeddable":true,"href":"https:\/\/correiodoestado.audiencelabs.com.br\/wp-json\/wp\/v2\/comments?post=26017"}],"version-history":[{"count":3,"href":"https:\/\/correiodoestado.audiencelabs.com.br\/wp-json\/wp\/v2\/posts\/26017\/revisions"}],"predecessor-version":[{"id":29228,"href":"https:\/\/correiodoestado.audiencelabs.com.br\/wp-json\/wp\/v2\/posts\/26017\/revisions\/29228"}],"wp:featuredmedia":[{"embeddable":true,"href":"https:\/\/correiodoestado.audiencelabs.com.br\/wp-json\/wp\/v2\/media\/25553"}],"wp:attachment":[{"href":"https:\/\/correiodoestado.audiencelabs.com.br\/wp-json\/wp\/v2\/media?parent=26017"}],"wp:term":[{"taxonomy":"category","embeddable":true,"href":"https:\/\/correiodoestado.audiencelabs.com.br\/wp-json\/wp\/v2\/categories?post=26017"},{"taxonomy":"post_tag","embeddable":true,"href":"https:\/\/correiodoestado.audiencelabs.com.br\/wp-json\/wp\/v2\/tags?post=26017"}],"curies":[{"name":"wp","href":"https:\/\/api.w.org\/{rel}","templated":true}]}}