{"id":26027,"date":"2026-01-01T15:15:00","date_gmt":"2026-01-01T18:15:00","guid":{"rendered":"https:\/\/correiodoestado.audiencelabs.com.br\/?p=26027"},"modified":"2026-01-01T13:09:55","modified_gmt":"2026-01-01T16:09:55","slug":"explosao-durante-a-festa-de-ano-novo-em-bar-causa-tragedia-historica","status":"publish","type":"post","link":"https:\/\/correiodoestado.audiencelabs.com.br\/explosao-durante-a-festa-de-ano-novo-em-bar-causa-tragedia-historica\/","title":{"rendered":"Explos\u00e3o durante a festa de ano novo em bar causa trag\u00e9dia hist\u00f3rica"},"content":{"rendered":"\n<p>Uma festa de ano novo encerrou de forma tr\u00e1gica. Se muitas pessoas conseguiram aproveitar na praia, piscina, companhia de amigos e familiares, um grupo espec\u00edfico n\u00e3o teve a mesma sorte. Pelo contr\u00e1rio, um evento foi v\u00edtima de uma explos\u00e3o que matou cerca de 40 pessoas e deixou outras 100 feridas.<\/p>\n\n\n\n<p>Em um primeiro momento, acredita-se que houve um acidente e n\u00e3o um ataque ou algo do tipo. Pelo menos \u00e9 o recado da promotora Beatrice Pilloud \u00e0 imprensa. A tr\u00e1gica explos\u00e3o ocorreu em um bar chamado <em>Le Constellation<\/em> em um <em>resort<\/em> na cidade de Crans-Montana, na Su\u00ed\u00e7a.<\/p>\n\n\n\n<p>Apesar das considera\u00e7\u00f5es da promotora, a causa ainda foi revelada. A festa de luxo no <em>Le Constellation<\/em> reunia pessoas de diferentes nacionalidades. O levantamento de 40 mortes e de mais 100 pessoas feridas \u00e9 uma estimativa das autoridades su\u00ed\u00e7as, que n\u00e3o divulgam o n\u00famero exato.<\/p>\n\n\n\n<p>Para o resgate e salvamento das pessoas, foram necess\u00e1rios dez helic\u00f3pteros e 40 ambul\u00e2ncias. O Ministro das Rela\u00e7\u00f5es Exteriores da It\u00e1lia, Antonio Tajani, tamb\u00e9m passou informa\u00e7\u00f5es e detalhes. Segundo ele, a prov\u00e1vel causa do inc\u00eandio na festa de ano novo foi uma \u201cbombinha lan\u00e7ada durante as comemora\u00e7\u00f5es\u201d.<\/p>\n\n\n\n<p>A \u00e1rea do bar <em>Le Constellation <\/em>estava praticamente inteira fechada e at\u00e9 com zona a\u00e9rea de exclus\u00e3o imposta. Com o in\u00edcio do inc\u00eandio \u00e0 1 hora da madrugada no dia 01 de janeiro, as autoridades foram os mais \u00e1geis que puderam para evitar um desastre ainda maior.<\/p>\n\n\n\n<p>Nas redes sociais, o presidente federal su\u00ed\u00e7o, Guy Parmelin, lamentou o epis\u00f3dio na virada do ano. \u201cO que era para ser um momento de alegria se transformou, no primeiro dia do ano em Crans-Montana, em um luto que atinge todo pa\u00eds e muito al\u00e9m.\u201d<\/p>\n","protected":false},"excerpt":{"rendered":"<p>Relat\u00f3rio das autoridades informaram que cerca de 40 pessoas morreram e 100 ficaram feridas em explos\u00e3o no ano novo<\/p>\n","protected":false},"author":17,"featured_media":26028,"comment_status":"open","ping_status":"open","sticky":false,"template":"","format":"standard","meta":{"jnews-multi-image_gallery":[],"jnews_single_post":{"format":"standard"},"jnews_primary_category":[],"jnews_social_meta":[],"footnotes":""},"categories":[1],"tags":[],"class_list":["post-26027","post","type-post","status-publish","format-standard","has-post-thumbnail","hentry","category-mix"],"_links":{"self":[{"href":"https:\/\/correiodoestado.audiencelabs.com.br\/wp-json\/wp\/v2\/posts\/26027","targetHints":{"allow":["GET"]}}],"collection":[{"href":"https:\/\/correiodoestado.audiencelabs.com.br\/wp-json\/wp\/v2\/posts"}],"about":[{"href":"https:\/\/correiodoestado.audiencelabs.com.br\/wp-json\/wp\/v2\/types\/post"}],"author":[{"embeddable":true,"href":"https:\/\/correiodoestado.audiencelabs.com.br\/wp-json\/wp\/v2\/users\/17"}],"replies":[{"embeddable":true,"href":"https:\/\/correiodoestado.audiencelabs.com.br\/wp-json\/wp\/v2\/comments?post=26027"}],"version-history":[{"count":3,"href":"https:\/\/correiodoestado.audiencelabs.com.br\/wp-json\/wp\/v2\/posts\/26027\/revisions"}],"predecessor-version":[{"id":29225,"href":"https:\/\/correiodoestado.audiencelabs.com.br\/wp-json\/wp\/v2\/posts\/26027\/revisions\/29225"}],"wp:featuredmedia":[{"embeddable":true,"href":"https:\/\/correiodoestado.audiencelabs.com.br\/wp-json\/wp\/v2\/media\/26028"}],"wp:attachment":[{"href":"https:\/\/correiodoestado.audiencelabs.com.br\/wp-json\/wp\/v2\/media?parent=26027"}],"wp:term":[{"taxonomy":"category","embeddable":true,"href":"https:\/\/correiodoestado.audiencelabs.com.br\/wp-json\/wp\/v2\/categories?post=26027"},{"taxonomy":"post_tag","embeddable":true,"href":"https:\/\/correiodoestado.audiencelabs.com.br\/wp-json\/wp\/v2\/tags?post=26027"}],"curies":[{"name":"wp","href":"https:\/\/api.w.org\/{rel}","templated":true}]}}