{"id":26031,"date":"2026-01-01T15:45:00","date_gmt":"2026-01-01T18:45:00","guid":{"rendered":"https:\/\/correiodoestado.audiencelabs.com.br\/?p=26031"},"modified":"2026-01-01T13:23:27","modified_gmt":"2026-01-01T16:23:27","slug":"santos-bate-o-martelo-e-define-futuro-de-neymar-para-2026","status":"publish","type":"post","link":"https:\/\/correiodoestado.audiencelabs.com.br\/santos-bate-o-martelo-e-define-futuro-de-neymar-para-2026\/","title":{"rendered":"Santos bate o martelo e define futuro de Neymar para 2026"},"content":{"rendered":"\n<p>Neymar fica ou sai do Santos? O atacante camisa 10 retornou ao clube da Vila Belmiro no in\u00edcio do ano, por\u00e9m, a hist\u00f3ria n\u00e3o ocorreu como se esperava. O jogador sofreu com les\u00f5es, desfalcou o elenco em muitas oportunidades e n\u00e3o apresentou n\u00fameros para justificar o sal\u00e1rio ou o <em>status<\/em>.<\/p>\n\n\n\n<p>No entanto, na reta final do Brasileir\u00e3o, Neymar chamou a responsabilidade. O atacante do Santos participou das partidas mesmo com uma contus\u00e3o no joelho e foi important\u00edssimo. Aos 33 anos, marcou cinco gols e deu uma assist\u00eancia nos \u00faltimos quatro compromissos do Brasileir\u00e3o.<\/p>\n\n\n\n<p>Ao todo, na temporada, Neymar foi autor de 11 bolas na rede e quatro assist\u00eancias em 23 apari\u00e7\u00f5es. O contrato do atacante e camisa 10 se encerraria no dia 31 de dezembro. O Santos, por\u00e9m, se adiantou ao t\u00e9rmino do v\u00ednculo para realizar o an\u00fancio sobre o futuro do jogador.<\/p>\n\n\n\n<h2 class=\"wp-block-heading\">Neymar renovou?<\/h2>\n\n\n\n<p>Durante o \u00faltimo dia de 2025, o Santos publicou nas redes sociais que Neymar continua na Vila Belmiro. O novo contrato se estende at\u00e9 o t\u00e9rmino de 2026. O atacante ainda alimenta o sonho de representar a Sele\u00e7\u00e3o Brasileira na Copa do Mundo dos Estados Unidos da Am\u00e9rica, M\u00e9xico e Canad\u00e1.<\/p>\n\n\n\n<p>Contudo, ainda n\u00e3o esteve presente em uma \u00fanica convoca\u00e7\u00e3o do treinador Carlo Ancelotti. Os pr\u00f3ximos meses, em meio ao Campeonato Paulista e in\u00edcio do Brasileir\u00e3o, ser\u00e3o fundamentais para Neymar mostrar ao comandante italiano que merece uma vaga.<\/p>\n\n\n\n<p>A Sele\u00e7\u00e3o Brasileira realiza mais dois amistosos antes de Carlo Ancelotti anunciar a lista para a Copa do Mundo de 2026. Os duelos ser\u00e3o contra a Sele\u00e7\u00e3o Francesa e a Sele\u00e7\u00e3o Croata, nos dias 26 e 31 de mar\u00e7o, respectivamente. Ambos as disputas ser\u00e3o nos Estados Unidos da Am\u00e9rica.<\/p>\n","protected":false},"excerpt":{"rendered":"<p>Diretoria do Santos e o atacante Neymar chegaram em um consenso que foi anunciado no dia 31 de dezembro<\/p>\n","protected":false},"author":17,"featured_media":0,"comment_status":"open","ping_status":"open","sticky":false,"template":"","format":"standard","meta":{"jnews-multi-image_gallery":[],"jnews_single_post":{"format":"standard"},"jnews_primary_category":[],"jnews_social_meta":[],"footnotes":""},"categories":[1],"tags":[],"class_list":["post-26031","post","type-post","status-publish","format-standard","hentry","category-mix"],"_links":{"self":[{"href":"https:\/\/correiodoestado.audiencelabs.com.br\/wp-json\/wp\/v2\/posts\/26031","targetHints":{"allow":["GET"]}}],"collection":[{"href":"https:\/\/correiodoestado.audiencelabs.com.br\/wp-json\/wp\/v2\/posts"}],"about":[{"href":"https:\/\/correiodoestado.audiencelabs.com.br\/wp-json\/wp\/v2\/types\/post"}],"author":[{"embeddable":true,"href":"https:\/\/correiodoestado.audiencelabs.com.br\/wp-json\/wp\/v2\/users\/17"}],"replies":[{"embeddable":true,"href":"https:\/\/correiodoestado.audiencelabs.com.br\/wp-json\/wp\/v2\/comments?post=26031"}],"version-history":[{"count":4,"href":"https:\/\/correiodoestado.audiencelabs.com.br\/wp-json\/wp\/v2\/posts\/26031\/revisions"}],"predecessor-version":[{"id":29226,"href":"https:\/\/correiodoestado.audiencelabs.com.br\/wp-json\/wp\/v2\/posts\/26031\/revisions\/29226"}],"wp:attachment":[{"href":"https:\/\/correiodoestado.audiencelabs.com.br\/wp-json\/wp\/v2\/media?parent=26031"}],"wp:term":[{"taxonomy":"category","embeddable":true,"href":"https:\/\/correiodoestado.audiencelabs.com.br\/wp-json\/wp\/v2\/categories?post=26031"},{"taxonomy":"post_tag","embeddable":true,"href":"https:\/\/correiodoestado.audiencelabs.com.br\/wp-json\/wp\/v2\/tags?post=26031"}],"curies":[{"name":"wp","href":"https:\/\/api.w.org\/{rel}","templated":true}]}}