{"id":26078,"date":"2026-01-02T16:02:00","date_gmt":"2026-01-02T19:02:00","guid":{"rendered":"https:\/\/correiodoestado.audiencelabs.com.br\/?p=26078"},"modified":"2026-01-02T15:50:59","modified_gmt":"2026-01-02T18:50:59","slug":"policia-federal-emite-comunicado-urgente-a-eduardo-bolsonaro","status":"publish","type":"post","link":"https:\/\/correiodoestado.audiencelabs.com.br\/policia-federal-emite-comunicado-urgente-a-eduardo-bolsonaro\/","title":{"rendered":"Pol\u00edcia Federal emite comunicado urgente a Eduardo Bolsonaro"},"content":{"rendered":"\n<p>Eduardo Bolsonaro, muito provavelmente, ir\u00e1 encerrar a estadia nos Estados Unidos da Am\u00e9rica nos pr\u00f3ximos dias. O filho do ex-presidente da Rep\u00fablica, Jair, recebeu uma not\u00edcia diretamente do Di\u00e1rio Oficial da Uni\u00e3o (DOU) e precisar\u00e1 retornar ao Brasil de forma urgente.<\/p>\n\n\n\n<p>No comunicado, \u00e9 determinado que Eduardo Bolsonaro volte a exercer a fun\u00e7\u00e3o de servidor p\u00fablico. Ele era escriv\u00e3o da Pol\u00edcia Federal na Superintend\u00eancia do Rio de Janeiro antes de se tornar Deputado Federal. Contudo, o mandato foi cassado em 18 de dezembro pela Mesa Diretora da C\u00e2mara dos Deputados.<\/p>\n\n\n\n<p>Um dia depois, encerrou o prazo do afastamento de Eduardo Bolsonaro na Pol\u00edcia Federal. Com isso, o filho de Jair precisa se apresentar \u201cpara fins exclusivamente declarat\u00f3rios e de regulariza\u00e7\u00e3o da situa\u00e7\u00e3o oficial\u201d. Por enquanto, n\u00e3o existe manifesta\u00e7\u00e3o por parte do escriv\u00e3o e ex-deputado.<\/p>\n\n\n\n<p>Caso Eduardo Bolsonaro n\u00e3o cumpra com a determina\u00e7\u00e3o, haver\u00e1 a \u201cado\u00e7\u00e3o das provid\u00eancias administrativas e disciplinares cab\u00edveis\u201d. Ou seja, o filho de Jair pode deixar de integrar o quadro de colaboradores da Pol\u00edcia Federal da Superintend\u00eancia do Rio de Janeiro.<\/p>\n\n\n\n<p>A presen\u00e7a de Eduardo Bolsonaro nos Estados Unidos da Am\u00e9rica come\u00e7ou em fevereiro de 2025. O filho de Jair alegou persegui\u00e7\u00e3o pol\u00edtica e judicial no Brasil. Assim, realizou a mudan\u00e7a para o pa\u00eds norte-americano. De l\u00e1, tentou continuar como Deputado Federal por S\u00e3o Paulo, mas n\u00e3o conseguiu.<\/p>\n\n\n\n<p>Ali\u00e1s, a cassa\u00e7\u00e3o do mandato ocorreu justamente pelo ac\u00famulo de faltas nas reuni\u00f5es da C\u00e3mara dos Deputados Ao todo, foram 63 de 78 \u2013 o que representa em torno de 81%. Assim como Eduardo Bolsonaro, o Deputado Federal (Rio de Janeior) Alexandre Ramagem perdeu o mandato por conta do mesmo motivo. Ambos representavam a legenda do Partido Liberal no Poder Legislativo.<\/p>\n","protected":false},"excerpt":{"rendered":"<p>Decreto publicado no Di\u00e1rio Oficial da Uni\u00e3o determina que Eduardo Bolsonaro retome o cargo como escriv\u00e3o de Pol\u00edcia Federal <\/p>\n","protected":false},"author":17,"featured_media":26079,"comment_status":"open","ping_status":"open","sticky":false,"template":"","format":"standard","meta":{"jnews-multi-image_gallery":[],"jnews_single_post":{"format":"standard"},"jnews_primary_category":[],"jnews_social_meta":[],"footnotes":""},"categories":[1],"tags":[],"class_list":["post-26078","post","type-post","status-publish","format-standard","has-post-thumbnail","hentry","category-mix"],"_links":{"self":[{"href":"https:\/\/correiodoestado.audiencelabs.com.br\/wp-json\/wp\/v2\/posts\/26078","targetHints":{"allow":["GET"]}}],"collection":[{"href":"https:\/\/correiodoestado.audiencelabs.com.br\/wp-json\/wp\/v2\/posts"}],"about":[{"href":"https:\/\/correiodoestado.audiencelabs.com.br\/wp-json\/wp\/v2\/types\/post"}],"author":[{"embeddable":true,"href":"https:\/\/correiodoestado.audiencelabs.com.br\/wp-json\/wp\/v2\/users\/17"}],"replies":[{"embeddable":true,"href":"https:\/\/correiodoestado.audiencelabs.com.br\/wp-json\/wp\/v2\/comments?post=26078"}],"version-history":[{"count":2,"href":"https:\/\/correiodoestado.audiencelabs.com.br\/wp-json\/wp\/v2\/posts\/26078\/revisions"}],"predecessor-version":[{"id":26081,"href":"https:\/\/correiodoestado.audiencelabs.com.br\/wp-json\/wp\/v2\/posts\/26078\/revisions\/26081"}],"wp:featuredmedia":[{"embeddable":true,"href":"https:\/\/correiodoestado.audiencelabs.com.br\/wp-json\/wp\/v2\/media\/26079"}],"wp:attachment":[{"href":"https:\/\/correiodoestado.audiencelabs.com.br\/wp-json\/wp\/v2\/media?parent=26078"}],"wp:term":[{"taxonomy":"category","embeddable":true,"href":"https:\/\/correiodoestado.audiencelabs.com.br\/wp-json\/wp\/v2\/categories?post=26078"},{"taxonomy":"post_tag","embeddable":true,"href":"https:\/\/correiodoestado.audiencelabs.com.br\/wp-json\/wp\/v2\/tags?post=26078"}],"curies":[{"name":"wp","href":"https:\/\/api.w.org\/{rel}","templated":true}]}}