{"id":26157,"date":"2026-01-03T10:20:00","date_gmt":"2026-01-03T13:20:00","guid":{"rendered":"https:\/\/correiodoestado.audiencelabs.com.br\/?p=26157"},"modified":"2026-01-03T09:15:55","modified_gmt":"2026-01-03T12:15:55","slug":"protestos-iniciam-ha-quase-duas-semanas-e-continuam-nas-ruas-neste-pais","status":"publish","type":"post","link":"https:\/\/correiodoestado.audiencelabs.com.br\/protestos-iniciam-ha-quase-duas-semanas-e-continuam-nas-ruas-neste-pais\/","title":{"rendered":"Protestos iniciam h\u00e1 quase duas semanas e continuam nas ruas neste pa\u00eds"},"content":{"rendered":"\n<p>A virada do ano n\u00e3o trouxe tantas mudan\u00e7as, pelo menos de imediato, neste pa\u00eds. Uma s\u00e9rie de protestos come\u00e7ou no dia 22 de dezembro e at\u00e9 hoje, 03 de janeiro, continuam. Os sindicatos e movimentos sociais s\u00e3o respons\u00e1veis por organizar as manifesta\u00e7\u00f5es nas ruas com o objetivo de reduzir o pre\u00e7o dos combust\u00edveis.<\/p>\n\n\n\n<p>Um novo decreto presidencial anulou o subs\u00eddio em rela\u00e7\u00e3o aos combust\u00edveis e, assim, os pre\u00e7os do diesel aumentaram em at\u00e9 160%, enquanto da gasolina, 86%. No entanto, os protestos tamb\u00e9m ocorrem por outros dos 121 artigos que a medida do governo implementou em car\u00e1ter \u201cexcepcional\u201d e \u201ctempor\u00e1rio\u201d.<\/p>\n\n\n\n<p>Os protestos ocorrem na Bol\u00edvia, onde o governo espera facilitar o investimento privado, equilibrar as contas p\u00fablicas e favorecer as exporta\u00e7\u00f5es. No decreto presidencial, ainda h\u00e1 justificativa de que o pa\u00eds sofre um \u201cprocesso inflacion\u00e1rio\u201d de \u201cescassez de d\u00f3lares e combust\u00edveis.\u201d<\/p>\n\n\n\n<p>A tentativa de trazer o apoio da popula\u00e7\u00e3o menos favorecida foi aumentar o sal\u00e1rio-m\u00ednimo em 20%. Mesmo assim, os sindicatos e movimentos sociais come\u00e7aram os protestos. Hoje, a previs\u00e3o \u00e9 de que ocorra mais um saindo de Calamarca e chegando \u00e0 capital La Paz.<\/p>\n\n\n\n<p>Os grupos t\u00eam uma reuni\u00e3o com o governo da Bol\u00edvia na pr\u00f3xima segunda-feira para debater o decreto presidencial 5503. Os protestos levam a bloqueios nas ruas, caminhadas e at\u00e9 greve de fome. O principal sindicato \u00e0 frente \u00e9 a Central Oper\u00e1ria da Bol\u00edvia (COB), que classifica as a\u00e7\u00f5es do governo como \u201cpacote neoliberal\u201d.<\/p>\n\n\n\n<p>\u201cEste decreto rifa e vende o nosso pa\u00eds a corpora\u00e7\u00f5es transnacionais, empresas privadas e agroneg\u00f3cios que, infelizmente, se beneficiaram da posi\u00e7\u00e3o deste governo\u201d, protestou o l\u00edder da COB, Mario Argollo, em entrevista concedida para a Telesur.<\/p>\n\n\n\n<h2 class=\"wp-block-heading\">O que diz o presidente da Bol\u00edvia sobre o decreto<\/h2>\n\n\n\n<p>\u201cDerrotaremos o &#8216;Estado obstrucionista&#8217; implementando o sil\u00eancio administrativo positivo, para que nenhum procedimento impe\u00e7a o trabalho do nosso povo, e abriremos as portas ao investimento com 0% de impostos para aqueles que repatriarem seu capital para produzir em nossa terra\u201d, declarou o presidente Rodrigo Paz ao anunciar o decreto presidencial 5503.<\/p>\n","protected":false},"excerpt":{"rendered":"<p>Sindicatos e movimentos sociais lideram protestos desde o dia 22 por conta do aumento exagerado no pre\u00e7o dos combust\u00edveis<\/p>\n","protected":false},"author":17,"featured_media":26164,"comment_status":"open","ping_status":"open","sticky":false,"template":"","format":"standard","meta":{"jnews-multi-image_gallery":[],"jnews_single_post":{"format":"standard"},"jnews_primary_category":[],"jnews_social_meta":[],"footnotes":""},"categories":[1],"tags":[],"class_list":["post-26157","post","type-post","status-publish","format-standard","has-post-thumbnail","hentry","category-mix"],"_links":{"self":[{"href":"https:\/\/correiodoestado.audiencelabs.com.br\/wp-json\/wp\/v2\/posts\/26157","targetHints":{"allow":["GET"]}}],"collection":[{"href":"https:\/\/correiodoestado.audiencelabs.com.br\/wp-json\/wp\/v2\/posts"}],"about":[{"href":"https:\/\/correiodoestado.audiencelabs.com.br\/wp-json\/wp\/v2\/types\/post"}],"author":[{"embeddable":true,"href":"https:\/\/correiodoestado.audiencelabs.com.br\/wp-json\/wp\/v2\/users\/17"}],"replies":[{"embeddable":true,"href":"https:\/\/correiodoestado.audiencelabs.com.br\/wp-json\/wp\/v2\/comments?post=26157"}],"version-history":[{"count":2,"href":"https:\/\/correiodoestado.audiencelabs.com.br\/wp-json\/wp\/v2\/posts\/26157\/revisions"}],"predecessor-version":[{"id":26160,"href":"https:\/\/correiodoestado.audiencelabs.com.br\/wp-json\/wp\/v2\/posts\/26157\/revisions\/26160"}],"wp:featuredmedia":[{"embeddable":true,"href":"https:\/\/correiodoestado.audiencelabs.com.br\/wp-json\/wp\/v2\/media\/26164"}],"wp:attachment":[{"href":"https:\/\/correiodoestado.audiencelabs.com.br\/wp-json\/wp\/v2\/media?parent=26157"}],"wp:term":[{"taxonomy":"category","embeddable":true,"href":"https:\/\/correiodoestado.audiencelabs.com.br\/wp-json\/wp\/v2\/categories?post=26157"},{"taxonomy":"post_tag","embeddable":true,"href":"https:\/\/correiodoestado.audiencelabs.com.br\/wp-json\/wp\/v2\/tags?post=26157"}],"curies":[{"name":"wp","href":"https:\/\/api.w.org\/{rel}","templated":true}]}}