{"id":26180,"date":"2026-01-04T11:45:00","date_gmt":"2026-01-04T14:45:00","guid":{"rendered":"https:\/\/correiodoestado.audiencelabs.com.br\/?p=26180"},"modified":"2026-01-04T10:23:10","modified_gmt":"2026-01-04T13:23:10","slug":"ministerio-da-saude-faz-anuncio-de-mudancas-em-beneficio-para-pessoa-idosa","status":"publish","type":"post","link":"https:\/\/correiodoestado.audiencelabs.com.br\/ministerio-da-saude-faz-anuncio-de-mudancas-em-beneficio-para-pessoa-idosa\/","title":{"rendered":"Minist\u00e9rio da Sa\u00fade faz an\u00fancio de mudan\u00e7as em benef\u00edcio para pessoa idosa"},"content":{"rendered":"\n<p>Na \u00faltima sexta-feira (02), o Minist\u00e9rio da Sa\u00fade fez um an\u00fancio direcionado a profissionais da sa\u00fade e \u00e0 pessoa idosa. O Governo Federal implementou mudan\u00e7as em um documento fundamental para as pessoas de mais idade dentro do Brasil e trouxe mais benef\u00edcios.<\/p>\n\n\n\n<p>Segundo as informa\u00e7\u00f5es, o Minist\u00e9rio da Sa\u00fade atualizou a Caderneta da Pessoa Idosa com informa\u00e7\u00f5es de sa\u00fade mental, preven\u00e7\u00e3o de viol\u00eancia, cuidados paliativos e seguridade social. Tamb\u00e9m aparecem novos par\u00e2metros do \u00cdndice de Vulnerabilidade Cl\u00ednico-Funcional \u2013 avalia fragilidades e necessidades espec\u00edficas de cada pessoa idosa.<\/p>\n\n\n\n<p>No <em>layout<\/em>, os conte\u00fados s\u00e3o apresentados em fontes maiores, com ilustra\u00e7\u00f5es e <em>QR Code\u2019s<\/em> que direcionam os usu\u00e1rios a conte\u00fados de educa\u00e7\u00e3o em sa\u00fade. O Minist\u00e9rio da Sa\u00fade aponta que as atualiza\u00e7\u00f5es chegam \u00e0 Caderneta da Pessoa Idosa para \u201cmais acess\u00edvel, acolhedor e robusto, funcionando como um elo entre a pessoa idosa, seus familiares e as equipes de sa\u00fade\u201d.<\/p>\n\n\n\n<p>A Caderneta da Pessoa Idosa ser\u00e1 distribu\u00edda em todo o territ\u00f3rio nacional. Contudo, o material j\u00e1 est\u00e1 dispon\u00edvel no site do Minist\u00e9rio da Sa\u00fade. Sem contar que, a pasta pretende implementar o documento no aplicativo Meu SUS Digital ainda em 2026, mas n\u00e3o h\u00e1 detalhes sobre a data.<\/p>\n\n\n\n<p>No comunicado oficial sobre as mudan\u00e7as , o Minist\u00e9rio da Sa\u00fade disse que \u201cAl\u00e9m de organizar o hist\u00f3rico cl\u00ednico, o material agora incorpora novos elementos que levam em considera\u00e7\u00e3o a diversidade e a realidade social dos mais de 32 milh\u00f5es de brasileiros com 60 anos ou mais.\u201d<\/p>\n\n\n\n<h2 class=\"wp-block-heading\">O que \u00e9 a Caderneta da Pessoa Idosa?<\/h2>\n\n\n\n<p>O documento \u00e9 utilizado pela pessoa idosa, brasileiros e brasileiras e por profissionais de sa\u00fade. No instrumento, h\u00e1 registro de consultas, vacinas, medicamentos e resultados de exames. Al\u00e9m disso, h\u00e1 detalhes em rela\u00e7\u00e3o aos direitos da pessoa idosa, de dicas de alimenta\u00e7\u00e3o saud\u00e1vel, servi\u00e7os e telefones \u00fateis.<\/p>\n\n\n\n<p><\/p>\n","protected":false},"excerpt":{"rendered":"<p>An\u00fancio do Minist\u00e9rio da Sa\u00fade ocorreu na sexta-feira e diz respeito \u00e0 Caderneta da Pessoa Idosa, que foi atualizada com novas informa\u00e7\u00f5es<\/p>\n","protected":false},"author":17,"featured_media":26181,"comment_status":"open","ping_status":"open","sticky":false,"template":"","format":"standard","meta":{"jnews-multi-image_gallery":[],"jnews_single_post":{"format":"standard"},"jnews_primary_category":[],"jnews_social_meta":[],"footnotes":""},"categories":[1],"tags":[],"class_list":["post-26180","post","type-post","status-publish","format-standard","has-post-thumbnail","hentry","category-mix"],"_links":{"self":[{"href":"https:\/\/correiodoestado.audiencelabs.com.br\/wp-json\/wp\/v2\/posts\/26180","targetHints":{"allow":["GET"]}}],"collection":[{"href":"https:\/\/correiodoestado.audiencelabs.com.br\/wp-json\/wp\/v2\/posts"}],"about":[{"href":"https:\/\/correiodoestado.audiencelabs.com.br\/wp-json\/wp\/v2\/types\/post"}],"author":[{"embeddable":true,"href":"https:\/\/correiodoestado.audiencelabs.com.br\/wp-json\/wp\/v2\/users\/17"}],"replies":[{"embeddable":true,"href":"https:\/\/correiodoestado.audiencelabs.com.br\/wp-json\/wp\/v2\/comments?post=26180"}],"version-history":[{"count":3,"href":"https:\/\/correiodoestado.audiencelabs.com.br\/wp-json\/wp\/v2\/posts\/26180\/revisions"}],"predecessor-version":[{"id":26184,"href":"https:\/\/correiodoestado.audiencelabs.com.br\/wp-json\/wp\/v2\/posts\/26180\/revisions\/26184"}],"wp:featuredmedia":[{"embeddable":true,"href":"https:\/\/correiodoestado.audiencelabs.com.br\/wp-json\/wp\/v2\/media\/26181"}],"wp:attachment":[{"href":"https:\/\/correiodoestado.audiencelabs.com.br\/wp-json\/wp\/v2\/media?parent=26180"}],"wp:term":[{"taxonomy":"category","embeddable":true,"href":"https:\/\/correiodoestado.audiencelabs.com.br\/wp-json\/wp\/v2\/categories?post=26180"},{"taxonomy":"post_tag","embeddable":true,"href":"https:\/\/correiodoestado.audiencelabs.com.br\/wp-json\/wp\/v2\/tags?post=26180"}],"curies":[{"name":"wp","href":"https:\/\/api.w.org\/{rel}","templated":true}]}}