{"id":26193,"date":"2026-01-04T16:20:00","date_gmt":"2026-01-04T19:20:00","guid":{"rendered":"https:\/\/correiodoestado.audiencelabs.com.br\/?p=26193"},"modified":"2026-01-06T16:41:55","modified_gmt":"2026-01-06T19:41:55","slug":"venezuela-decide-lider-apos-captura-de-nicolas-maduro-pelos-eua","status":"publish","type":"post","link":"https:\/\/correiodoestado.audiencelabs.com.br\/venezuela-decide-lider-apos-captura-de-nicolas-maduro-pelos-eua\/","title":{"rendered":"Venezuela decide l\u00edder ap\u00f3s captura de Nicol\u00e1s Maduro pelos EUA"},"content":{"rendered":"\n<p>&#8220;N\u00f3s vamos administrar o pa\u00eds at\u00e9 o momento em que pudermos, temos certeza de que haver\u00e1 uma transi\u00e7\u00e3o adequada, justa e legal. Queremos liberdade e justi\u00e7a para o grande povo da Venezuela\u201d. Foi assim que o presidente dos Estados Unidos da Am\u00e9rica, Donald Trump, se manifestou em rela\u00e7\u00e3o \u00e0 situa\u00e7\u00e3o do pa\u00eds latino-americano ap\u00f3s o ataque.<\/p>\n\n\n\n<p>No entanto, as autoridades de diversos outros Estados, al\u00e9m da pr\u00f3pria Venezuela, n\u00e3o aceitar\u00e3o os Estados Unidos da Am\u00e9rica como \u201cpresidente\u201d. O pa\u00eds sul-americano, inclusive, j\u00e1 anunciou quem assume o governo na aus\u00eancia de Nicol\u00e1s Maduro, capturado pelas for\u00e7as armadas.<\/p>\n\n\n\n<p>O Supremo Tribunal de Justi\u00e7a da Venezuela (TSJ) divulgou neste final de semana que a vice-presidente do executivo, Delcy Rodr\u00edguez, ficar\u00e1 no cargo enquanto Maduro segue nos Estados Unidos da Am\u00e9rica. O l\u00edder do regime tende a enfrentar um julgamento por suposto envolvimento no narcotr\u00e1fico.<\/p>\n\n\n\n<p>Assim, Delcy Rodr\u00edguez se torna a primeira mulher a ser presidente na Venezuela. Nesta segunda-feira (05), haveria o evento para a tomada de posse do novo parlamento no pa\u00eds com mandato at\u00e9 2031. Contudo, a festa dificilmente deve ocorrer. Tamb\u00e9m n\u00e3o h\u00e1 detalhes sobre quando a vice-presidente receber\u00e1 a cerim\u00f4nia de posse.<\/p>\n\n\n\n<h2 class=\"wp-block-heading\">Quem o Brasil reconhece como presidente da Venezuela?<\/h2>\n\n\n<style>@media (min-width: 992px) {\n    .recomendadorV2Area1 {\n        width: 280px;\n    }\n    .recomendadorV2Area2 {\n        padding: 0px 20px;\n        width: calc(100% - 280px);\n    }\n}\n\n@media (max-width: 992px) {\n    .recomendadorV2Button {\n        margin: 0 auto;\n    }\n    .recomendadorV2Area {\n        flex-direction: column;\n        text-align: center;\n    }\n    .recomendadorV2Area2 {\n        padding: 0px 20px;\n    }\n}\n\n.recomendadorV2Area {\n    background: #eeeeee3d;\n    border-radius: 10px;\n    padding: 15px;\n    display: flex;\n    margin: 15px auto;\n    border: 1px solid #00000014;\n    max-width: 800px;\n}\n\n.recomendadorV2Area1 img {\n    width: 280px;\n    height: auto;\n    border-radius: 8px;\n}\n\n.linkrecomendadorv2 {\n    text-decoration: none !important;\n}\n\n.recomendadorV2Area2 .recomendadorV2Type {\n    text-transform: uppercase;\n    font-weight: 500;\n    font-size: 11px;\n    letter-spacing: 2px;\n    color: #666;\n    margin: 12px 0;\n    display: block;\n}\n\n.recomendadorV2Title h2 {\n    padding-top: 0px !important;\n    margin: 0px !important;\n    border-left: none !important;\n    padding-left: 0px !important;\n    line-height: 1.3;\n    color: #000 !important;\n    font-size: 24px;\n    margin-bottom: 12px !important;\n}\n\n.recomendadorV2Desc {\n    color: #333;\n    margin: 12px 0px !important;\n    font-size: 15px;\n    line-height: 1.5;\n}\n\n.recomendadorV2Button {\n    width: auto;\n    max-width: 200px;\n    margin: 0;\n    display: inline-flex;\n    align-items: center;\n    background: #1D3557;\n    border-radius: 8px;\n    color: #fff;\n    height: 36px;\n    justify-content: center;\n    text-align: center;\n    font-size: 14px;\n    padding: 0 20px;\n    transition: background-color 0.2s ease;\n}\n\n.recomendadorV2Button:hover {\n    background: #2a4d7a;\n}\n\n.recomendadorV2Button:after {\n    margin-top: -2px;\n    content: \"\u2192\";\n    padding: 0px 0px 0px 8px;\n}\n\n.recomendadorV2Alert {\n    text-align: left;\n    font-size: 11px;\n    margin-top: 8px;\n    color: #666;\n}\n\n.recomendadorFixedArea {\n    width: 100%;\n    display: flex;\n    justify-content: center;\n    align-items: center;\n}\n\n@media (min-width: 992px) {\n    #recomendadorFixed {\n        width: 32% !important;\n        left: 5%;\n    }\n    .recomendadorCloseFixed{\n        right: inherit !important;\n        left: 378px !important;\n    }\n}\n\n#recomendadorFixed {\n    width: 90%;\n    box-shadow: 0 10px 20px 0px #00000057;\n    display: none;\n    height: 90px;\n    background: #F6F6F6;\n    position: fixed;\n    flex-direction: row;\n    bottom: 10px;\n    z-index: 9999;\n    border-radius: 16px;\n    padding: 7px 10px;\n}\n\n.recomendadorLeftArea {\n    width: 160px;\n}\n\n.recomendadorRightArea h2 {\n    padding-top: 0px;\n    margin: 2px 0px 4px 0px !important;\n    font-weight: 400;\n    text-align: center;\n    padding-left: 0px !important;\n    color: #000 !important;\n    border-left: none !important;\n    line-height: 20px;\n    font-size: 12px !important;\n}\n\n.recomendadorImgFixed {\n    overflow: hidden;\n    padding: 8px 6px;\n    height: 100%;\n}\n\n.recomendadorImgFixed img {\n    height: 100% !important;\n    border-radius: 16px;\n}\n\n.recomendadorRightArea {\n    padding-top: 6px;\n    display: flex;\n    width: calc(100% - 130px);\n    justify-content: space-between;\n    align-items: center;\n    flex-direction: column;\n}\n\n.recomendadorButtonFixed {\n    margin: 0 auto;\n    background: #1D3557;\n    width: 80%;\n    text-align: center;\n    font-size: 10px;\n    color: #FFF;\n    padding: 2px 10px;\n    border-radius: 3px;\n}\n\n.recomendadorButtonFixed:after {\n    margin-top: -3px;\n    content: \"\u2192\";\n    padding: 0px 0px 0px 10px;\n}\n\n.recomendadorAlertFixed {\n    font-weight: 400;\n    text-align: center;\n    color: #484848;\n    font-size: 8px;\n}\n\n.recomendadorCloseFixed {\n    z-index: 99999;\n    display: none;\n    right: 0px;\n    left: inherit;\n    bottom: 99px;\n    position: fixed;\n    justify-content: center;\n    background: #F6F6F6;\n    width: 25px;\n    align-items: center;\n    height: 25px;\n    font-weight: 800;\n    border-radius: 50%;\n    border: 1px solid #EBEBEB;\n}\n\n.recomendadorV2Desc{\n    color: #000000;\n    margin: 20px 0px;\n}\n\n@media (max-width: 576px) {\n    .recomendadorV2Area {\n      padding: 10px;\n      max-width: 100%;\n    }\n  \n    .recomendadorV2Area1 img {\n      width: 100%;\n      border-radius: 6px;\n    }\n  \n    .recomendadorV2Area2 .recomendadorV2Type {\n      font-size: 9px;\n      letter-spacing: 1px;\n      margin: 8px 0;\n    }\n  \n    .recomendadorV2Title h2 {\n      font-size: 18px !important;\n      margin-bottom: 8px !important;\n      line-height: 1.2;\n    }\n  \n    .recomendadorV2Desc {\n      font-size: 14px;\n      margin: 8px 0 !important;\n      line-height: 1.4;\n    }\n  \n    .recomendadorV2Button {\n      font-size: 12px;\n      height: 30px;\n      padding: 0 12px;\n      max-width: 160px;\n    }\n  \n    .recomendadorV2Button:after {\n      padding-left: 6px;\n    }\n  }\n  <\/style>\n        <div class=\"lazyblock-recomendador-v2-2jDGz wp-block-lazyblock-recomendador-v2\">\n        <a class=\"linkrecomendadorv2\" href=\"https:\/\/correiodoestado.com.br\/mix\/enquanto-o-homem-mais-rico-da-venezuela-tem-r-40-bilhoes-fortuna-de-nicolas-maduro-nao-chega-nem-perto\/?utm_source=lazy\" target=\"_blank\" rel=\"noopener\">\n            <div class=\"recomendadorV2Area\">\n            <div class=\"recomendadorV2Area1\">\n                <div class=\"recomendadorV2Img\">\n                <img class=\"lazyloaded\" decoding=\"async\" src=\"https:\/\/correiodoestado.com.br\/mix\/wp-content\/uploads\/2026\/01\/05312902-1140x570.jpg\" data-src=\"https:\/\/correiodoestado.com.br\/mix\/wp-content\/uploads\/2026\/01\/05312902-1140x570.jpg\" alt=\"\">\n                <\/div>\n            <\/div>\n            <div class=\"recomendadorV2Area2\">\n                <div class=\"recomendadorV2Type\">\n                    <span>Fortunas reais<\/span>\n                <\/div>\n                <div class=\"recomendadorV2Title\">\n                <h2><span>Maduro \u00e9 rico? \ud83d\udcb8<\/span><\/h2>\n                <\/div>\n                <div class=\"recomendadorV2Desc\">\n                <span>Veja a fortuna do l\u00edder venezuelano<\/span>\n                <\/div>\n                <div class=\"recomendadorV2Button\">Descubra agora<\/div>\n                <div class=\"recomendadorV2Alert\"><\/div>\n            <\/div>\n            <\/div>\n        <\/a>\n        <div>\n            <div style=\"z-index:99999;\" id=\"buttonClose\" onclick=\"closeRecomendadorFixed()\">\n            <div class=\"recomendadorCloseFixed\">X<\/div>\n            <\/div>\n            <a href=\"https:\/\/correiodoestado.com.br\/mix\/enquanto-o-homem-mais-rico-da-venezuela-tem-r-40-bilhoes-fortuna-de-nicolas-maduro-nao-chega-nem-perto\/?utm_source=lazy\" target=\"_blank\" rel=\"noopener\">\n            <div class=\"recomendadorFixedArea\">\n                <div id=\"recomendadorFixed\">\n                <div class=\"recomendadorLeftArea\">\n                    <div class=\"recomendadorImgFixed\">\n                    <img class=\"lazyload\" decoding=\"async\" src=\"https:\/\/correiodoestado.com.br\/mix\/wp-content\/uploads\/2026\/01\/05312902-1140x570.jpg\" alt=\"\">\n                    <\/div>\n                <\/div>\n                <div class=\"recomendadorRightArea\">\n                    <div class=\"recomendadorTitleFixed\">\n                    <h2><span>Maduro \u00e9 rico? \ud83d\udcb8<\/span><\/h2>\n                    <\/div>\n                    <div class=\"recomendadorButtonFixed\">Descubra agora<\/div>\n                    <div class=\"recomendadorAlertFixed\"><\/div>\n                <\/div>\n                <\/div>\n            <\/div>\n            <\/a>\n        <\/div>\n        <\/div>\n\n\n\n<p>A Ministra interina do Minist\u00e9rio de Rela\u00e7\u00f5es Exteriores do Brasil, Maria Laura Rocha, informou que reconhece o governo de Delcy Rodr\u00edguez como leg\u00edtimo. Al\u00e9m disso, o presidente da Rep\u00fablica, Lula, condenou veementemente o ataque dos EUA contra a Venezuela.<\/p>\n\n\n\n<p>Sem muitas explica\u00e7\u00f5es, Maria Laura Rocha disse aos jornalistas: \u201cSe na aus\u00eancia do atual presidente Maduro, \u00e9 a vice-presidente. Ela est\u00e1 como presidente interina\u201d. O momento pol\u00edtico n\u00e3o s\u00f3 no Brasil, como em todo o planeta sofre consequ\u00eancias das atitudes dos EUA. Uns aprovam a captura, por\u00e9m, a grande maioria reprova e busca ajuda supranacional.<\/p>\n","protected":false},"excerpt":{"rendered":"<p>Vice-presidente executiva, Delcy Rodr\u00edguez, assumir\u00e1 o governo da Venezuela na aus\u00eancia de Nicol\u00e1s Maduro<\/p>\n","protected":false},"author":17,"featured_media":26194,"comment_status":"open","ping_status":"open","sticky":false,"template":"","format":"standard","meta":{"jnews-multi-image_gallery":[],"jnews_single_post":{"format":"standard"},"jnews_primary_category":[],"jnews_social_meta":[],"footnotes":""},"categories":[1],"tags":[],"class_list":["post-26193","post","type-post","status-publish","format-standard","has-post-thumbnail","hentry","category-mix"],"_links":{"self":[{"href":"https:\/\/correiodoestado.audiencelabs.com.br\/wp-json\/wp\/v2\/posts\/26193","targetHints":{"allow":["GET"]}}],"collection":[{"href":"https:\/\/correiodoestado.audiencelabs.com.br\/wp-json\/wp\/v2\/posts"}],"about":[{"href":"https:\/\/correiodoestado.audiencelabs.com.br\/wp-json\/wp\/v2\/types\/post"}],"author":[{"embeddable":true,"href":"https:\/\/correiodoestado.audiencelabs.com.br\/wp-json\/wp\/v2\/users\/17"}],"replies":[{"embeddable":true,"href":"https:\/\/correiodoestado.audiencelabs.com.br\/wp-json\/wp\/v2\/comments?post=26193"}],"version-history":[{"count":4,"href":"https:\/\/correiodoestado.audiencelabs.com.br\/wp-json\/wp\/v2\/posts\/26193\/revisions"}],"predecessor-version":[{"id":29130,"href":"https:\/\/correiodoestado.audiencelabs.com.br\/wp-json\/wp\/v2\/posts\/26193\/revisions\/29130"}],"wp:featuredmedia":[{"embeddable":true,"href":"https:\/\/correiodoestado.audiencelabs.com.br\/wp-json\/wp\/v2\/media\/26194"}],"wp:attachment":[{"href":"https:\/\/correiodoestado.audiencelabs.com.br\/wp-json\/wp\/v2\/media?parent=26193"}],"wp:term":[{"taxonomy":"category","embeddable":true,"href":"https:\/\/correiodoestado.audiencelabs.com.br\/wp-json\/wp\/v2\/categories?post=26193"},{"taxonomy":"post_tag","embeddable":true,"href":"https:\/\/correiodoestado.audiencelabs.com.br\/wp-json\/wp\/v2\/tags?post=26193"}],"curies":[{"name":"wp","href":"https:\/\/api.w.org\/{rel}","templated":true}]}}