{"id":26202,"date":"2026-01-05T10:21:00","date_gmt":"2026-01-05T13:21:00","guid":{"rendered":"https:\/\/correiodoestado.audiencelabs.com.br\/?p=26202"},"modified":"2026-01-05T16:32:03","modified_gmt":"2026-01-05T19:32:03","slug":"destino-paradisiaco-do-brasil-tenta-evitar-estadias-longas-e-cobra-taxa-de-r-67285-de-quem-passar-uma-semana","status":"publish","type":"post","link":"https:\/\/correiodoestado.audiencelabs.com.br\/destino-paradisiaco-do-brasil-tenta-evitar-estadias-longas-e-cobra-taxa-de-r-67285-de-quem-passar-uma-semana\/","title":{"rendered":"Destino paradis\u00edaco do Brasil tenta evitar estadias longas e cobra taxa de R$ 672,85 de quem passar uma semana"},"content":{"rendered":"\n<p>Com o ver\u00e3o entrando em destaque nas \u00faltimas semanas, o setor de viagens ligou o sinal de alerta em meio \u00e0 alta demanda de turistas. Ocupando o status de ser um dos destinos do <a href=\"https:\/\/correiodoestado.com.br\/mix\/rio-mais-poluido-do-brasil-ganha-cara-nova-sem-mau-cheiro-e-tem-ate-passeio-de-barco\/\" target=\"_blank\" rel=\"noopener\">Brasil <\/a>mais procurados por turistas, Fernando de Noronha implantou a cobran\u00e7a de taxas, medida que tem a finalidade de evitar estadias longas na regi\u00e3o pernambucana.<\/p>\n\n\n\n<p>Priorizando a preserva\u00e7\u00e3o do territ\u00f3rio biol\u00f3gico, as autoridades aprovaram o aumento da Taxa de Preserva\u00e7\u00e3o Ambiental (TPA), cobrada de todos os turistas que visitam Fernando de Noronha. A princ\u00edpio, o valor antigo correspondia a R$ 101,33 por dia, mas foi reajustado para R$ 105,79. Por outro lado, aqueles visitantes que permanecerem na regi\u00e3o por uma semana ter\u00e3o que desembolsar R$ 672,85.<\/p>\n\n\n\n<figure class=\"wp-block-image size-full\"><img decoding=\"async\" src=\"https:\/\/correiodoestado.audiencelabs.com.br\/wp-content\/uploads\/2025\/12\/Fernando-de-Noronha-1024x682-1.webp\" alt=\"\" class=\"wp-image-22496\"\/><figcaption class=\"wp-element-caption\">Foto: Natasha Olsen<\/figcaption><\/figure>\n\n\n\n<p>Em vigor desde a \u00faltima quinta-feira (1\u00ba), a medida tem gerado grandes discuss\u00f5es entre os turistas, principalmente devido ao fato de que as ofertas de servi\u00e7os permanecem inalteradas. Por sua vez, \u00e9 v\u00e1lido destacar que o reajuste est\u00e1 previsto em lei e ocorre todos os anos. O c\u00e1lculo \u00e9 realizado com base na varia\u00e7\u00e3o acumulada do \u00cdndice Nacional de Pre\u00e7os ao Consumidor Amplo (IPCA).<\/p>\n\n\n\n<h2 class=\"wp-block-heading\">Novas mudan\u00e7as ligam o sinal de alerta<\/h2>\n\n\n<style>@media (min-width: 992px) {\n    .recomendadorV2Area1 {\n        width: 280px;\n    }\n    .recomendadorV2Area2 {\n        padding: 0px 20px;\n        width: calc(100% - 280px);\n    }\n}\n\n@media (max-width: 992px) {\n    .recomendadorV2Button {\n        margin: 0 auto;\n    }\n    .recomendadorV2Area {\n        flex-direction: column;\n        text-align: center;\n    }\n    .recomendadorV2Area2 {\n        padding: 0px 20px;\n    }\n}\n\n.recomendadorV2Area {\n    background: #eeeeee3d;\n    border-radius: 10px;\n    padding: 15px;\n    display: flex;\n    margin: 15px auto;\n    border: 1px solid #00000014;\n    max-width: 800px;\n}\n\n.recomendadorV2Area1 img {\n    width: 280px;\n    height: auto;\n    border-radius: 8px;\n}\n\n.linkrecomendadorv2 {\n    text-decoration: none !important;\n}\n\n.recomendadorV2Area2 .recomendadorV2Type {\n    text-transform: uppercase;\n    font-weight: 500;\n    font-size: 11px;\n    letter-spacing: 2px;\n    color: #666;\n    margin: 12px 0;\n    display: block;\n}\n\n.recomendadorV2Title h2 {\n    padding-top: 0px !important;\n    margin: 0px !important;\n    border-left: none !important;\n    padding-left: 0px !important;\n    line-height: 1.3;\n    color: #000 !important;\n    font-size: 24px;\n    margin-bottom: 12px !important;\n}\n\n.recomendadorV2Desc {\n    color: #333;\n    margin: 12px 0px !important;\n    font-size: 15px;\n    line-height: 1.5;\n}\n\n.recomendadorV2Button {\n    width: auto;\n    max-width: 200px;\n    margin: 0;\n    display: inline-flex;\n    align-items: center;\n    background: #1D3557;\n    border-radius: 8px;\n    color: #fff;\n    height: 36px;\n    justify-content: center;\n    text-align: center;\n    font-size: 14px;\n    padding: 0 20px;\n    transition: background-color 0.2s ease;\n}\n\n.recomendadorV2Button:hover {\n    background: #2a4d7a;\n}\n\n.recomendadorV2Button:after {\n    margin-top: -2px;\n    content: \"\u2192\";\n    padding: 0px 0px 0px 8px;\n}\n\n.recomendadorV2Alert {\n    text-align: left;\n    font-size: 11px;\n    margin-top: 8px;\n    color: #666;\n}\n\n.recomendadorFixedArea {\n    width: 100%;\n    display: flex;\n    justify-content: center;\n    align-items: center;\n}\n\n@media (min-width: 992px) {\n    #recomendadorFixed {\n        width: 32% !important;\n        left: 5%;\n    }\n    .recomendadorCloseFixed{\n        right: inherit !important;\n        left: 378px !important;\n    }\n}\n\n#recomendadorFixed {\n    width: 90%;\n    box-shadow: 0 10px 20px 0px #00000057;\n    display: none;\n    height: 90px;\n    background: #F6F6F6;\n    position: fixed;\n    flex-direction: row;\n    bottom: 10px;\n    z-index: 9999;\n    border-radius: 16px;\n    padding: 7px 10px;\n}\n\n.recomendadorLeftArea {\n    width: 160px;\n}\n\n.recomendadorRightArea h2 {\n    padding-top: 0px;\n    margin: 2px 0px 4px 0px !important;\n    font-weight: 400;\n    text-align: center;\n    padding-left: 0px !important;\n    color: #000 !important;\n    border-left: none !important;\n    line-height: 20px;\n    font-size: 12px !important;\n}\n\n.recomendadorImgFixed {\n    overflow: hidden;\n    padding: 8px 6px;\n    height: 100%;\n}\n\n.recomendadorImgFixed img {\n    height: 100% !important;\n    border-radius: 16px;\n}\n\n.recomendadorRightArea {\n    padding-top: 6px;\n    display: flex;\n    width: calc(100% - 130px);\n    justify-content: space-between;\n    align-items: center;\n    flex-direction: column;\n}\n\n.recomendadorButtonFixed {\n    margin: 0 auto;\n    background: #1D3557;\n    width: 80%;\n    text-align: center;\n    font-size: 10px;\n    color: #FFF;\n    padding: 2px 10px;\n    border-radius: 3px;\n}\n\n.recomendadorButtonFixed:after {\n    margin-top: -3px;\n    content: \"\u2192\";\n    padding: 0px 0px 0px 10px;\n}\n\n.recomendadorAlertFixed {\n    font-weight: 400;\n    text-align: center;\n    color: #484848;\n    font-size: 8px;\n}\n\n.recomendadorCloseFixed {\n    z-index: 99999;\n    display: none;\n    right: 0px;\n    left: inherit;\n    bottom: 99px;\n    position: fixed;\n    justify-content: center;\n    background: #F6F6F6;\n    width: 25px;\n    align-items: center;\n    height: 25px;\n    font-weight: 800;\n    border-radius: 50%;\n    border: 1px solid #EBEBEB;\n}\n\n.recomendadorV2Desc{\n    color: #000000;\n    margin: 20px 0px;\n}\n\n@media (max-width: 576px) {\n    .recomendadorV2Area {\n      padding: 10px;\n      max-width: 100%;\n    }\n  \n    .recomendadorV2Area1 img {\n      width: 100%;\n      border-radius: 6px;\n    }\n  \n    .recomendadorV2Area2 .recomendadorV2Type {\n      font-size: 9px;\n      letter-spacing: 1px;\n      margin: 8px 0;\n    }\n  \n    .recomendadorV2Title h2 {\n      font-size: 18px !important;\n      margin-bottom: 8px !important;\n      line-height: 1.2;\n    }\n  \n    .recomendadorV2Desc {\n      font-size: 14px;\n      margin: 8px 0 !important;\n      line-height: 1.4;\n    }\n  \n    .recomendadorV2Button {\n      font-size: 12px;\n      height: 30px;\n      padding: 0 12px;\n      max-width: 160px;\n    }\n  \n    .recomendadorV2Button:after {\n      padding-left: 6px;\n    }\n  }\n  <\/style>\n        <div class=\"lazyblock-recomendador-v2-2jDGz wp-block-lazyblock-recomendador-v2\">\n        <a class=\"linkrecomendadorv2\" href=\"https:\/\/correiodoestado.com.br\/mix\/cidade-brasileira-vira-porto-seguro-para-venezuelanos-e-numero-ja-ultrapassa-11-milhao\/?utm_source=lazy\" target=\"_blank\" rel=\"noopener\">\n            <div class=\"recomendadorV2Area\">\n            <div class=\"recomendadorV2Area1\">\n                <div class=\"recomendadorV2Img\">\n                <img class=\"lazyloaded\" decoding=\"async\" src=\"https:\/\/correiodoestado.com.br\/mix\/wp-content\/uploads\/2025\/12\/2019-04-06t160517z_830470294_rc183ec12730_rtrmadp_3_venezuela-politics-1140x570.jpg\" data-src=\"https:\/\/correiodoestado.com.br\/mix\/wp-content\/uploads\/2025\/12\/2019-04-06t160517z_830470294_rc183ec12730_rtrmadp_3_venezuela-politics-1140x570.jpg\" alt=\"\">\n                <\/div>\n            <\/div>\n            <div class=\"recomendadorV2Area2\">\n                <div class=\"recomendadorV2Type\">\n                    <span>Novo destino<\/span>\n                <\/div>\n                <div class=\"recomendadorV2Title\">\n                <h2><span>Ref\u00fagio venezuelano \ud83c\uddfb\ud83c\uddea<\/span><\/h2>\n                <\/div>\n                <div class=\"recomendadorV2Desc\">\n                <span>Cidade brasileira j\u00e1 acolhe 1 milh\u00e3o de imigrantes<\/span>\n                <\/div>\n                <div class=\"recomendadorV2Button\">Veja onde fica<\/div>\n                <div class=\"recomendadorV2Alert\"><\/div>\n            <\/div>\n            <\/div>\n        <\/a>\n        <div>\n            <div style=\"z-index:99999;\" id=\"buttonClose\" onclick=\"closeRecomendadorFixed()\">\n            <div class=\"recomendadorCloseFixed\">X<\/div>\n            <\/div>\n            <a href=\"https:\/\/correiodoestado.com.br\/mix\/cidade-brasileira-vira-porto-seguro-para-venezuelanos-e-numero-ja-ultrapassa-11-milhao\/?utm_source=lazy\" target=\"_blank\" rel=\"noopener\">\n            <div class=\"recomendadorFixedArea\">\n                <div id=\"recomendadorFixed\">\n                <div class=\"recomendadorLeftArea\">\n                    <div class=\"recomendadorImgFixed\">\n                    <img class=\"lazyload\" decoding=\"async\" src=\"https:\/\/correiodoestado.com.br\/mix\/wp-content\/uploads\/2025\/12\/2019-04-06t160517z_830470294_rc183ec12730_rtrmadp_3_venezuela-politics-1140x570.jpg\" alt=\"\">\n                    <\/div>\n                <\/div>\n                <div class=\"recomendadorRightArea\">\n                    <div class=\"recomendadorTitleFixed\">\n                    <h2><span>Ref\u00fagio venezuelano \ud83c\uddfb\ud83c\uddea<\/span><\/h2>\n                    <\/div>\n                    <div class=\"recomendadorButtonFixed\">Veja onde fica<\/div>\n                    <div class=\"recomendadorAlertFixed\"><\/div>\n                <\/div>\n                <\/div>\n            <\/div>\n            <\/a>\n        <\/div>\n        <\/div>\n\n\n\n<p>Antes de desembarcar na regi\u00e3o pernambucana, \u00e9 necess\u00e1rio que os visitantes se atentem a um outro detalhe. O ingresso para o Parque Nacional Marinho de Fernando de Noronha tamb\u00e9m foi reajustado, estando em vigor desde o dia 1\u00ba de novembro de 2025. Na ocasi\u00e3o, o valor passou de R$ 186,50 para R$ 192 em fun\u00e7\u00e3o dos brasileiros, enquanto para estrangeiros saltou de R$ 373 para R$ 384.<\/p>\n\n\n\n<p>Assim como a Taxa de Preserva\u00e7\u00e3o Ambiental, os valores dos ingressos s\u00e3o atualizados anualmente e seguem o \u00cdndice Geral de Pre\u00e7os \u2013 Mercado (IGP-M). No mais, o bilhete apresenta validade de dez dias e pode ser comprado&nbsp;no site do Instituto Chico Mendes de Conserva\u00e7\u00e3o da Biodiversidade&nbsp;(ICMBio), respons\u00e1vel pela gest\u00e3o do parque.<\/p>\n","protected":false},"excerpt":{"rendered":"<p>Localizado no Nordeste do Brasil, arquip\u00e9lago eleva taxa de preserva\u00e7\u00e3o ambiental em 2026 e gera debate entre os turistas brasileiros e internacionais<\/p>\n","protected":false},"author":8,"featured_media":0,"comment_status":"open","ping_status":"open","sticky":false,"template":"","format":"standard","meta":{"jnews-multi-image_gallery":[],"jnews_single_post":{"format":"standard"},"jnews_primary_category":[],"jnews_social_meta":[],"footnotes":""},"categories":[1],"tags":[],"class_list":["post-26202","post","type-post","status-publish","format-standard","hentry","category-mix"],"_links":{"self":[{"href":"https:\/\/correiodoestado.audiencelabs.com.br\/wp-json\/wp\/v2\/posts\/26202","targetHints":{"allow":["GET"]}}],"collection":[{"href":"https:\/\/correiodoestado.audiencelabs.com.br\/wp-json\/wp\/v2\/posts"}],"about":[{"href":"https:\/\/correiodoestado.audiencelabs.com.br\/wp-json\/wp\/v2\/types\/post"}],"author":[{"embeddable":true,"href":"https:\/\/correiodoestado.audiencelabs.com.br\/wp-json\/wp\/v2\/users\/8"}],"replies":[{"embeddable":true,"href":"https:\/\/correiodoestado.audiencelabs.com.br\/wp-json\/wp\/v2\/comments?post=26202"}],"version-history":[{"count":2,"href":"https:\/\/correiodoestado.audiencelabs.com.br\/wp-json\/wp\/v2\/posts\/26202\/revisions"}],"predecessor-version":[{"id":26288,"href":"https:\/\/correiodoestado.audiencelabs.com.br\/wp-json\/wp\/v2\/posts\/26202\/revisions\/26288"}],"wp:attachment":[{"href":"https:\/\/correiodoestado.audiencelabs.com.br\/wp-json\/wp\/v2\/media?parent=26202"}],"wp:term":[{"taxonomy":"category","embeddable":true,"href":"https:\/\/correiodoestado.audiencelabs.com.br\/wp-json\/wp\/v2\/categories?post=26202"},{"taxonomy":"post_tag","embeddable":true,"href":"https:\/\/correiodoestado.audiencelabs.com.br\/wp-json\/wp\/v2\/tags?post=26202"}],"curies":[{"name":"wp","href":"https:\/\/api.w.org\/{rel}","templated":true}]}}