{"id":26208,"date":"2026-01-05T12:48:00","date_gmt":"2026-01-05T15:48:00","guid":{"rendered":"https:\/\/correiodoestado.audiencelabs.com.br\/?p=26208"},"modified":"2026-01-06T11:26:02","modified_gmt":"2026-01-06T14:26:02","slug":"cidade-brasileira-vira-porto-seguro-para-venezuelanos-e-numero-ja-ultrapassa-11-milhao","status":"publish","type":"post","link":"https:\/\/correiodoestado.audiencelabs.com.br\/cidade-brasileira-vira-porto-seguro-para-venezuelanos-e-numero-ja-ultrapassa-11-milhao\/","title":{"rendered":"Cidade brasileira vira porto seguro para venezuelanos e n\u00famero j\u00e1 ultrapassa 1,1 milh\u00e3o"},"content":{"rendered":"\n<p>Localizada no extremo Norte de Roraima, a cidade de Pacaraima faz fronteira direta com a Venezuela, fator que colabora para que a regi\u00e3o receba a maior concentra\u00e7\u00e3o de <a href=\"https:\/\/correiodoestado.com.br\/mix\/donald-trump-fica-com-o-sorriso-brilhando-apos-saber-o-que-aconteceu-na-venezuela\/\" target=\"_blank\" rel=\"noopener\">venezuelanos <\/a>no Brasil. Segundo as autoridades, na \u00faltima d\u00e9cada, mais de 1,1 milh\u00e3o de migrantes desembarcaram no estado, devendo o n\u00famero escalonar nas pr\u00f3ximas semanas.<\/p>\n\n\n\n<p>Para entender o dinamismo da cidade, somente em 2025 foram mais de 96 mil novos imigrantes venezuelanos entrando no Brasil por Pacaraima. Por outro lado, em outubro do mesmo ano, mais de 11 mil migrantes chegaram ao pa\u00eds por meio do munic\u00edpio, conforme os dados obtidos pelo Observat\u00f3rio das Migra\u00e7\u00f5es Internacionais (OBMigra).<\/p>\n\n\n\n<figure class=\"wp-block-image size-full\"><img decoding=\"async\" src=\"https:\/\/correiodoestado.audiencelabs.com.br\/wp-content\/uploads\/2026\/01\/img-3600.avif\" alt=\"\" class=\"wp-image-26211\"\/><figcaption class=\"wp-element-caption\">Foto: Ca\u00edque Rodrigues\/g1 RR<\/figcaption><\/figure>\n\n\n\n<p>O detalhe curioso \u00e9 que o \u00faltimo Censo (2022) do Instituto Brasileiro de Geografia e Estat\u00edstica (IBGE) decretou que a cidade conta apenas com 19 mil habitantes. Situado a cerca de 215 quil\u00f4metros de Boa Vista, o munic\u00edpio \u00e9 ligado ao restante do pa\u00eds pela BR-174. Esse prest\u00edgio tem colaborado ainda mais para a dissemina\u00e7\u00e3o dos migrantes para o restante do Brasil.<\/p>\n\n\n\n<h2 class=\"wp-block-heading\">Venezuelanos ligam o sinal de alerta diante da a\u00e7\u00e3o norte-americana<\/h2>\n\n\n<style>@media (min-width: 992px) {\n    .recomendadorV2Area1 {\n        width: 280px;\n    }\n    .recomendadorV2Area2 {\n        padding: 0px 20px;\n        width: calc(100% - 280px);\n    }\n}\n\n@media (max-width: 992px) {\n    .recomendadorV2Button {\n        margin: 0 auto;\n    }\n    .recomendadorV2Area {\n        flex-direction: column;\n        text-align: center;\n    }\n    .recomendadorV2Area2 {\n        padding: 0px 20px;\n    }\n}\n\n.recomendadorV2Area {\n    background: #eeeeee3d;\n    border-radius: 10px;\n    padding: 15px;\n    display: flex;\n    margin: 15px auto;\n    border: 1px solid #00000014;\n    max-width: 800px;\n}\n\n.recomendadorV2Area1 img {\n    width: 280px;\n    height: auto;\n    border-radius: 8px;\n}\n\n.linkrecomendadorv2 {\n    text-decoration: none !important;\n}\n\n.recomendadorV2Area2 .recomendadorV2Type {\n    text-transform: uppercase;\n    font-weight: 500;\n    font-size: 11px;\n    letter-spacing: 2px;\n    color: #666;\n    margin: 12px 0;\n    display: block;\n}\n\n.recomendadorV2Title h2 {\n    padding-top: 0px !important;\n    margin: 0px !important;\n    border-left: none !important;\n    padding-left: 0px !important;\n    line-height: 1.3;\n    color: #000 !important;\n    font-size: 24px;\n    margin-bottom: 12px !important;\n}\n\n.recomendadorV2Desc {\n    color: #333;\n    margin: 12px 0px !important;\n    font-size: 15px;\n    line-height: 1.5;\n}\n\n.recomendadorV2Button {\n    width: auto;\n    max-width: 200px;\n    margin: 0;\n    display: inline-flex;\n    align-items: center;\n    background: #1D3557;\n    border-radius: 8px;\n    color: #fff;\n    height: 36px;\n    justify-content: center;\n    text-align: center;\n    font-size: 14px;\n    padding: 0 20px;\n    transition: background-color 0.2s ease;\n}\n\n.recomendadorV2Button:hover {\n    background: #2a4d7a;\n}\n\n.recomendadorV2Button:after {\n    margin-top: -2px;\n    content: \"\u2192\";\n    padding: 0px 0px 0px 8px;\n}\n\n.recomendadorV2Alert {\n    text-align: left;\n    font-size: 11px;\n    margin-top: 8px;\n    color: #666;\n}\n\n.recomendadorFixedArea {\n    width: 100%;\n    display: flex;\n    justify-content: center;\n    align-items: center;\n}\n\n@media (min-width: 992px) {\n    #recomendadorFixed {\n        width: 32% !important;\n        left: 5%;\n    }\n    .recomendadorCloseFixed{\n        right: inherit !important;\n        left: 378px !important;\n    }\n}\n\n#recomendadorFixed {\n    width: 90%;\n    box-shadow: 0 10px 20px 0px #00000057;\n    display: none;\n    height: 90px;\n    background: #F6F6F6;\n    position: fixed;\n    flex-direction: row;\n    bottom: 10px;\n    z-index: 9999;\n    border-radius: 16px;\n    padding: 7px 10px;\n}\n\n.recomendadorLeftArea {\n    width: 160px;\n}\n\n.recomendadorRightArea h2 {\n    padding-top: 0px;\n    margin: 2px 0px 4px 0px !important;\n    font-weight: 400;\n    text-align: center;\n    padding-left: 0px !important;\n    color: #000 !important;\n    border-left: none !important;\n    line-height: 20px;\n    font-size: 12px !important;\n}\n\n.recomendadorImgFixed {\n    overflow: hidden;\n    padding: 8px 6px;\n    height: 100%;\n}\n\n.recomendadorImgFixed img {\n    height: 100% !important;\n    border-radius: 16px;\n}\n\n.recomendadorRightArea {\n    padding-top: 6px;\n    display: flex;\n    width: calc(100% - 130px);\n    justify-content: space-between;\n    align-items: center;\n    flex-direction: column;\n}\n\n.recomendadorButtonFixed {\n    margin: 0 auto;\n    background: #1D3557;\n    width: 80%;\n    text-align: center;\n    font-size: 10px;\n    color: #FFF;\n    padding: 2px 10px;\n    border-radius: 3px;\n}\n\n.recomendadorButtonFixed:after {\n    margin-top: -3px;\n    content: \"\u2192\";\n    padding: 0px 0px 0px 10px;\n}\n\n.recomendadorAlertFixed {\n    font-weight: 400;\n    text-align: center;\n    color: #484848;\n    font-size: 8px;\n}\n\n.recomendadorCloseFixed {\n    z-index: 99999;\n    display: none;\n    right: 0px;\n    left: inherit;\n    bottom: 99px;\n    position: fixed;\n    justify-content: center;\n    background: #F6F6F6;\n    width: 25px;\n    align-items: center;\n    height: 25px;\n    font-weight: 800;\n    border-radius: 50%;\n    border: 1px solid #EBEBEB;\n}\n\n.recomendadorV2Desc{\n    color: #000000;\n    margin: 20px 0px;\n}\n\n@media (max-width: 576px) {\n    .recomendadorV2Area {\n      padding: 10px;\n      max-width: 100%;\n    }\n  \n    .recomendadorV2Area1 img {\n      width: 100%;\n      border-radius: 6px;\n    }\n  \n    .recomendadorV2Area2 .recomendadorV2Type {\n      font-size: 9px;\n      letter-spacing: 1px;\n      margin: 8px 0;\n    }\n  \n    .recomendadorV2Title h2 {\n      font-size: 18px !important;\n      margin-bottom: 8px !important;\n      line-height: 1.2;\n    }\n  \n    .recomendadorV2Desc {\n      font-size: 14px;\n      margin: 8px 0 !important;\n      line-height: 1.4;\n    }\n  \n    .recomendadorV2Button {\n      font-size: 12px;\n      height: 30px;\n      padding: 0 12px;\n      max-width: 160px;\n    }\n  \n    .recomendadorV2Button:after {\n      padding-left: 6px;\n    }\n  }\n  <\/style>\n        <div class=\"lazyblock-recomendador-v2-2jDGz wp-block-lazyblock-recomendador-v2\">\n        <a class=\"linkrecomendadorv2\" href=\"https:\/\/correiodoestado.com.br\/mix\/enquanto-a-venezuela-tem-as-maiores-reservas-de-petroleo-colombia-e-lider-mundial-em-outro-recurso-que-brota-da-terra\/?utm_source=lazy\" target=\"_blank\" rel=\"noopener\">\n            <div class=\"recomendadorV2Area\">\n            <div class=\"recomendadorV2Area1\">\n                <div class=\"recomendadorV2Img\">\n                <img class=\"lazyloaded\" decoding=\"async\" src=\"https:\/\/correiodoestado.com.br\/mix\/wp-content\/uploads\/2026\/01\/colombia-flag-1140x570.jpg\" data-src=\"https:\/\/correiodoestado.com.br\/mix\/wp-content\/uploads\/2026\/01\/colombia-flag-1140x570.jpg\" alt=\"\">\n                <\/div>\n            <\/div>\n            <div class=\"recomendadorV2Area2\">\n                <div class=\"recomendadorV2Type\">\n                    <span>Col\u00f4mbia recurso<\/span>\n                <\/div>\n                <div class=\"recomendadorV2Title\">\n                <h2><span>Qual \u00e9? \ud83e\udd14<\/span><\/h2>\n                <\/div>\n                <div class=\"recomendadorV2Desc\">\n                <span>Col\u00f4mbia lidera em recurso natural<\/span>\n                <\/div>\n                <div class=\"recomendadorV2Button\">Ver agora<\/div>\n                <div class=\"recomendadorV2Alert\"><\/div>\n            <\/div>\n            <\/div>\n        <\/a>\n        <div>\n            <div style=\"z-index:99999;\" id=\"buttonClose\" onclick=\"closeRecomendadorFixed()\">\n            <div class=\"recomendadorCloseFixed\">X<\/div>\n            <\/div>\n            <a href=\"https:\/\/correiodoestado.com.br\/mix\/enquanto-a-venezuela-tem-as-maiores-reservas-de-petroleo-colombia-e-lider-mundial-em-outro-recurso-que-brota-da-terra\/?utm_source=lazy\" target=\"_blank\" rel=\"noopener\">\n            <div class=\"recomendadorFixedArea\">\n                <div id=\"recomendadorFixed\">\n                <div class=\"recomendadorLeftArea\">\n                    <div class=\"recomendadorImgFixed\">\n                    <img class=\"lazyload\" decoding=\"async\" src=\"https:\/\/correiodoestado.com.br\/mix\/wp-content\/uploads\/2026\/01\/colombia-flag-1140x570.jpg\" alt=\"\">\n                    <\/div>\n                <\/div>\n                <div class=\"recomendadorRightArea\">\n                    <div class=\"recomendadorTitleFixed\">\n                    <h2><span>Qual \u00e9? \ud83e\udd14<\/span><\/h2>\n                    <\/div>\n                    <div class=\"recomendadorButtonFixed\">Ver agora<\/div>\n                    <div class=\"recomendadorAlertFixed\"><\/div>\n                <\/div>\n                <\/div>\n            <\/div>\n            <\/a>\n        <\/div>\n        <\/div>\n\n\n\n<p>Na madrugada do \u00faltimo s\u00e1bado (3), o presidente da Venezuela, Nicol\u00e1s Maduro, foi capturado por tropas estadunidenses com o aval de Donald Trump. De acordo com o republicano, o Chefe de Estado sul-americano \u00e9 o grande respons\u00e1vel por liderar um cartel de drogas e cometer atos de terrorismo. Contudo, para que a intercepta\u00e7\u00e3o fosse realizada, um bombardeio em Caracas e outras cidades foi evidenciado.<\/p>\n\n\n\n<p>Al\u00e9m de Maduro, sua esposa, Cilia&nbsp;Flores, tamb\u00e9m foi presa e encaminhada aos Estados Unidos. Conforme a procuradora-geral dos EUA, Pam Bondi, o presidente venezuelano ser\u00e1 julgado, tamb\u00e9m, por narcotr\u00e1fico nos pr\u00f3ximos dias. Temendo novos ataques, os nativos est\u00e3o procurando abrigos em pa\u00edses vizinhos, o que deve promover um fluxo maior de desembarques em Pacaraima.<\/p>\n\n\n\n<p>\u201cReiteramos nosso compromisso com a seguran\u00e7a e o bem-estar de todos os cidad\u00e3os, refor\u00e7amos que estamos monitorando a situa\u00e7\u00e3o e trabalhando em conjunto com as for\u00e7as de seguran\u00e7a para garantir a estabilidade e a paz na regi\u00e3o fronteiri\u00e7a\u201d, destacou o Executivo municipal diante do conflito pol\u00edtico entre Venezuela e Estados Unidos.<\/p>\n","protected":false},"excerpt":{"rendered":"<p>Respons\u00e1vel por abrir portas para o desembarque de venezuelanos no Brasil, cidade nortista liga sinal de alerta em meio ao conflito com os Estados Unidos<\/p>\n","protected":false},"author":8,"featured_media":0,"comment_status":"open","ping_status":"open","sticky":false,"template":"","format":"standard","meta":{"jnews-multi-image_gallery":[],"jnews_single_post":{"format":"standard"},"jnews_primary_category":[],"jnews_social_meta":[],"footnotes":""},"categories":[1],"tags":[],"class_list":["post-26208","post","type-post","status-publish","format-standard","hentry","category-mix"],"_links":{"self":[{"href":"https:\/\/correiodoestado.audiencelabs.com.br\/wp-json\/wp\/v2\/posts\/26208","targetHints":{"allow":["GET"]}}],"collection":[{"href":"https:\/\/correiodoestado.audiencelabs.com.br\/wp-json\/wp\/v2\/posts"}],"about":[{"href":"https:\/\/correiodoestado.audiencelabs.com.br\/wp-json\/wp\/v2\/types\/post"}],"author":[{"embeddable":true,"href":"https:\/\/correiodoestado.audiencelabs.com.br\/wp-json\/wp\/v2\/users\/8"}],"replies":[{"embeddable":true,"href":"https:\/\/correiodoestado.audiencelabs.com.br\/wp-json\/wp\/v2\/comments?post=26208"}],"version-history":[{"count":2,"href":"https:\/\/correiodoestado.audiencelabs.com.br\/wp-json\/wp\/v2\/posts\/26208\/revisions"}],"predecessor-version":[{"id":26449,"href":"https:\/\/correiodoestado.audiencelabs.com.br\/wp-json\/wp\/v2\/posts\/26208\/revisions\/26449"}],"wp:attachment":[{"href":"https:\/\/correiodoestado.audiencelabs.com.br\/wp-json\/wp\/v2\/media?parent=26208"}],"wp:term":[{"taxonomy":"category","embeddable":true,"href":"https:\/\/correiodoestado.audiencelabs.com.br\/wp-json\/wp\/v2\/categories?post=26208"},{"taxonomy":"post_tag","embeddable":true,"href":"https:\/\/correiodoestado.audiencelabs.com.br\/wp-json\/wp\/v2\/tags?post=26208"}],"curies":[{"name":"wp","href":"https:\/\/api.w.org\/{rel}","templated":true}]}}