{"id":26289,"date":"2026-01-06T07:20:00","date_gmt":"2026-01-06T10:20:00","guid":{"rendered":"https:\/\/correiodoestado.audiencelabs.com.br\/?p=26289"},"modified":"2026-01-05T16:53:08","modified_gmt":"2026-01-05T19:53:08","slug":"flamengo-surpreende-e-encerra-contrato-com-um-dos-atletas-mais-renomados-do-pais","status":"publish","type":"post","link":"https:\/\/correiodoestado.audiencelabs.com.br\/flamengo-surpreende-e-encerra-contrato-com-um-dos-atletas-mais-renomados-do-pais\/","title":{"rendered":"Flamengo surpreende e encerra contrato com um dos atletas mais renomados do pa\u00eds"},"content":{"rendered":"\n<p>Nesta segunda-feira (5), o Clube de Regatas do <a href=\"https:\/\/correiodoestado.com.br\/mix\/enquanto-kaio-jorge-ganha-r-1-milhao-no-cruzeiro-salario-de-pedro-no-flamengo-e-humilde\/\" target=\"_blank\" rel=\"noopener\">Flamengo <\/a>pegou seus torcedores de surpresa ao anunciar o encerramento do remo paraol\u00edmpico, dispensando Michel Pessanha, Gessyca Guerra, Diana Barcelos de Oliveira e Valdenir Junior. Contudo, a maior baixa do rubro-negro carioca foi Isaquias Queiroz, medalhista ol\u00edmpico e maior nome da canoagem brasileira.<\/p>\n\n\n\n<p>Contrariando o depoimento de que o Flamengo projetaria todas as modalidades ao estrelato, o presidente da institui\u00e7\u00e3o, Luiz Eduardo Baptista, o Bap, colocou um ponto final nos despostos. A medida integra um movimento mais amplo da atual gest\u00e3o envolvendo modalidades ol\u00edmpicas e paral\u00edmpicas, o que n\u00e3o deixou de gerar pol\u00eamica na imprensa nacional.<\/p>\n\n\n\n<figure class=\"wp-block-image size-full\"><img loading=\"lazy\" decoding=\"async\" width=\"850\" height=\"566\" src=\"https:\/\/correiodoestado.audiencelabs.com.br\/wp-content\/uploads\/2026\/01\/1723660983982-1920x1280-1.webp\" alt=\"\" class=\"wp-image-26294\" srcset=\"https:\/\/correiodoestado.audiencelabs.com.br\/wp-content\/uploads\/2026\/01\/1723660983982-1920x1280-1.webp 850w, https:\/\/correiodoestado.audiencelabs.com.br\/wp-content\/uploads\/2026\/01\/1723660983982-1920x1280-1-300x200.webp 300w, https:\/\/correiodoestado.audiencelabs.com.br\/wp-content\/uploads\/2026\/01\/1723660983982-1920x1280-1-768x511.webp 768w, https:\/\/correiodoestado.audiencelabs.com.br\/wp-content\/uploads\/2026\/01\/1723660983982-1920x1280-1-750x499.webp 750w\" sizes=\"auto, (max-width: 850px) 100vw, 850px\" \/><figcaption class=\"wp-element-caption\">Foto: Gilvan De Souza \/ Flamengo<\/figcaption><\/figure>\n\n\n\n<p>Diante do fim do remo paraol\u00edmpico, o clube deixa de ter um custo mensal de R$ 10 mil, valor irris\u00f3rio quando comparado \u00e0s despesas com o futebol profissional. O montante em quest\u00e3o vinha sendo depositado para a manuten\u00e7\u00e3o da equipe e participa\u00e7\u00e3o em competi\u00e7\u00f5es. Por sua vez, a canoagem colocou um fim no protagonismo de Isaquias, dono de cinco medalhas ol\u00edmpicas na carreira.<\/p>\n\n\n\n<p>O detalhe curioso \u00e9 que a decis\u00e3o de encerrar as atividades veio ap\u00f3s a confirma\u00e7\u00e3o de que o rubro-negro carioca faturou mais de R$ 2 bilh\u00f5es somente em 2025. Em resumo, a temporada passada foi marcada pelas conquistas da Supercopa do Brasil, do Campeonato Carioca, da Libertadores e do Brasileir\u00e3o. Dessa forma, a falta de fluxo de caixa n\u00e3o se enquadra na realidade do clube da G\u00e1vea.<\/p>\n\n\n\n<h2 class=\"wp-block-heading\">Confira o pronunciamento do Flamengo:<\/h2>\n\n\n\n<p><em>\u201cO Flamengo se orgulha de ter contado em sua equipe com Isaquias Queiroz, um dos maiores atletas da hist\u00f3ria do esporte ol\u00edmpico brasileiro. Campe\u00e3o ol\u00edmpico, com cinco medalhas em Jogos, e refer\u00eancia mundial na canoagem, Isaquias vestiu o Manto Sagrado por cerca de 7 anos nesta \u00faltima passagem, encerrando seu ciclo no clube de forma marcante e deixando um legado de conquistas que nos orgulha.<\/em><\/p>\n\n\n\n<p><em>Dentro de uma avalia\u00e7\u00e3o estrat\u00e9gica alinhada \u00e0s premissas que norteiam o esporte ol\u00edmpico do Flamengo, o clube encerra sua participa\u00e7\u00e3o na modalidade canoagem. A decis\u00e3o est\u00e1 em conson\u00e2ncia com a filosofia rubro-negra de aliar excel\u00eancia competitiva ao investimento cont\u00ednuo na forma\u00e7\u00e3o, no desenvolvimento de atletas e no fortalecimento das modalidades a partir de estruturas permanentes.<\/em><\/p>\n\n\n\n<p><em>Atualmente, tanto Isaquias Queiroz como Gabriel Assun\u00e7\u00e3o, Mateus dos Santos e Valdenice do Nascimento n\u00e3o residem nem realizam seus treinamentos no Rio de Janeiro. Esse contexto inviabiliza a consolida\u00e7\u00e3o de um trabalho estruturado de base e a forma\u00e7\u00e3o de novos talentos, pilares fundamentais do projeto esportivo do Flamengo e parte essencial do seu DNA hist\u00f3rico.<\/em><\/p>\n\n\n\n<p><em>O Flamengo agradece a Isaquias Queiroz, a Gabriel Assun\u00e7\u00e3o, a Mateus dos Santos, a Valdenice do Nascimento e a Roberto Maehler por todo o profissionalismo, dedica\u00e7\u00e3o e pelas conquistas alcan\u00e7adas durante o per\u00edodo em que defenderam o Manto Sagrado, e deseja pleno sucesso na continuidade de suas trajet\u00f3rias esportivas.<\/em><\/p>\n\n\n\n<p><em>O Clube de Regatas do Flamengo tamb\u00e9m encerra sua participa\u00e7\u00e3o no pararemo. O clube agradece aos atletas Michel Pessanha, Gessyca Guerra, Diana Barcellos e Valdenir Junior por representarem o Manto Sagrado com dedica\u00e7\u00e3o, comprometimento e esp\u00edrito esportivo, contribuindo para a hist\u00f3ria rubro-negra no paradesporto. O Flamengo reconhece a import\u00e2ncia de suas trajet\u00f3rias e deseja pleno \u00eaxito na continuidade de suas carreiras\u201d<\/em>, diz a nota.<\/p>\n","protected":false},"excerpt":{"rendered":"<p>Nesta segunda-feira (5), o Clube de Regatas do Flamengo pegou seus torcedores de surpresa ao anunciar o encerramento de parceria com grande nome do desporto brasileiro<\/p>\n","protected":false},"author":8,"featured_media":8178,"comment_status":"open","ping_status":"open","sticky":false,"template":"","format":"standard","meta":{"jnews-multi-image_gallery":[],"jnews_single_post":{"format":"standard"},"jnews_primary_category":[],"jnews_social_meta":[],"footnotes":""},"categories":[1],"tags":[],"class_list":["post-26289","post","type-post","status-publish","format-standard","has-post-thumbnail","hentry","category-mix"],"_links":{"self":[{"href":"https:\/\/correiodoestado.audiencelabs.com.br\/wp-json\/wp\/v2\/posts\/26289","targetHints":{"allow":["GET"]}}],"collection":[{"href":"https:\/\/correiodoestado.audiencelabs.com.br\/wp-json\/wp\/v2\/posts"}],"about":[{"href":"https:\/\/correiodoestado.audiencelabs.com.br\/wp-json\/wp\/v2\/types\/post"}],"author":[{"embeddable":true,"href":"https:\/\/correiodoestado.audiencelabs.com.br\/wp-json\/wp\/v2\/users\/8"}],"replies":[{"embeddable":true,"href":"https:\/\/correiodoestado.audiencelabs.com.br\/wp-json\/wp\/v2\/comments?post=26289"}],"version-history":[{"count":1,"href":"https:\/\/correiodoestado.audiencelabs.com.br\/wp-json\/wp\/v2\/posts\/26289\/revisions"}],"predecessor-version":[{"id":26296,"href":"https:\/\/correiodoestado.audiencelabs.com.br\/wp-json\/wp\/v2\/posts\/26289\/revisions\/26296"}],"wp:featuredmedia":[{"embeddable":true,"href":"https:\/\/correiodoestado.audiencelabs.com.br\/wp-json\/wp\/v2\/media\/8178"}],"wp:attachment":[{"href":"https:\/\/correiodoestado.audiencelabs.com.br\/wp-json\/wp\/v2\/media?parent=26289"}],"wp:term":[{"taxonomy":"category","embeddable":true,"href":"https:\/\/correiodoestado.audiencelabs.com.br\/wp-json\/wp\/v2\/categories?post=26289"},{"taxonomy":"post_tag","embeddable":true,"href":"https:\/\/correiodoestado.audiencelabs.com.br\/wp-json\/wp\/v2\/tags?post=26289"}],"curies":[{"name":"wp","href":"https:\/\/api.w.org\/{rel}","templated":true}]}}