{"id":26474,"date":"2026-01-06T15:50:00","date_gmt":"2026-01-06T18:50:00","guid":{"rendered":"https:\/\/correiodoestado.audiencelabs.com.br\/?p=26474"},"modified":"2026-01-07T11:52:39","modified_gmt":"2026-01-07T14:52:39","slug":"enquanto-o-homem-mais-rico-da-venezuela-tem-r-40-bilhoes-fortuna-de-nicolas-maduro-nao-chega-nem-perto","status":"publish","type":"post","link":"https:\/\/correiodoestado.audiencelabs.com.br\/enquanto-o-homem-mais-rico-da-venezuela-tem-r-40-bilhoes-fortuna-de-nicolas-maduro-nao-chega-nem-perto\/","title":{"rendered":"Enquanto o homem mais rico da Venezuela tem R$ 40 bilh\u00f5es, fortuna de Nicol\u00e1s Maduro n\u00e3o chega nem perto"},"content":{"rendered":"\n<p>Outrora preenchendo o posto de presidente da Venezuela, <a href=\"https:\/\/correiodoestado.com.br\/mix\/enquanto-a-venezuela-tem-as-maiores-reservas-de-petroleo-colombia-e-lider-mundial-em-outro-recurso-que-brota-da-terra\/\" target=\"_blank\" rel=\"noopener\">Nicol\u00e1s Maduro<\/a> foi surpreendido no in\u00edcio de 2026 por tropas norte-americanas. Sob o aval de Donald Trump, o Chefe de Estado foi capturado e direcionado ao sistema prisional dos Estados Unidos. Ainda que tenha prest\u00edgio pol\u00edtico, o venezuelano est\u00e1 longe de ocupar o status de pessoa mais rica do pa\u00eds.<\/p>\n\n\n\n<h2 class=\"wp-block-heading\">Patrim\u00f4nio de Nicol\u00e1s Maduro<\/h2>\n\n\n\n<p>Embora nenhum ve\u00edculo tenha cravado a real fortuna de Maduro, estimativas e suspeitas da imprensa venezuelana defendem o patrim\u00f4nio formal em torno de 3 milh\u00f5es de d\u00f3lares (R$ 16,1 milh\u00f5es na cota\u00e7\u00e3o atual). No entanto, por ter seu nome envolvido em esquemas de corrup\u00e7\u00e3o, as investiga\u00e7\u00f5es levam a crer que o poder financeiro do presidente possa superar a casa dos bilh\u00f5es de d\u00f3lares.<\/p>\n\n\n\n<figure class=\"wp-block-image size-large\"><img decoding=\"async\" src=\"https:\/\/correiodoestado.audiencelabs.com.br\/wp-content\/uploads\/2025\/12\/05104091-1024x613.webp\" alt=\"\" class=\"wp-image-25273\"\/><figcaption class=\"wp-element-caption\">Cr\u00e9ditos: Miguel Gutierrez\/Ag\u00eancia Lusa<\/figcaption><\/figure>\n\n\n\n<p>As previs\u00f5es decretam que a fortuna n\u00e3o contabiliza os bens luxuosos, contas no exterior e liga\u00e7\u00f5es com lavagem de dinheiro envolvendo o nome de terceiros. Para uma melhor compreens\u00e3o, no ano de 2018, enteados do ditador venezuelano foram acusados de terem desviado mais de US$ 180 milh\u00f5es (R$ 968,5 milh\u00f5es) para contas secretas.<\/p>\n\n\n\n<p>Em contrapartida, desde 2024, autoridades estadunidenses apreenderam bens estimados em US$ 700 milh\u00f5es (R$ 3,7 bilh\u00f5es) em ativos de luxo. Diante do desfecho incalcul\u00e1vel e da possibilidade de outros patrim\u00f4nios estarem registrados no nome de familiares ou pessoas pr\u00f3ximas, a fortuna de Nicol\u00e1s Maduro est\u00e1 longe de ser precisamente revelada.<\/p>\n\n\n\n<h2 class=\"wp-block-heading\">Mas, afinal, quem \u00e9 o homem mais rico da Venezuela?<\/h2>\n\n\n<style>@media (min-width: 992px) {\n    .recomendadorV2Area1 {\n        width: 280px;\n    }\n    .recomendadorV2Area2 {\n        padding: 0px 20px;\n        width: calc(100% - 280px);\n    }\n}\n\n@media (max-width: 992px) {\n    .recomendadorV2Button {\n        margin: 0 auto;\n    }\n    .recomendadorV2Area {\n        flex-direction: column;\n        text-align: center;\n    }\n    .recomendadorV2Area2 {\n        padding: 0px 20px;\n    }\n}\n\n.recomendadorV2Area {\n    background: #eeeeee3d;\n    border-radius: 10px;\n    padding: 15px;\n    display: flex;\n    margin: 15px auto;\n    border: 1px solid #00000014;\n    max-width: 800px;\n}\n\n.recomendadorV2Area1 img {\n    width: 280px;\n    height: auto;\n    border-radius: 8px;\n}\n\n.linkrecomendadorv2 {\n    text-decoration: none !important;\n}\n\n.recomendadorV2Area2 .recomendadorV2Type {\n    text-transform: uppercase;\n    font-weight: 500;\n    font-size: 11px;\n    letter-spacing: 2px;\n    color: #666;\n    margin: 12px 0;\n    display: block;\n}\n\n.recomendadorV2Title h2 {\n    padding-top: 0px !important;\n    margin: 0px !important;\n    border-left: none !important;\n    padding-left: 0px !important;\n    line-height: 1.3;\n    color: #000 !important;\n    font-size: 24px;\n    margin-bottom: 12px !important;\n}\n\n.recomendadorV2Desc {\n    color: #333;\n    margin: 12px 0px !important;\n    font-size: 15px;\n    line-height: 1.5;\n}\n\n.recomendadorV2Button {\n    width: auto;\n    max-width: 200px;\n    margin: 0;\n    display: inline-flex;\n    align-items: center;\n    background: #1D3557;\n    border-radius: 8px;\n    color: #fff;\n    height: 36px;\n    justify-content: center;\n    text-align: center;\n    font-size: 14px;\n    padding: 0 20px;\n    transition: background-color 0.2s ease;\n}\n\n.recomendadorV2Button:hover {\n    background: #2a4d7a;\n}\n\n.recomendadorV2Button:after {\n    margin-top: -2px;\n    content: \"\u2192\";\n    padding: 0px 0px 0px 8px;\n}\n\n.recomendadorV2Alert {\n    text-align: left;\n    font-size: 11px;\n    margin-top: 8px;\n    color: #666;\n}\n\n.recomendadorFixedArea {\n    width: 100%;\n    display: flex;\n    justify-content: center;\n    align-items: center;\n}\n\n@media (min-width: 992px) {\n    #recomendadorFixed {\n        width: 32% !important;\n        left: 5%;\n    }\n    .recomendadorCloseFixed{\n        right: inherit !important;\n        left: 378px !important;\n    }\n}\n\n#recomendadorFixed {\n    width: 90%;\n    box-shadow: 0 10px 20px 0px #00000057;\n    display: none;\n    height: 90px;\n    background: #F6F6F6;\n    position: fixed;\n    flex-direction: row;\n    bottom: 10px;\n    z-index: 9999;\n    border-radius: 16px;\n    padding: 7px 10px;\n}\n\n.recomendadorLeftArea {\n    width: 160px;\n}\n\n.recomendadorRightArea h2 {\n    padding-top: 0px;\n    margin: 2px 0px 4px 0px !important;\n    font-weight: 400;\n    text-align: center;\n    padding-left: 0px !important;\n    color: #000 !important;\n    border-left: none !important;\n    line-height: 20px;\n    font-size: 12px !important;\n}\n\n.recomendadorImgFixed {\n    overflow: hidden;\n    padding: 8px 6px;\n    height: 100%;\n}\n\n.recomendadorImgFixed img {\n    height: 100% !important;\n    border-radius: 16px;\n}\n\n.recomendadorRightArea {\n    padding-top: 6px;\n    display: flex;\n    width: calc(100% - 130px);\n    justify-content: space-between;\n    align-items: center;\n    flex-direction: column;\n}\n\n.recomendadorButtonFixed {\n    margin: 0 auto;\n    background: #1D3557;\n    width: 80%;\n    text-align: center;\n    font-size: 10px;\n    color: #FFF;\n    padding: 2px 10px;\n    border-radius: 3px;\n}\n\n.recomendadorButtonFixed:after {\n    margin-top: -3px;\n    content: \"\u2192\";\n    padding: 0px 0px 0px 10px;\n}\n\n.recomendadorAlertFixed {\n    font-weight: 400;\n    text-align: center;\n    color: #484848;\n    font-size: 8px;\n}\n\n.recomendadorCloseFixed {\n    z-index: 99999;\n    display: none;\n    right: 0px;\n    left: inherit;\n    bottom: 99px;\n    position: fixed;\n    justify-content: center;\n    background: #F6F6F6;\n    width: 25px;\n    align-items: center;\n    height: 25px;\n    font-weight: 800;\n    border-radius: 50%;\n    border: 1px solid #EBEBEB;\n}\n\n.recomendadorV2Desc{\n    color: #000000;\n    margin: 20px 0px;\n}\n\n@media (max-width: 576px) {\n    .recomendadorV2Area {\n      padding: 10px;\n      max-width: 100%;\n    }\n  \n    .recomendadorV2Area1 img {\n      width: 100%;\n      border-radius: 6px;\n    }\n  \n    .recomendadorV2Area2 .recomendadorV2Type {\n      font-size: 9px;\n      letter-spacing: 1px;\n      margin: 8px 0;\n    }\n  \n    .recomendadorV2Title h2 {\n      font-size: 18px !important;\n      margin-bottom: 8px !important;\n      line-height: 1.2;\n    }\n  \n    .recomendadorV2Desc {\n      font-size: 14px;\n      margin: 8px 0 !important;\n      line-height: 1.4;\n    }\n  \n    .recomendadorV2Button {\n      font-size: 12px;\n      height: 30px;\n      padding: 0 12px;\n      max-width: 160px;\n    }\n  \n    .recomendadorV2Button:after {\n      padding-left: 6px;\n    }\n  }\n  <\/style>\n        <div class=\"lazyblock-recomendador-v2-2jDGz wp-block-lazyblock-recomendador-v2\">\n        <a class=\"linkrecomendadorv2\" href=\"https:\/\/correiodoestado.com.br\/mix\/brasil-vive-tensao-militar-logo-apos-acao-dos-estados-unidos-na-venezuela\/?utm_source=lazy\" target=\"_blank\" rel=\"noopener\">\n            <div class=\"recomendadorV2Area\">\n            <div class=\"recomendadorV2Area1\">\n                <div class=\"recomendadorV2Img\">\n                <img class=\"lazyloaded\" decoding=\"async\" src=\"https:\/\/correiodoestado.com.br\/mix\/wp-content\/uploads\/2026\/01\/54880628803_9b72e158af_o-750x375.jpg\" data-src=\"https:\/\/correiodoestado.com.br\/mix\/wp-content\/uploads\/2026\/01\/54880628803_9b72e158af_o-750x375.jpg\" alt=\"\">\n                <\/div>\n            <\/div>\n            <div class=\"recomendadorV2Area2\">\n                <div class=\"recomendadorV2Type\">\n                    <span>Tens\u00e3o militar<\/span>\n                <\/div>\n                <div class=\"recomendadorV2Title\">\n                <h2><span>Brasil em alerta \u26a0\ufe0f<\/span><\/h2>\n                <\/div>\n                <div class=\"recomendadorV2Desc\">\n                <span>EUA agem na Venezuela e geram tens\u00e3o<\/span>\n                <\/div>\n                <div class=\"recomendadorV2Button\">Entenda o cen\u00e1rio<\/div>\n                <div class=\"recomendadorV2Alert\"><\/div>\n            <\/div>\n            <\/div>\n        <\/a>\n        <div>\n            <div style=\"z-index:99999;\" id=\"buttonClose\" onclick=\"closeRecomendadorFixed()\">\n            <div class=\"recomendadorCloseFixed\">X<\/div>\n            <\/div>\n            <a href=\"https:\/\/correiodoestado.com.br\/mix\/brasil-vive-tensao-militar-logo-apos-acao-dos-estados-unidos-na-venezuela\/?utm_source=lazy\" target=\"_blank\" rel=\"noopener\">\n            <div class=\"recomendadorFixedArea\">\n                <div id=\"recomendadorFixed\">\n                <div class=\"recomendadorLeftArea\">\n                    <div class=\"recomendadorImgFixed\">\n                    <img class=\"lazyload\" decoding=\"async\" src=\"https:\/\/correiodoestado.com.br\/mix\/wp-content\/uploads\/2026\/01\/54880628803_9b72e158af_o-750x375.jpg\" alt=\"\">\n                    <\/div>\n                <\/div>\n                <div class=\"recomendadorRightArea\">\n                    <div class=\"recomendadorTitleFixed\">\n                    <h2><span>Brasil em alerta \u26a0\ufe0f<\/span><\/h2>\n                    <\/div>\n                    <div class=\"recomendadorButtonFixed\">Entenda o cen\u00e1rio<\/div>\n                    <div class=\"recomendadorAlertFixed\"><\/div>\n                <\/div>\n                <\/div>\n            <\/div>\n            <\/a>\n        <\/div>\n        <\/div>\n\n\n\n<p>Enquanto os reais valores pertencentes ao Chefe de Estado venezuelano n\u00e3o s\u00e3o revelados, a revista Forbes decretou o banqueiro Juan Carlos Escotet, fundador do banco transicional Banesco, como o homem mais rico do pa\u00eds. O vision\u00e1rio \u00e9 detentor de uma fortuna l\u00edquida de 7,4 bilh\u00f5es de d\u00f3lares, o que corresponde a cerca de R$ 40 bilh\u00f5es.<\/p>\n\n\n\n<p>O detalhe curioso \u00e9 que, em 2024, a Forbes havia listado o empres\u00e1rio como sendo dono de um patrim\u00f4nio equivalente a&nbsp;R$ 20 bilh\u00f5es. Natural da Espanha, Escotet migrou para a Venezuela, pa\u00eds em que come\u00e7ou a trabalhar no Banco Union como office-boy com apenas 17 anos. Formado em economia, fundou em 1986 uma corretora, que em 2001 se fundiu com o pr\u00f3prio Banco Union, onde come\u00e7ou a carreira.<\/p>\n\n\n\n<p>J\u00e1 em 2012, adquiriu o tradicional Banco Echevarr\u00eda da Espanha e o rival venezuelano, Abanca. Enxergando a necessidade de colocar seu nome no mercado internacional, comprou, em 2024, as opera\u00e7\u00f5es na Espanha da francesa Cr\u00e9dit Mutuel e formou um grupo banc\u00e1rio transnacional, que, apesar das ra\u00edzes venezuelanas, \u2018espalhou\u2019 dinheiro pelo mundo.<\/p>\n","protected":false},"excerpt":{"rendered":"<p>Ainda que tenha prest\u00edgio pol\u00edtico, o presidente da Venezuela, Nicol\u00e1s Maduro, est\u00e1 longe de ocupar o status de pessoa mais rica do pa\u00eds<\/p>\n","protected":false},"author":8,"featured_media":0,"comment_status":"open","ping_status":"open","sticky":false,"template":"","format":"standard","meta":{"jnews-multi-image_gallery":[],"jnews_single_post":{"format":"standard"},"jnews_primary_category":[],"jnews_social_meta":[],"footnotes":""},"categories":[1],"tags":[],"class_list":["post-26474","post","type-post","status-publish","format-standard","hentry","category-mix"],"_links":{"self":[{"href":"https:\/\/correiodoestado.audiencelabs.com.br\/wp-json\/wp\/v2\/posts\/26474","targetHints":{"allow":["GET"]}}],"collection":[{"href":"https:\/\/correiodoestado.audiencelabs.com.br\/wp-json\/wp\/v2\/posts"}],"about":[{"href":"https:\/\/correiodoestado.audiencelabs.com.br\/wp-json\/wp\/v2\/types\/post"}],"author":[{"embeddable":true,"href":"https:\/\/correiodoestado.audiencelabs.com.br\/wp-json\/wp\/v2\/users\/8"}],"replies":[{"embeddable":true,"href":"https:\/\/correiodoestado.audiencelabs.com.br\/wp-json\/wp\/v2\/comments?post=26474"}],"version-history":[{"count":3,"href":"https:\/\/correiodoestado.audiencelabs.com.br\/wp-json\/wp\/v2\/posts\/26474\/revisions"}],"predecessor-version":[{"id":26651,"href":"https:\/\/correiodoestado.audiencelabs.com.br\/wp-json\/wp\/v2\/posts\/26474\/revisions\/26651"}],"wp:attachment":[{"href":"https:\/\/correiodoestado.audiencelabs.com.br\/wp-json\/wp\/v2\/media?parent=26474"}],"wp:term":[{"taxonomy":"category","embeddable":true,"href":"https:\/\/correiodoestado.audiencelabs.com.br\/wp-json\/wp\/v2\/categories?post=26474"},{"taxonomy":"post_tag","embeddable":true,"href":"https:\/\/correiodoestado.audiencelabs.com.br\/wp-json\/wp\/v2\/tags?post=26474"}],"curies":[{"name":"wp","href":"https:\/\/api.w.org\/{rel}","templated":true}]}}