{"id":26645,"date":"2026-01-07T16:54:00","date_gmt":"2026-01-07T19:54:00","guid":{"rendered":"https:\/\/correiodoestado.audiencelabs.com.br\/?p=26645"},"modified":"2026-01-07T11:46:43","modified_gmt":"2026-01-07T14:46:43","slug":"novo-programa-do-governo-comeca-2026-beneficiando-mais-950-mil-familias-que-estavam-aguardando","status":"publish","type":"post","link":"https:\/\/correiodoestado.audiencelabs.com.br\/novo-programa-do-governo-comeca-2026-beneficiando-mais-950-mil-familias-que-estavam-aguardando\/","title":{"rendered":"Novo programa do governo come\u00e7a 2026 beneficiando mais 950 mil fam\u00edlias que estavam aguardando"},"content":{"rendered":"\n<p>O programa G\u00e1s do Povo, que come\u00e7ar\u00e1 a ser implementado em 2026, beneficiar\u00e1 950 mil novas fam\u00edlias com botij\u00f5es de g\u00e1s gratuitos. Esta iniciativa foi criada para substituir o Aux\u00edlio G\u00e1s e visa alcan\u00e7ar aproximadamente 15,5 milh\u00f5es de fam\u00edlias em todo o Brasil. O benef\u00edcio ser\u00e1 concedido por meio de um vale-g\u00e1s, que poder\u00e1 ser utilizado em revendas credenciadas.<\/p>\n\n\n\n<figure class=\"wp-block-gallery has-nested-images columns-default is-cropped wp-block-gallery-1 is-layout-flex wp-block-gallery-is-layout-flex\">\n<figure class=\"wp-block-image size-large\"><img loading=\"lazy\" decoding=\"async\" width=\"900\" height=\"600\" data-id=\"26646\" src=\"https:\/\/correiodoestado.audiencelabs.com.br\/wp-content\/uploads\/2026\/01\/shutterstock_2191882077-scaled-1.jpg\" alt=\"\" class=\"wp-image-26646\" srcset=\"https:\/\/correiodoestado.audiencelabs.com.br\/wp-content\/uploads\/2026\/01\/shutterstock_2191882077-scaled-1.jpg 900w, https:\/\/correiodoestado.audiencelabs.com.br\/wp-content\/uploads\/2026\/01\/shutterstock_2191882077-scaled-1-300x200.jpg 300w, https:\/\/correiodoestado.audiencelabs.com.br\/wp-content\/uploads\/2026\/01\/shutterstock_2191882077-scaled-1-768x512.jpg 768w, https:\/\/correiodoestado.audiencelabs.com.br\/wp-content\/uploads\/2026\/01\/shutterstock_2191882077-scaled-1-750x500.jpg 750w\" sizes=\"auto, (max-width: 900px) 100vw, 900px\" \/><figcaption class=\"wp-element-caption\">Cr\u00e9ditos: Shutterstock<\/figcaption><\/figure>\n<\/figure>\n\n\n\n<h2 class=\"wp-block-heading\">Etapas de implementa\u00e7\u00e3o do programa<\/h2>\n\n\n\n<p>A implementa\u00e7\u00e3o do G\u00e1s do Povo ocorrer\u00e1 de forma gradual at\u00e9 mar\u00e7o de 2026. A fase de testagem ser\u00e1 conclu\u00edda nesse m\u00eas, quando todas as fam\u00edlias eleg\u00edveis nos 5.571 munic\u00edpios passar\u00e3o a ser atendidas.<\/p>\n\n\n\n<p>Em novembro de 2025, a primeira concess\u00e3o do benef\u00edcio foi realizada para 1 milh\u00e3o de novas fam\u00edlias em capitais como S\u00e3o Paulo e Salvador. A segunda etapa, a partir de 26 de janeiro de 2026, contemplar\u00e1 950 mil novas fam\u00edlias em cidades como Bras\u00edlia e Manaus. Em fevereiro, todas as fam\u00edlias que j\u00e1 recebiam o Aux\u00edlio G\u00e1s ser\u00e3o migradas automaticamente para o novo programa.<\/p>\n\n\n\n<p>O G\u00e1s do Povo \u00e9 destinado a fam\u00edlias cadastradas no Cadastro \u00danico (Cad\u00danico), com renda per capita de at\u00e9 meio sal\u00e1rio m\u00ednimo. A prioridade ser\u00e1 dada a quem j\u00e1 recebe o Bolsa Fam\u00edlia, e cada fam\u00edlia ter\u00e1 direito a um n\u00famero espec\u00edfico de botij\u00f5es por ano, dependendo do n\u00famero de integrantes.<\/p>\n\n\n\n<p>Para verificar a elegibilidade, o Governo do Brasil disponibiliza canais como o aplicativo Meu Social \u2013 G\u00e1s do Povo e o Disque Social 121. A retirada do botij\u00e3o ser\u00e1 feita em revendas autorizadas, onde o respons\u00e1vel pela fam\u00edlia poder\u00e1 validar o benef\u00edcio sem necessidade de pagamento em dinheiro.<\/p>\n","protected":false},"excerpt":{"rendered":"<p>O programa G\u00e1s do Povo, que come\u00e7ar\u00e1 a ser implementado em 2026, beneficiar\u00e1 950 mil novas fam\u00edlias com botij\u00f5es de g\u00e1s gratuitos. Esta iniciativa foi criada para substituir o Aux\u00edlio G\u00e1s e visa alcan\u00e7ar aproximadamente 15,5 milh\u00f5es de fam\u00edlias em todo o Brasil. O benef\u00edcio ser\u00e1 concedido por meio de um vale-g\u00e1s, que poder\u00e1 ser [&hellip;]<\/p>\n","protected":false},"author":13,"featured_media":26647,"comment_status":"open","ping_status":"open","sticky":false,"template":"","format":"standard","meta":{"jnews-multi-image_gallery":[],"jnews_single_post":{"format":"standard"},"jnews_primary_category":[],"jnews_social_meta":[],"footnotes":""},"categories":[1],"tags":[],"class_list":["post-26645","post","type-post","status-publish","format-standard","has-post-thumbnail","hentry","category-mix"],"_links":{"self":[{"href":"https:\/\/correiodoestado.audiencelabs.com.br\/wp-json\/wp\/v2\/posts\/26645","targetHints":{"allow":["GET"]}}],"collection":[{"href":"https:\/\/correiodoestado.audiencelabs.com.br\/wp-json\/wp\/v2\/posts"}],"about":[{"href":"https:\/\/correiodoestado.audiencelabs.com.br\/wp-json\/wp\/v2\/types\/post"}],"author":[{"embeddable":true,"href":"https:\/\/correiodoestado.audiencelabs.com.br\/wp-json\/wp\/v2\/users\/13"}],"replies":[{"embeddable":true,"href":"https:\/\/correiodoestado.audiencelabs.com.br\/wp-json\/wp\/v2\/comments?post=26645"}],"version-history":[{"count":1,"href":"https:\/\/correiodoestado.audiencelabs.com.br\/wp-json\/wp\/v2\/posts\/26645\/revisions"}],"predecessor-version":[{"id":26648,"href":"https:\/\/correiodoestado.audiencelabs.com.br\/wp-json\/wp\/v2\/posts\/26645\/revisions\/26648"}],"wp:featuredmedia":[{"embeddable":true,"href":"https:\/\/correiodoestado.audiencelabs.com.br\/wp-json\/wp\/v2\/media\/26647"}],"wp:attachment":[{"href":"https:\/\/correiodoestado.audiencelabs.com.br\/wp-json\/wp\/v2\/media?parent=26645"}],"wp:term":[{"taxonomy":"category","embeddable":true,"href":"https:\/\/correiodoestado.audiencelabs.com.br\/wp-json\/wp\/v2\/categories?post=26645"},{"taxonomy":"post_tag","embeddable":true,"href":"https:\/\/correiodoestado.audiencelabs.com.br\/wp-json\/wp\/v2\/tags?post=26645"}],"curies":[{"name":"wp","href":"https:\/\/api.w.org\/{rel}","templated":true}]}}