{"id":26800,"date":"2026-01-10T03:20:00","date_gmt":"2026-01-10T06:20:00","guid":{"rendered":"https:\/\/correiodoestado.audiencelabs.com.br\/?p=26800"},"modified":"2026-01-09T18:05:47","modified_gmt":"2026-01-09T21:05:47","slug":"uber-divulga-lista-atualizada-de-modelos-aceitos-para-trabalhar-no-aplicativo-em-2026","status":"publish","type":"post","link":"https:\/\/correiodoestado.audiencelabs.com.br\/uber-divulga-lista-atualizada-de-modelos-aceitos-para-trabalhar-no-aplicativo-em-2026\/","title":{"rendered":"Uber divulga lista atualizada de modelos aceitos para trabalhar no aplicativo em 2026"},"content":{"rendered":"\n<p>A partir de janeiro de 2026, a Uber implementou uma atualiza\u00e7\u00e3o significativa nos modelos de carros aceitos nas categorias Black e Comfort. Essas categorias s\u00e3o consideradas premium dentro da plataforma e as mudan\u00e7as foram feitas para atender a um p\u00fablico que busca mais conforto em suas viagens. Os motoristas que desejam operar nessas modalidades devem estar atentos \u00e0s novas exig\u00eancias.<\/p>\n\n\n\n<p>Para que um ve\u00edculo seja aceito na categoria Uber Black, ele precisa atender a alguns crit\u00e9rios espec\u00edficos. O carro deve ter quatro portas e ar-condicionado, al\u00e9m de estar em boas condi\u00e7\u00f5es e ser de cores como preto, prata ou cinza.<\/p>\n\n\n\n<p>Os motoristas tamb\u00e9m precisam ter completado pelo menos 100 viagens na plataforma e manter uma nota m\u00ednima de 4,85 nas avalia\u00e7\u00f5es dos usu\u00e1rios. A nova lista de ve\u00edculos aceitos inclui modelos como Virtus, Duster e Nivus, com anos de fabrica\u00e7\u00e3o variando entre 2017 e 2025, dependendo da cidade.<\/p>\n\n\n\n<figure class=\"wp-block-gallery has-nested-images columns-default is-cropped wp-block-gallery-1 is-layout-flex wp-block-gallery-is-layout-flex\">\n<figure class=\"wp-block-image size-large\"><img loading=\"lazy\" decoding=\"async\" width=\"900\" height=\"599\" data-id=\"26801\" src=\"https:\/\/correiodoestado.audiencelabs.com.br\/wp-content\/uploads\/2026\/01\/1453912337_uberLDprodshutterstock.jpg\" alt=\"\" class=\"wp-image-26801\" srcset=\"https:\/\/correiodoestado.audiencelabs.com.br\/wp-content\/uploads\/2026\/01\/1453912337_uberLDprodshutterstock.jpg 900w, https:\/\/correiodoestado.audiencelabs.com.br\/wp-content\/uploads\/2026\/01\/1453912337_uberLDprodshutterstock-300x200.jpg 300w, https:\/\/correiodoestado.audiencelabs.com.br\/wp-content\/uploads\/2026\/01\/1453912337_uberLDprodshutterstock-768x511.jpg 768w, https:\/\/correiodoestado.audiencelabs.com.br\/wp-content\/uploads\/2026\/01\/1453912337_uberLDprodshutterstock-750x499.jpg 750w\" sizes=\"auto, (max-width: 900px) 100vw, 900px\" \/><figcaption class=\"wp-element-caption\">Cr\u00e9ditos: Shutterstock<\/figcaption><\/figure>\n<\/figure>\n\n\n\n<h2 class=\"wp-block-heading\">Mudan\u00e7as na categoria Uber Comfort<\/h2>\n\n\n\n<p>A categoria Uber Comfort tamb\u00e9m passa por altera\u00e7\u00f5es em 2026. Os ve\u00edculos devem ter quatro portas e ar-condicionado, e os motoristas precisam ter feito mais de 100 viagens. A nota m\u00ednima exigida varia conforme a cidade, sendo de 4,85 em locais como Bras\u00edlia e Porto Alegre, e de 4,80 nas demais cidades. Modelos aceitos incluem Etios Sedan, Voyage e Prisma, com requisitos semelhantes aos da categoria Black.<\/p>\n\n\n\n<p>Com as novas regras, alguns modelos n\u00e3o ser\u00e3o mais aceitos nas categorias mencionadas. Ve\u00edculos como Renault Kardian, Chery Tiggo 3X e Hyundai Kona Hybrid, por exemplo, n\u00e3o poder\u00e3o mais operar a partir de julho de 2026.&nbsp;<\/p>\n","protected":false},"excerpt":{"rendered":"<p>A partir de janeiro de 2026, a Uber implementou uma atualiza\u00e7\u00e3o significativa nos modelos de carros aceitos nas categorias Black e Comfort. Essas categorias s\u00e3o consideradas premium dentro da plataforma e as mudan\u00e7as foram feitas para atender a um p\u00fablico que busca mais conforto em suas viagens. Os motoristas que desejam operar nessas modalidades devem [&hellip;]<\/p>\n","protected":false},"author":13,"featured_media":26802,"comment_status":"open","ping_status":"open","sticky":false,"template":"","format":"standard","meta":{"jnews-multi-image_gallery":[],"jnews_single_post":{"format":"standard"},"jnews_primary_category":[],"jnews_social_meta":[],"footnotes":""},"categories":[1],"tags":[],"class_list":["post-26800","post","type-post","status-publish","format-standard","has-post-thumbnail","hentry","category-mix"],"_links":{"self":[{"href":"https:\/\/correiodoestado.audiencelabs.com.br\/wp-json\/wp\/v2\/posts\/26800","targetHints":{"allow":["GET"]}}],"collection":[{"href":"https:\/\/correiodoestado.audiencelabs.com.br\/wp-json\/wp\/v2\/posts"}],"about":[{"href":"https:\/\/correiodoestado.audiencelabs.com.br\/wp-json\/wp\/v2\/types\/post"}],"author":[{"embeddable":true,"href":"https:\/\/correiodoestado.audiencelabs.com.br\/wp-json\/wp\/v2\/users\/13"}],"replies":[{"embeddable":true,"href":"https:\/\/correiodoestado.audiencelabs.com.br\/wp-json\/wp\/v2\/comments?post=26800"}],"version-history":[{"count":1,"href":"https:\/\/correiodoestado.audiencelabs.com.br\/wp-json\/wp\/v2\/posts\/26800\/revisions"}],"predecessor-version":[{"id":26803,"href":"https:\/\/correiodoestado.audiencelabs.com.br\/wp-json\/wp\/v2\/posts\/26800\/revisions\/26803"}],"wp:featuredmedia":[{"embeddable":true,"href":"https:\/\/correiodoestado.audiencelabs.com.br\/wp-json\/wp\/v2\/media\/26802"}],"wp:attachment":[{"href":"https:\/\/correiodoestado.audiencelabs.com.br\/wp-json\/wp\/v2\/media?parent=26800"}],"wp:term":[{"taxonomy":"category","embeddable":true,"href":"https:\/\/correiodoestado.audiencelabs.com.br\/wp-json\/wp\/v2\/categories?post=26800"},{"taxonomy":"post_tag","embeddable":true,"href":"https:\/\/correiodoestado.audiencelabs.com.br\/wp-json\/wp\/v2\/tags?post=26800"}],"curies":[{"name":"wp","href":"https:\/\/api.w.org\/{rel}","templated":true}]}}