{"id":2702,"date":"2025-07-26T18:00:00","date_gmt":"2025-07-26T21:00:00","guid":{"rendered":"https:\/\/correiodoestado.audiencelabs.com.br\/?p=2702"},"modified":"2025-07-23T18:15:14","modified_gmt":"2025-07-23T21:15:14","slug":"e-assim-que-humanos-sao-afetados-enquanto-a-terra-gira-mais-rapido","status":"publish","type":"post","link":"https:\/\/correiodoestado.audiencelabs.com.br\/e-assim-que-humanos-sao-afetados-enquanto-a-terra-gira-mais-rapido\/","title":{"rendered":"\u00c9 assim que humanos s\u00e3o afetados enquanto a Terra gira mais r\u00e1pido"},"content":{"rendered":"\n<p>A t\u00edtulo de curiosidade, o dia 10 de julho foi o dia mais curto registrado neste ano, durando 1,36 milissegundos menos que 24 horas. De acordo com o Servi\u00e7o Internacional de Rota\u00e7\u00e3o e Sistemas de Refer\u00eancia da Terra e do Observat\u00f3rio Naval dos EUA, a Terra est\u00e1 girando mais r\u00e1pido neste ver\u00e3o, o que deve prejudicar a rotina dos seres humanos.<\/p>\n\n\n\n<p>Em um primeiro momento, voc\u00ea pode achar que os dias mais curtos n\u00e3o ir\u00e3o interferir na rotina, mas especialistas temem problemas que v\u00e3o al\u00e9m da percep\u00e7\u00e3o a olho nu. Isso porque astr\u00f4nomos que acompanham a rota\u00e7\u00e3o da <a href=\"https:\/\/correiodoestado.com.br\/mix\/planeta-do-tamanho-de-jupiter-e-encontrado-atraves-de-previsao-feita-por-albert-einstein\/\" target=\"_blank\" rel=\"noopener\">Terra<\/a> escancaram que todos os dados de sat\u00e9lites s\u00e3o coordenados mediantes as 24 horas. <\/p>\n\n\n\n<p>Sendo assim, dias mais curtos, mesmo que por milissegundos, podem, a longo prazo, afetar computadores, sat\u00e9lites e telecomunica\u00e7\u00f5es.  Diante dos estudos feitos, astr\u00f4nomos acreditam que isso poderia levar a um cen\u00e1rio semelhante ao problema do Y2K, que amea\u00e7ou paralisar a civiliza\u00e7\u00e3o moderna.<\/p>\n\n\n\n<p>&#8220;Estamos em uma tend\u00eancia de dias ligeiramente mais r\u00e1pidos desde 1972. Mas h\u00e1 flutua\u00e7\u00f5es. \u00c9 como observar o mercado de a\u00e7\u00f5es, realmente. Existem tend\u00eancias de longo prazo e, depois, h\u00e1 picos e quedas&#8221;, avaliou Duncan Agnew, professor de geof\u00edsica no Instituto Scripps de Oceanografia e geof\u00edsico pesquisador na Universidade da Calif\u00f3rnia de San Diego. <\/p>\n\n\n\n<p>Ainda que as an\u00e1lises estejam sendo realizadas, o problema \u00e9 que os dias na Terra ser\u00e3o novamente reduzidos. Isso porque em 5 de agosto a previs\u00e3o \u00e9 de que o dia ter\u00e1 1,25 milissegundos a menos que 24 horas. Em contrapartida, o mesmo aconteceu em 22 de julho, quando a rota\u00e7\u00e3o alertou para a redu\u00e7\u00e3o de 1,34 milissegundos.<\/p>\n\n\n\n<h2 class=\"wp-block-heading\" id=\"what-is-causing-earth-to-spin-faster\">Terra emite sinal de alerta<\/h2>\n\n\n\n<p>Ao ser questionado sobre o motivo pelo qual a Terra tem apresentado dias mais curtos, Duncan Agnew explicou que a percep\u00e7\u00e3o \u00e9 comum no Ver\u00e3o, mas n\u00e3o com tamanha incid\u00eancia. O giro mais r\u00e1pido \u00e9 resultado das varia\u00e7\u00f5es sazonais, notadas por interm\u00e9dio das correntes de jato, leis da f\u00edsica e atmosfera. Por sua vez, tal acelera\u00e7\u00e3o implica em problemas ambientais, como declara outro profissional.<\/p>\n\n\n\n<p>&#8220;At\u00e9 o final deste s\u00e9culo, em um cen\u00e1rio pessimista (no qual os humanos continuam a emitir mais gases de efeito estufa), o efeito das mudan\u00e7as clim\u00e1ticas pode superar o efeito da lua, que tem realmente impulsionado a rota\u00e7\u00e3o da Terra nos \u00faltimos bilh\u00f5es de anos. Acho que a (rota\u00e7\u00e3o mais r\u00e1pida) ainda est\u00e1 dentro de limites razo\u00e1veis, ent\u00e3o pode ser uma variabilidade natural&#8221;, disse Benedikt Soja, professor assistente do departamento de engenharia civil, ambiental e geom\u00e1tica do Instituto Federal de Tecnologia da Su\u00ed\u00e7a em Zurique, Su\u00ed\u00e7a.<\/p>\n","protected":false},"excerpt":{"rendered":"<p>Dias mais curtos se tornam frequentes e especialistas ligam sinal de alerta sobre recado que a Terra tem passado ao seres humanos <\/p>\n","protected":false},"author":8,"featured_media":2727,"comment_status":"open","ping_status":"open","sticky":false,"template":"","format":"standard","meta":{"jnews-multi-image_gallery":[],"jnews_single_post":{"format":"standard"},"jnews_primary_category":[],"jnews_social_meta":[],"footnotes":""},"categories":[1],"tags":[],"class_list":["post-2702","post","type-post","status-publish","format-standard","has-post-thumbnail","hentry","category-mix"],"_links":{"self":[{"href":"https:\/\/correiodoestado.audiencelabs.com.br\/wp-json\/wp\/v2\/posts\/2702","targetHints":{"allow":["GET"]}}],"collection":[{"href":"https:\/\/correiodoestado.audiencelabs.com.br\/wp-json\/wp\/v2\/posts"}],"about":[{"href":"https:\/\/correiodoestado.audiencelabs.com.br\/wp-json\/wp\/v2\/types\/post"}],"author":[{"embeddable":true,"href":"https:\/\/correiodoestado.audiencelabs.com.br\/wp-json\/wp\/v2\/users\/8"}],"replies":[{"embeddable":true,"href":"https:\/\/correiodoestado.audiencelabs.com.br\/wp-json\/wp\/v2\/comments?post=2702"}],"version-history":[{"count":3,"href":"https:\/\/correiodoestado.audiencelabs.com.br\/wp-json\/wp\/v2\/posts\/2702\/revisions"}],"predecessor-version":[{"id":2742,"href":"https:\/\/correiodoestado.audiencelabs.com.br\/wp-json\/wp\/v2\/posts\/2702\/revisions\/2742"}],"wp:featuredmedia":[{"embeddable":true,"href":"https:\/\/correiodoestado.audiencelabs.com.br\/wp-json\/wp\/v2\/media\/2727"}],"wp:attachment":[{"href":"https:\/\/correiodoestado.audiencelabs.com.br\/wp-json\/wp\/v2\/media?parent=2702"}],"wp:term":[{"taxonomy":"category","embeddable":true,"href":"https:\/\/correiodoestado.audiencelabs.com.br\/wp-json\/wp\/v2\/categories?post=2702"},{"taxonomy":"post_tag","embeddable":true,"href":"https:\/\/correiodoestado.audiencelabs.com.br\/wp-json\/wp\/v2\/tags?post=2702"}],"curies":[{"name":"wp","href":"https:\/\/api.w.org\/{rel}","templated":true}]}}