{"id":27070,"date":"2026-01-09T15:13:00","date_gmt":"2026-01-09T18:13:00","guid":{"rendered":"https:\/\/correiodoestado.audiencelabs.com.br\/?p=27070"},"modified":"2026-01-09T13:13:13","modified_gmt":"2026-01-09T16:13:13","slug":"dono-do-bahia-quer-contratar-jogador-que-acabou-de-sair-do-flamengo-por-r-163-milhoes","status":"publish","type":"post","link":"https:\/\/correiodoestado.audiencelabs.com.br\/dono-do-bahia-quer-contratar-jogador-que-acabou-de-sair-do-flamengo-por-r-163-milhoes\/","title":{"rendered":"Dono do Bahia quer contratar jogador que acabou de sair do Flamengo por R$ 163 milh\u00f5es"},"content":{"rendered":"\n<p>Com a janela de transfer\u00eancia internacional aberta, os clubes iniciaram o processo de reformula\u00e7\u00e3o interna visando o in\u00edcio da temporada 2026. Embora ainda n\u00e3o tenha anunciado nomes de peso para o Bahia, o Grupo City est\u00e1 analisando a possibilidade de destinar um ex-craque do <a href=\"https:\/\/correiodoestado.com.br\/mix\/flamengo-surpreende-e-encerra-contrato-com-um-dos-atletas-mais-renomados-do-pais\/\" target=\"_blank\" rel=\"noopener\">Flamengo <\/a>para o Manchester City. Trata-se de Wesley Fran\u00e7a, lateral-esquerdo que atualmente defende as cores da Roma.<\/p>\n\n\n\n<p>Em julho do ano passado, o rubro-negro carioca vendeu os direitos federativos do jogador por 25 milh\u00f5es de euros, o equivalente a R$ 163 milh\u00f5es. Com apenas seis meses atuando no futebol europeu, o defensor conta com convoca\u00e7\u00f5es para defender a Sele\u00e7\u00e3o Brasileira. Diante da ascens\u00e3o do atleta de 22 anos, o time orquestrado por Pep Guardiola est\u00e1 de olho em sua contrata\u00e7\u00e3o.<\/p>\n\n\n\n<figure class=\"wp-block-image size-large\"><img loading=\"lazy\" decoding=\"async\" width=\"1024\" height=\"683\" src=\"https:\/\/correiodoestado.audiencelabs.com.br\/wp-content\/uploads\/2026\/01\/1317458-roma-confirma-a-contratacao-do-lateral-wesley-do-flamengo-1024x683.jpg\" alt=\"\" class=\"wp-image-27088\" srcset=\"https:\/\/correiodoestado.audiencelabs.com.br\/wp-content\/uploads\/2026\/01\/1317458-roma-confirma-a-contratacao-do-lateral-wesley-do-flamengo-1024x683.jpg 1024w, https:\/\/correiodoestado.audiencelabs.com.br\/wp-content\/uploads\/2026\/01\/1317458-roma-confirma-a-contratacao-do-lateral-wesley-do-flamengo-300x200.jpg 300w, https:\/\/correiodoestado.audiencelabs.com.br\/wp-content\/uploads\/2026\/01\/1317458-roma-confirma-a-contratacao-do-lateral-wesley-do-flamengo-768x512.jpg 768w, https:\/\/correiodoestado.audiencelabs.com.br\/wp-content\/uploads\/2026\/01\/1317458-roma-confirma-a-contratacao-do-lateral-wesley-do-flamengo-750x500.jpg 750w, https:\/\/correiodoestado.audiencelabs.com.br\/wp-content\/uploads\/2026\/01\/1317458-roma-confirma-a-contratacao-do-lateral-wesley-do-flamengo-1140x760.jpg 1140w, https:\/\/correiodoestado.audiencelabs.com.br\/wp-content\/uploads\/2026\/01\/1317458-roma-confirma-a-contratacao-do-lateral-wesley-do-flamengo.jpg 1239w\" sizes=\"auto, (max-width: 1024px) 100vw, 1024px\" \/><figcaption class=\"wp-element-caption\">Cr\u00e9ditos: Reprodu\u00e7\u00e3o\/Roma<\/figcaption><\/figure>\n\n\n\n<p>O detalhe curioso \u00e9 que n\u00e3o \u00e9 a primeira vez que o Manchester City demonstra interesse no brasileiro. Quando ainda atuava pelo Flamengo, Wesley chegou a ser monitorado de perto por representantes da equipe que disputa a Premier League, mas n\u00e3o recebeu proposta oficial. No cen\u00e1rio atual, os ingleses reconhecem que o lateral pode ser uma solu\u00e7\u00e3o para o setor.<\/p>\n\n\n\n<p>Contudo, os donos da SAF do Bahia n\u00e3o s\u00e3o os \u00fanicos interessados no passe do atleta. Segundo a imprensa internacional, Newcastle e Tottenham tamb\u00e9m monitoram o brasileiro de perto, mas o City \u00e9 a equipe que mais se aproxima de fazer ofertas reais. Nesse intervalo, os representantes do jogador, que tem contrato com a Roma at\u00e9 meados de 2030, esperam propostas at\u00e9 o dia 31 de janeiro.<\/p>\n\n\n\n<h2 class=\"wp-block-heading\">Do protagonismo no Flamengo ao cen\u00e1rio internacional<\/h2>\n\n\n\n<p>Formado nas categorias de base do Atl\u00e9tico Tubar\u00e3o, Wesley Fran\u00e7a recebeu a oportunidade de integrar o Sub-20 do Flamengo em 2021. Abra\u00e7ando a chance, ganhou prest\u00edgio ao ponto de ser realocado para o elenco profissional quase que de forma imediata. Ao lado dos veteranos, o lateral disputou 136 jogos, sendo recompensado com quatro gols, seis assist\u00eancias e seis t\u00edtulos.<\/p>\n\n\n\n<p>Desejando realizar o sonho de atuar no futebol europeu, alinhou sua transfer\u00eancia ao clube italiano, por onde apresenta 21 partidas e tr\u00eas gols. Prestigiado na Roma, pode ganhar novos rumos, tendo em vista o objetivo de participar da Copa do Mundo de 2026. Sob o comando de Carlo Ancelotti, pelo Brasil, o defensor conta com cinco duelos na conta.<\/p>\n","protected":false},"excerpt":{"rendered":"<p>Enxergando a necessidade de refor\u00e7ar o elenco na atual temporada, time que faz parte do Grupo City estuda contratar pe\u00e7a de destaque do Flamengo<\/p>\n","protected":false},"author":8,"featured_media":27089,"comment_status":"open","ping_status":"open","sticky":false,"template":"","format":"standard","meta":{"jnews-multi-image_gallery":[],"jnews_single_post":{"format":"standard"},"jnews_primary_category":[],"jnews_social_meta":[],"footnotes":""},"categories":[1],"tags":[],"class_list":["post-27070","post","type-post","status-publish","format-standard","has-post-thumbnail","hentry","category-mix"],"_links":{"self":[{"href":"https:\/\/correiodoestado.audiencelabs.com.br\/wp-json\/wp\/v2\/posts\/27070","targetHints":{"allow":["GET"]}}],"collection":[{"href":"https:\/\/correiodoestado.audiencelabs.com.br\/wp-json\/wp\/v2\/posts"}],"about":[{"href":"https:\/\/correiodoestado.audiencelabs.com.br\/wp-json\/wp\/v2\/types\/post"}],"author":[{"embeddable":true,"href":"https:\/\/correiodoestado.audiencelabs.com.br\/wp-json\/wp\/v2\/users\/8"}],"replies":[{"embeddable":true,"href":"https:\/\/correiodoestado.audiencelabs.com.br\/wp-json\/wp\/v2\/comments?post=27070"}],"version-history":[{"count":2,"href":"https:\/\/correiodoestado.audiencelabs.com.br\/wp-json\/wp\/v2\/posts\/27070\/revisions"}],"predecessor-version":[{"id":27095,"href":"https:\/\/correiodoestado.audiencelabs.com.br\/wp-json\/wp\/v2\/posts\/27070\/revisions\/27095"}],"wp:featuredmedia":[{"embeddable":true,"href":"https:\/\/correiodoestado.audiencelabs.com.br\/wp-json\/wp\/v2\/media\/27089"}],"wp:attachment":[{"href":"https:\/\/correiodoestado.audiencelabs.com.br\/wp-json\/wp\/v2\/media?parent=27070"}],"wp:term":[{"taxonomy":"category","embeddable":true,"href":"https:\/\/correiodoestado.audiencelabs.com.br\/wp-json\/wp\/v2\/categories?post=27070"},{"taxonomy":"post_tag","embeddable":true,"href":"https:\/\/correiodoestado.audiencelabs.com.br\/wp-json\/wp\/v2\/tags?post=27070"}],"curies":[{"name":"wp","href":"https:\/\/api.w.org\/{rel}","templated":true}]}}