{"id":27167,"date":"2026-01-12T07:08:00","date_gmt":"2026-01-12T10:08:00","guid":{"rendered":"https:\/\/correiodoestado.audiencelabs.com.br\/?p=27167"},"modified":"2026-01-12T10:22:08","modified_gmt":"2026-01-12T13:22:08","slug":"brasileiros-comemoram-isencao-do-ipva-para-motos-de-ate-150-cilindradas-em-2026-neste-estado","status":"publish","type":"post","link":"https:\/\/correiodoestado.audiencelabs.com.br\/brasileiros-comemoram-isencao-do-ipva-para-motos-de-ate-150-cilindradas-em-2026-neste-estado\/","title":{"rendered":"Brasileiros comemoram isen\u00e7\u00e3o do IPVA para motos de at\u00e9 150 cilindradas em 2026 neste estado"},"content":{"rendered":"\n<p>Brasileiros que utilizam motocicletas como principal meio de transporte come\u00e7aram 2026 com um motivo extra para comemorar. Um estado brasileiro ampliou a isen\u00e7\u00e3o do IPVA.<\/p>\n\n\n\n<p>Desde o in\u00edcio de janeiro, motos, ciclomotores, triciclos e motonetas de at\u00e9 150 cilindradas deixaram de pagar o imposto. A medida vale para ve\u00edculos com seis anos ou mais.<\/p>\n\n\n\n<p>A mudan\u00e7a foi implementada em Goi\u00e1s e beneficia milhares de condutores. A decis\u00e3o busca aliviar o or\u00e7amento de quem depende do ve\u00edculo para trabalhar.<\/p>\n\n\n\n<figure class=\"wp-block-image size-large\"><img loading=\"lazy\" decoding=\"async\" width=\"1024\" height=\"613\" src=\"https:\/\/correiodoestado.audiencelabs.com.br\/wp-content\/uploads\/2026\/01\/1034866-04082016-vac_9022_1-1024x613.webp\" alt=\"\" class=\"wp-image-27187\" srcset=\"https:\/\/correiodoestado.audiencelabs.com.br\/wp-content\/uploads\/2026\/01\/1034866-04082016-vac_9022_1-1024x613.webp 1024w, https:\/\/correiodoestado.audiencelabs.com.br\/wp-content\/uploads\/2026\/01\/1034866-04082016-vac_9022_1-300x179.webp 300w, https:\/\/correiodoestado.audiencelabs.com.br\/wp-content\/uploads\/2026\/01\/1034866-04082016-vac_9022_1-768x459.webp 768w, https:\/\/correiodoestado.audiencelabs.com.br\/wp-content\/uploads\/2026\/01\/1034866-04082016-vac_9022_1-750x449.webp 750w, https:\/\/correiodoestado.audiencelabs.com.br\/wp-content\/uploads\/2026\/01\/1034866-04082016-vac_9022_1-1140x682.webp 1140w, https:\/\/correiodoestado.audiencelabs.com.br\/wp-content\/uploads\/2026\/01\/1034866-04082016-vac_9022_1.webp 1170w\" sizes=\"auto, (max-width: 1024px) 100vw, 1024px\" \/><figcaption class=\"wp-element-caption\">Cr\u00e9ditos: Antonio Cruz\/Ag\u00eancia Brasil<\/figcaption><\/figure>\n\n\n\n<h3 class=\"wp-block-heading\">Quem tem direito \u00e0 isen\u00e7\u00e3o em 2026<\/h3>\n\n\n<style>@media (min-width: 992px) {\n    .recomendadorV2Area1 {\n        width: 280px;\n    }\n    .recomendadorV2Area2 {\n        padding: 0px 20px;\n        width: calc(100% - 280px);\n    }\n}\n\n@media (max-width: 992px) {\n    .recomendadorV2Button {\n        margin: 0 auto;\n    }\n    .recomendadorV2Area {\n        flex-direction: column;\n        text-align: center;\n    }\n    .recomendadorV2Area2 {\n        padding: 0px 20px;\n    }\n}\n\n.recomendadorV2Area {\n    background: #eeeeee3d;\n    border-radius: 10px;\n    padding: 15px;\n    display: flex;\n    margin: 15px auto;\n    border: 1px solid #00000014;\n    max-width: 800px;\n}\n\n.recomendadorV2Area1 img {\n    width: 280px;\n    height: auto;\n    border-radius: 8px;\n}\n\n.linkrecomendadorv2 {\n    text-decoration: none !important;\n}\n\n.recomendadorV2Area2 .recomendadorV2Type {\n    text-transform: uppercase;\n    font-weight: 500;\n    font-size: 11px;\n    letter-spacing: 2px;\n    color: #666;\n    margin: 12px 0;\n    display: block;\n}\n\n.recomendadorV2Title h2 {\n    padding-top: 0px !important;\n    margin: 0px !important;\n    border-left: none !important;\n    padding-left: 0px !important;\n    line-height: 1.3;\n    color: #000 !important;\n    font-size: 24px;\n    margin-bottom: 12px !important;\n}\n\n.recomendadorV2Desc {\n    color: #333;\n    margin: 12px 0px !important;\n    font-size: 15px;\n    line-height: 1.5;\n}\n\n.recomendadorV2Button {\n    width: auto;\n    max-width: 200px;\n    margin: 0;\n    display: inline-flex;\n    align-items: center;\n    background: #1D3557;\n    border-radius: 8px;\n    color: #fff;\n    height: 36px;\n    justify-content: center;\n    text-align: center;\n    font-size: 14px;\n    padding: 0 20px;\n    transition: background-color 0.2s ease;\n}\n\n.recomendadorV2Button:hover {\n    background: #2a4d7a;\n}\n\n.recomendadorV2Button:after {\n    margin-top: -2px;\n    content: \"\u2192\";\n    padding: 0px 0px 0px 8px;\n}\n\n.recomendadorV2Alert {\n    text-align: left;\n    font-size: 11px;\n    margin-top: 8px;\n    color: #666;\n}\n\n.recomendadorFixedArea {\n    width: 100%;\n    display: flex;\n    justify-content: center;\n    align-items: center;\n}\n\n@media (min-width: 992px) {\n    #recomendadorFixed {\n        width: 32% !important;\n        left: 5%;\n    }\n    .recomendadorCloseFixed{\n        right: inherit !important;\n        left: 378px !important;\n    }\n}\n\n#recomendadorFixed {\n    width: 90%;\n    box-shadow: 0 10px 20px 0px #00000057;\n    display: none;\n    height: 90px;\n    background: #F6F6F6;\n    position: fixed;\n    flex-direction: row;\n    bottom: 10px;\n    z-index: 9999;\n    border-radius: 16px;\n    padding: 7px 10px;\n}\n\n.recomendadorLeftArea {\n    width: 160px;\n}\n\n.recomendadorRightArea h2 {\n    padding-top: 0px;\n    margin: 2px 0px 4px 0px !important;\n    font-weight: 400;\n    text-align: center;\n    padding-left: 0px !important;\n    color: #000 !important;\n    border-left: none !important;\n    line-height: 20px;\n    font-size: 12px !important;\n}\n\n.recomendadorImgFixed {\n    overflow: hidden;\n    padding: 8px 6px;\n    height: 100%;\n}\n\n.recomendadorImgFixed img {\n    height: 100% !important;\n    border-radius: 16px;\n}\n\n.recomendadorRightArea {\n    padding-top: 6px;\n    display: flex;\n    width: calc(100% - 130px);\n    justify-content: space-between;\n    align-items: center;\n    flex-direction: column;\n}\n\n.recomendadorButtonFixed {\n    margin: 0 auto;\n    background: #1D3557;\n    width: 80%;\n    text-align: center;\n    font-size: 10px;\n    color: #FFF;\n    padding: 2px 10px;\n    border-radius: 3px;\n}\n\n.recomendadorButtonFixed:after {\n    margin-top: -3px;\n    content: \"\u2192\";\n    padding: 0px 0px 0px 10px;\n}\n\n.recomendadorAlertFixed {\n    font-weight: 400;\n    text-align: center;\n    color: #484848;\n    font-size: 8px;\n}\n\n.recomendadorCloseFixed {\n    z-index: 99999;\n    display: none;\n    right: 0px;\n    left: inherit;\n    bottom: 99px;\n    position: fixed;\n    justify-content: center;\n    background: #F6F6F6;\n    width: 25px;\n    align-items: center;\n    height: 25px;\n    font-weight: 800;\n    border-radius: 50%;\n    border: 1px solid #EBEBEB;\n}\n\n.recomendadorV2Desc{\n    color: #000000;\n    margin: 20px 0px;\n}\n\n@media (max-width: 576px) {\n    .recomendadorV2Area {\n      padding: 10px;\n      max-width: 100%;\n    }\n  \n    .recomendadorV2Area1 img {\n      width: 100%;\n      border-radius: 6px;\n    }\n  \n    .recomendadorV2Area2 .recomendadorV2Type {\n      font-size: 9px;\n      letter-spacing: 1px;\n      margin: 8px 0;\n    }\n  \n    .recomendadorV2Title h2 {\n      font-size: 18px !important;\n      margin-bottom: 8px !important;\n      line-height: 1.2;\n    }\n  \n    .recomendadorV2Desc {\n      font-size: 14px;\n      margin: 8px 0 !important;\n      line-height: 1.4;\n    }\n  \n    .recomendadorV2Button {\n      font-size: 12px;\n      height: 30px;\n      padding: 0 12px;\n      max-width: 160px;\n    }\n  \n    .recomendadorV2Button:after {\n      padding-left: 6px;\n    }\n  }\n  <\/style>\n        <div class=\"lazyblock-recomendador-v2-2jDGz wp-block-lazyblock-recomendador-v2\">\n        <a class=\"linkrecomendadorv2\" href=\"https:\/\/correiodoestado.com.br\/mix\/rodovia-mais-esperada-pela-populacao-finalmente-ficara-pronta-para-melhorar-o-transito-entre-cidades-importantes-da-argentina\/?utm_source=lazy\" target=\"_blank\" rel=\"noopener\">\n            <div class=\"recomendadorV2Area\">\n            <div class=\"recomendadorV2Area1\">\n                <div class=\"recomendadorV2Img\">\n                <img class=\"lazyloaded\" decoding=\"async\" src=\"https:\/\/correiodoestado.com.br\/mix\/wp-content\/uploads\/2026\/01\/shutterstock_1787334536-715x402-1-750x375.jpg\" data-src=\"https:\/\/correiodoestado.com.br\/mix\/wp-content\/uploads\/2026\/01\/shutterstock_1787334536-715x402-1-750x375.jpg\" alt=\"\">\n                <\/div>\n            <\/div>\n            <div class=\"recomendadorV2Area2\">\n                <div class=\"recomendadorV2Type\">\n                    <span>Rodovia Argentina<\/span>\n                <\/div>\n                <div class=\"recomendadorV2Title\">\n                <h2><span>Nova rota \ud83c\udde6\ud83c\uddf7<\/span><\/h2>\n                <\/div>\n                <div class=\"recomendadorV2Desc\">\n                <span>Autopista Ruta 19 faz liga\u00e7\u00e3o importante<\/span>\n                <\/div>\n                <div class=\"recomendadorV2Button\">Confira a obra agora<\/div>\n                <div class=\"recomendadorV2Alert\"><\/div>\n            <\/div>\n            <\/div>\n        <\/a>\n        <div>\n            <div style=\"z-index:99999;\" id=\"buttonClose\" onclick=\"closeRecomendadorFixed()\">\n            <div class=\"recomendadorCloseFixed\">X<\/div>\n            <\/div>\n            <a href=\"https:\/\/correiodoestado.com.br\/mix\/rodovia-mais-esperada-pela-populacao-finalmente-ficara-pronta-para-melhorar-o-transito-entre-cidades-importantes-da-argentina\/?utm_source=lazy\" target=\"_blank\" rel=\"noopener\">\n            <div class=\"recomendadorFixedArea\">\n                <div id=\"recomendadorFixed\">\n                <div class=\"recomendadorLeftArea\">\n                    <div class=\"recomendadorImgFixed\">\n                    <img class=\"lazyload\" decoding=\"async\" src=\"https:\/\/correiodoestado.com.br\/mix\/wp-content\/uploads\/2026\/01\/shutterstock_1787334536-715x402-1-750x375.jpg\" alt=\"\">\n                    <\/div>\n                <\/div>\n                <div class=\"recomendadorRightArea\">\n                    <div class=\"recomendadorTitleFixed\">\n                    <h2><span>Nova rota \ud83c\udde6\ud83c\uddf7<\/span><\/h2>\n                    <\/div>\n                    <div class=\"recomendadorButtonFixed\">Confira a obra agora<\/div>\n                    <div class=\"recomendadorAlertFixed\"><\/div>\n                <\/div>\n                <\/div>\n            <\/div>\n            <\/a>\n        <\/div>\n        <\/div>\n\n\n\n<p>A nova regra est\u00e1 prevista em lei estadual sancionada no ano passado. Ela contempla motocicletas fabricadas entre 2012 e 2020, desde que atendam aos crit\u00e9rios.<\/p>\n\n\n\n<p>Segundo estimativas do Governo Goiano, cerca de 260 mil ve\u00edculos passam a ser alcan\u00e7ados. O n\u00famero representa uma parcela expressiva da frota estadual.<\/p>\n\n\n\n<p>Motos com ano de fabrica\u00e7\u00e3o igual ou anterior a 2011 j\u00e1 estavam isentas. Nesses casos, o benef\u00edcio \u00e9 garantido por terem mais de 15 anos de uso.<\/p>\n\n\n\n<p>A legisla\u00e7\u00e3o tamb\u00e9m mant\u00e9m isen\u00e7\u00e3o para ve\u00edculos antigos em geral. Autom\u00f3veis, utilit\u00e1rios e outros meios de transporte com 15 anos ou mais seguem dispensados do IPVA.<\/p>\n\n\n\n<p>Al\u00e9m das motocicletas, continuam isentos ve\u00edculos usados para transporte escolar. T\u00e1xis e motot\u00e1xis registrados regularmente tamb\u00e9m permanecem fora da cobran\u00e7a.<\/p>\n\n\n\n<p>Pessoas com defici\u00eancia seguem amparadas pela legisla\u00e7\u00e3o estadual. Os ve\u00edculos destinados a esse p\u00fablico mant\u00eam o direito \u00e0 isen\u00e7\u00e3o do imposto anual.<\/p>\n\n\n\n<h3 class=\"wp-block-heading\">Descontos e benef\u00edcios adicionais<\/h3>\n\n\n\n<p>Para motos de at\u00e9 125 cilindradas e com menos de seis anos, h\u00e1 redu\u00e7\u00e3o de 50% na base de c\u00e1lculo do IPVA. O desconto depende do bom hist\u00f3rico do condutor.<\/p>\n\n\n\n<p>N\u00e3o ter infra\u00e7\u00f5es, manter o licenciamento em dia e n\u00e3o constar no Cadin s\u00e3o exig\u00eancias. O benef\u00edcio busca incentivar a regularidade no tr\u00e2nsito.<\/p>\n\n\n\n<p>Quem participa do programa Nota Fiscal Goiana pode obter desconto extra. O abatimento varia entre 5% e 10%, conforme os crit\u00e9rios cumpridos.<\/p>\n\n\n\n<p>J\u00e1 o pagamento em parcela \u00fanica garante redu\u00e7\u00e3o adicional. Em 2026, o desconto chega a 8% para quem quitou o imposto at\u00e9 o prazo estipulado.<\/p>\n","protected":false},"excerpt":{"rendered":"<p>Brasileiros que utilizam motocicletas como principal meio de transporte come\u00e7aram 2026 com um motivo extra para comemorar. Um estado brasileiro ampliou a isen\u00e7\u00e3o do IPVA. Desde o in\u00edcio de janeiro, motos, ciclomotores, triciclos e motonetas de at\u00e9 150 cilindradas deixaram de pagar o imposto. A medida vale para ve\u00edculos com seis anos ou mais. A [&hellip;]<\/p>\n","protected":false},"author":4,"featured_media":27183,"comment_status":"open","ping_status":"open","sticky":false,"template":"","format":"standard","meta":{"jnews-multi-image_gallery":[],"jnews_single_post":{"format":"standard"},"jnews_primary_category":[],"jnews_social_meta":[],"footnotes":""},"categories":[1],"tags":[],"class_list":["post-27167","post","type-post","status-publish","format-standard","has-post-thumbnail","hentry","category-mix"],"_links":{"self":[{"href":"https:\/\/correiodoestado.audiencelabs.com.br\/wp-json\/wp\/v2\/posts\/27167","targetHints":{"allow":["GET"]}}],"collection":[{"href":"https:\/\/correiodoestado.audiencelabs.com.br\/wp-json\/wp\/v2\/posts"}],"about":[{"href":"https:\/\/correiodoestado.audiencelabs.com.br\/wp-json\/wp\/v2\/types\/post"}],"author":[{"embeddable":true,"href":"https:\/\/correiodoestado.audiencelabs.com.br\/wp-json\/wp\/v2\/users\/4"}],"replies":[{"embeddable":true,"href":"https:\/\/correiodoestado.audiencelabs.com.br\/wp-json\/wp\/v2\/comments?post=27167"}],"version-history":[{"count":3,"href":"https:\/\/correiodoestado.audiencelabs.com.br\/wp-json\/wp\/v2\/posts\/27167\/revisions"}],"predecessor-version":[{"id":27324,"href":"https:\/\/correiodoestado.audiencelabs.com.br\/wp-json\/wp\/v2\/posts\/27167\/revisions\/27324"}],"wp:featuredmedia":[{"embeddable":true,"href":"https:\/\/correiodoestado.audiencelabs.com.br\/wp-json\/wp\/v2\/media\/27183"}],"wp:attachment":[{"href":"https:\/\/correiodoestado.audiencelabs.com.br\/wp-json\/wp\/v2\/media?parent=27167"}],"wp:term":[{"taxonomy":"category","embeddable":true,"href":"https:\/\/correiodoestado.audiencelabs.com.br\/wp-json\/wp\/v2\/categories?post=27167"},{"taxonomy":"post_tag","embeddable":true,"href":"https:\/\/correiodoestado.audiencelabs.com.br\/wp-json\/wp\/v2\/tags?post=27167"}],"curies":[{"name":"wp","href":"https:\/\/api.w.org\/{rel}","templated":true}]}}