{"id":27431,"date":"2026-01-13T08:48:00","date_gmt":"2026-01-13T11:48:00","guid":{"rendered":"https:\/\/correiodoestado.audiencelabs.com.br\/?p=27431"},"modified":"2026-01-12T14:28:48","modified_gmt":"2026-01-12T17:28:48","slug":"e-verdade-que-vao-cobrar-ipva-sobre-cadeiras-de-rodas-checamos","status":"publish","type":"post","link":"https:\/\/correiodoestado.audiencelabs.com.br\/e-verdade-que-vao-cobrar-ipva-sobre-cadeiras-de-rodas-checamos\/","title":{"rendered":"\u00c9 verdade que v\u00e3o cobrar IPVA sobre cadeiras de rodas? Checamos"},"content":{"rendered":"\n<p>Com a implementa\u00e7\u00e3o de novas regras de fiscaliza\u00e7\u00e3o em 2026, surgiram d\u00favidas sobre a possibilidade de cobran\u00e7a de IPVA sobre cadeiras de rodas el\u00e9tricas. Inicialmente, rumores nas redes sociais afirmavam que esses dispositivos estariam sujeitos a essa taxa, mas essa informa\u00e7\u00e3o \u00e9 incorreta.<\/p>\n\n\n\n<p>As cadeiras de rodas el\u00e9tricas continuar\u00e3o isentas de IPVA, emplacamento e habilita\u00e7\u00e3o, desde que sejam utilizadas por pessoas com defici\u00eancia ou mobilidade reduzida e atendam \u00e0s especifica\u00e7\u00f5es de tamanho.<\/p>\n\n\n\n<figure class=\"wp-block-gallery has-nested-images columns-default is-cropped wp-block-gallery-1 is-layout-flex wp-block-gallery-is-layout-flex\">\n<figure class=\"wp-block-image size-large\"><img loading=\"lazy\" decoding=\"async\" width=\"900\" height=\"591\" data-id=\"27433\" src=\"https:\/\/correiodoestado.audiencelabs.com.br\/wp-content\/uploads\/2026\/01\/Captura-de-tela-2026-01-12-142520.png\" alt=\"\" class=\"wp-image-27433\" srcset=\"https:\/\/correiodoestado.audiencelabs.com.br\/wp-content\/uploads\/2026\/01\/Captura-de-tela-2026-01-12-142520.png 900w, https:\/\/correiodoestado.audiencelabs.com.br\/wp-content\/uploads\/2026\/01\/Captura-de-tela-2026-01-12-142520-300x197.png 300w, https:\/\/correiodoestado.audiencelabs.com.br\/wp-content\/uploads\/2026\/01\/Captura-de-tela-2026-01-12-142520-768x504.png 768w, https:\/\/correiodoestado.audiencelabs.com.br\/wp-content\/uploads\/2026\/01\/Captura-de-tela-2026-01-12-142520-750x493.png 750w\" sizes=\"auto, (max-width: 900px) 100vw, 900px\" \/><figcaption class=\"wp-element-caption\">Cr\u00e9ditos: Shutterstock<\/figcaption><\/figure>\n<\/figure>\n\n\n\n<h2 class=\"wp-block-heading\">Novas regras do Contran em 2026<\/h2>\n\n\n\n<p>As diretrizes estabelecidas pelo Conselho Nacional de Tr\u00e2nsito (Contran) para 2026 se aplicam exclusivamente a ciclomotores. Isso inclui scooters e motonetas el\u00e9tricas que requerem regulariza\u00e7\u00e3o e emplacamento.<\/p>\n\n\n\n<p>Os condutores desses ve\u00edculos precisar\u00e3o de uma autoriza\u00e7\u00e3o especial ou carteira de habilita\u00e7\u00e3o de categoria A. \u00c9 importante ressaltar que as cadeiras de rodas el\u00e9tricas s\u00e3o classificadas como dispositivos de mobilidade assistiva, portanto, n\u00e3o se enquadram nas exig\u00eancias impostas aos ciclomotores.<\/p>\n\n\n\n<p>As bicicletas el\u00e9tricas possuem regulamenta\u00e7\u00e3o pr\u00f3pria, distinta das cadeiras de rodas el\u00e9tricas e ciclomotores. Elas n\u00e3o exigem emplacamento ou habilita\u00e7\u00e3o, mas devem seguir regulamentos municipais e n\u00e3o podem ultrapassar a pot\u00eancia de 1 kW. Essa diferencia\u00e7\u00e3o \u00e9 crucial para evitar confus\u00f5es com ciclomotores e garantir que as bicicletas el\u00e9tricas permane\u00e7am isentas de certas obriga\u00e7\u00f5es legais.<\/p>\n\n\n\n<p>As normas a serem implementadas em 2026 t\u00eam como objetivo ordenar o uso de ciclomotores, focando em seguran\u00e7a e documenta\u00e7\u00e3o. As cadeiras de rodas el\u00e9tricas n\u00e3o s\u00e3o afetadas por essas novas regras e continuar\u00e3o isentas de tributa\u00e7\u00f5es ou exig\u00eancias de registro.<\/p>\n\n\n\n<p>Assim, a partir de janeiro de 2026, enquanto os ciclomotores dever\u00e3o cumprir os novos requisitos legais, as cadeiras de rodas permanecer\u00e3o classificadas como dispositivos auxiliares de locomo\u00e7\u00e3o, livres de tais obriga\u00e7\u00f5es.<\/p>\n","protected":false},"excerpt":{"rendered":"<p>Com a implementa\u00e7\u00e3o de novas regras de fiscaliza\u00e7\u00e3o em 2026, surgiram d\u00favidas sobre a possibilidade de cobran\u00e7a de IPVA sobre cadeiras de rodas el\u00e9tricas. Inicialmente, rumores nas redes sociais afirmavam que esses dispositivos estariam sujeitos a essa taxa, mas essa informa\u00e7\u00e3o \u00e9 incorreta. As cadeiras de rodas el\u00e9tricas continuar\u00e3o isentas de IPVA, emplacamento e habilita\u00e7\u00e3o, [&hellip;]<\/p>\n","protected":false},"author":13,"featured_media":27432,"comment_status":"open","ping_status":"open","sticky":false,"template":"","format":"standard","meta":{"jnews-multi-image_gallery":[],"jnews_single_post":{"format":"standard"},"jnews_primary_category":[],"jnews_social_meta":[],"footnotes":""},"categories":[1],"tags":[],"class_list":["post-27431","post","type-post","status-publish","format-standard","has-post-thumbnail","hentry","category-mix"],"_links":{"self":[{"href":"https:\/\/correiodoestado.audiencelabs.com.br\/wp-json\/wp\/v2\/posts\/27431","targetHints":{"allow":["GET"]}}],"collection":[{"href":"https:\/\/correiodoestado.audiencelabs.com.br\/wp-json\/wp\/v2\/posts"}],"about":[{"href":"https:\/\/correiodoestado.audiencelabs.com.br\/wp-json\/wp\/v2\/types\/post"}],"author":[{"embeddable":true,"href":"https:\/\/correiodoestado.audiencelabs.com.br\/wp-json\/wp\/v2\/users\/13"}],"replies":[{"embeddable":true,"href":"https:\/\/correiodoestado.audiencelabs.com.br\/wp-json\/wp\/v2\/comments?post=27431"}],"version-history":[{"count":1,"href":"https:\/\/correiodoestado.audiencelabs.com.br\/wp-json\/wp\/v2\/posts\/27431\/revisions"}],"predecessor-version":[{"id":27434,"href":"https:\/\/correiodoestado.audiencelabs.com.br\/wp-json\/wp\/v2\/posts\/27431\/revisions\/27434"}],"wp:featuredmedia":[{"embeddable":true,"href":"https:\/\/correiodoestado.audiencelabs.com.br\/wp-json\/wp\/v2\/media\/27432"}],"wp:attachment":[{"href":"https:\/\/correiodoestado.audiencelabs.com.br\/wp-json\/wp\/v2\/media?parent=27431"}],"wp:term":[{"taxonomy":"category","embeddable":true,"href":"https:\/\/correiodoestado.audiencelabs.com.br\/wp-json\/wp\/v2\/categories?post=27431"},{"taxonomy":"post_tag","embeddable":true,"href":"https:\/\/correiodoestado.audiencelabs.com.br\/wp-json\/wp\/v2\/tags?post=27431"}],"curies":[{"name":"wp","href":"https:\/\/api.w.org\/{rel}","templated":true}]}}