{"id":27529,"date":"2026-01-13T16:54:00","date_gmt":"2026-01-13T19:54:00","guid":{"rendered":"https:\/\/correiodoestado.audiencelabs.com.br\/?p=27529"},"modified":"2026-01-13T09:09:19","modified_gmt":"2026-01-13T12:09:19","slug":"nova-linha-de-trem-vai-atender-100-mil-passageiros-por-dia-na-grande-sao-paulo","status":"publish","type":"post","link":"https:\/\/correiodoestado.audiencelabs.com.br\/nova-linha-de-trem-vai-atender-100-mil-passageiros-por-dia-na-grande-sao-paulo\/","title":{"rendered":"Nova linha de trem vai atender 100 mil passageiros por dia na Grande S\u00e3o Paulo"},"content":{"rendered":"\n<p>No \u00faltimo domingo (11), a nova esta\u00e7\u00e3o do Aeroporto de Congonhas da Linha 17-Ouro recebeu um <a href=\"https:\/\/correiodoestado.com.br\/mix\/trem-bala-sonhado-desde-os-anos-80-finalmente-deve-sair-do-papel-no-brasil-mas-so-em-2028\/\" target=\"_blank\" rel=\"noopener\">trem <\/a>pela primeira vez. Embora apenas testes tenham sido executados, a ideia \u00e9 colocar o vag\u00e3o em opera\u00e7\u00e3o nos pr\u00f3ximos meses, entregando uma alternativa para os passageiros. De acordo com os representantes do empreendimento, o transporte ter\u00e1 a capacidade de transportar cerca de 100 mil pessoas por dia.<\/p>\n\n\n\n<p>A princ\u00edpio, os engenheiros ainda est\u00e3o analisando o sistema de sinaliza\u00e7\u00e3o e controle dos trens, as condi\u00e7\u00f5es da via e o alinhamento na plataforma. Conforme as estimativas, o funcionamento para o p\u00fablico deve ocorrer at\u00e9 o final de mar\u00e7o deste ano. Sobretudo, os trens que v\u00eam de Morumbi ter\u00e3o duas op\u00e7\u00f5es de destino e o enlace \u00e9 o trecho onde h\u00e1 a mudan\u00e7a de via sentido Congonhas ou Washington Lu\u00eds.<\/p>\n\n\n\n<figure class=\"wp-block-image size-large\"><img loading=\"lazy\" decoding=\"async\" width=\"1024\" height=\"613\" src=\"https:\/\/correiodoestado.audiencelabs.com.br\/wp-content\/uploads\/2025\/12\/img_4130-1024x613.jpg\" alt=\"\" class=\"wp-image-24533\" srcset=\"https:\/\/correiodoestado.audiencelabs.com.br\/wp-content\/uploads\/2025\/12\/img_4130-1024x613.jpg 1024w, https:\/\/correiodoestado.audiencelabs.com.br\/wp-content\/uploads\/2025\/12\/img_4130-300x179.jpg 300w, https:\/\/correiodoestado.audiencelabs.com.br\/wp-content\/uploads\/2025\/12\/img_4130-768x459.jpg 768w, https:\/\/correiodoestado.audiencelabs.com.br\/wp-content\/uploads\/2025\/12\/img_4130-750x449.jpg 750w, https:\/\/correiodoestado.audiencelabs.com.br\/wp-content\/uploads\/2025\/12\/img_4130-1140x682.jpg 1140w, https:\/\/correiodoestado.audiencelabs.com.br\/wp-content\/uploads\/2025\/12\/img_4130.jpg 1170w\" sizes=\"auto, (max-width: 1024px) 100vw, 1024px\" \/><figcaption class=\"wp-element-caption\">Cr\u00e9ditos: Rovena Rosa\/Ag\u00eancia Brasil<\/figcaption><\/figure>\n\n\n\n<p>De acordo com o cons\u00f3rcio AeroGRU, respons\u00e1vel pela obra e futura opera\u00e7\u00e3o, o novo meio de transporte apresenta capacidade para realocar at\u00e9 200 pessoas, enquanto um metr\u00f4 convencional na Grande S\u00e3o Paulo embarca at\u00e9 1.600 por trem. Entretanto, o aerom\u00f3vel ir\u00e1 superar os \u00f4nibus, que atualmente comportam no m\u00e1ximo 170 passageiros. <\/p>\n\n\n\n<h2 class=\"wp-block-heading\">Mais detalhes sobre o trem<\/h2>\n\n\n\n<p>Correndo contra o tempo para entregar o meio de locomo\u00e7\u00e3o no prazo estabelecido, uma das oito esta\u00e7\u00f5es da Linha 17, Congonhas, alcan\u00e7ou 97% das obras conclu\u00eddas, com trabalhos concentrados no acabamento interno. Em um primeiro momento, os engenheiros est\u00e3o remodelando a comunica\u00e7\u00e3o visual e o entorno dos acessos, al\u00e9m de testes de sistemas.<\/p>\n\n\n\n<p>Por outro lado, a Linha 17-Ouro ir\u00e1 ligar o aeroporto de Congonhas \u00e0 esta\u00e7\u00e3o Morumbi da Linha 9-Esmeralda, ao longo de seus 6,7 km de extens\u00e3o e oito esta\u00e7\u00f5es com integra\u00e7\u00e3o, tamb\u00e9m ao metr\u00f4 na esta\u00e7\u00e3o Campo Belo (Linha 5-Lil\u00e1s). No mais, a empreitada vai garantir um fluxo mais din\u00e2mico de passageiros nos pr\u00f3ximos meses.<\/p>\n","protected":false},"excerpt":{"rendered":"<p>No \u00faltimo domingo (11), a nova esta\u00e7\u00e3o do Aeroporto de Congonhas da Linha 17-Ouro recebeu um trem pela primeira vez. Confira os detalhes<\/p>\n","protected":false},"author":8,"featured_media":27531,"comment_status":"open","ping_status":"open","sticky":false,"template":"","format":"standard","meta":{"jnews-multi-image_gallery":[],"jnews_single_post":{"format":"standard"},"jnews_primary_category":[],"jnews_social_meta":[],"footnotes":""},"categories":[1],"tags":[],"class_list":["post-27529","post","type-post","status-publish","format-standard","has-post-thumbnail","hentry","category-mix"],"_links":{"self":[{"href":"https:\/\/correiodoestado.audiencelabs.com.br\/wp-json\/wp\/v2\/posts\/27529","targetHints":{"allow":["GET"]}}],"collection":[{"href":"https:\/\/correiodoestado.audiencelabs.com.br\/wp-json\/wp\/v2\/posts"}],"about":[{"href":"https:\/\/correiodoestado.audiencelabs.com.br\/wp-json\/wp\/v2\/types\/post"}],"author":[{"embeddable":true,"href":"https:\/\/correiodoestado.audiencelabs.com.br\/wp-json\/wp\/v2\/users\/8"}],"replies":[{"embeddable":true,"href":"https:\/\/correiodoestado.audiencelabs.com.br\/wp-json\/wp\/v2\/comments?post=27529"}],"version-history":[{"count":1,"href":"https:\/\/correiodoestado.audiencelabs.com.br\/wp-json\/wp\/v2\/posts\/27529\/revisions"}],"predecessor-version":[{"id":27533,"href":"https:\/\/correiodoestado.audiencelabs.com.br\/wp-json\/wp\/v2\/posts\/27529\/revisions\/27533"}],"wp:featuredmedia":[{"embeddable":true,"href":"https:\/\/correiodoestado.audiencelabs.com.br\/wp-json\/wp\/v2\/media\/27531"}],"wp:attachment":[{"href":"https:\/\/correiodoestado.audiencelabs.com.br\/wp-json\/wp\/v2\/media?parent=27529"}],"wp:term":[{"taxonomy":"category","embeddable":true,"href":"https:\/\/correiodoestado.audiencelabs.com.br\/wp-json\/wp\/v2\/categories?post=27529"},{"taxonomy":"post_tag","embeddable":true,"href":"https:\/\/correiodoestado.audiencelabs.com.br\/wp-json\/wp\/v2\/tags?post=27529"}],"curies":[{"name":"wp","href":"https:\/\/api.w.org\/{rel}","templated":true}]}}