{"id":27558,"date":"2026-01-13T13:18:00","date_gmt":"2026-01-13T16:18:00","guid":{"rendered":"https:\/\/correiodoestado.audiencelabs.com.br\/?p=27558"},"modified":"2026-01-13T10:17:02","modified_gmt":"2026-01-13T13:17:02","slug":"novidade-anunciada-pelo-governo-vai-permitir-que-trabalhadores-clt-economizem-mais-de-r-300-por-mes","status":"publish","type":"post","link":"https:\/\/correiodoestado.audiencelabs.com.br\/novidade-anunciada-pelo-governo-vai-permitir-que-trabalhadores-clt-economizem-mais-de-r-300-por-mes\/","title":{"rendered":"Novidade anunciada pelo governo vai permitir que trabalhadores CLT economizem mais de R$ 300 por m\u00eas"},"content":{"rendered":"\n<p>Sancionada em novembro, a reforma do Imposto de Renda (IR) entrou em vigor no dia 1\u00ba de janeiro de 2026. Em resumo, o Projeto de Lei 1087\/25, aprovado pela C\u00e2mara dos Deputados, concede isen\u00e7\u00e3o para cerca de 15 milh\u00f5es de brasileiros que recebem at\u00e9 R$ 5 mil mensais. O novo mecanismo tende a gerar economia de at\u00e9 R$ 313 por m\u00eas aos trabalhadores da\u00a0Consolida\u00e7\u00e3o das Leis do Trabalho (CLT).<\/p>\n\n\n\n<p>De acordo com o <a href=\"https:\/\/correiodoestado.com.br\/mix\/governo-tem-martelo-batido-sobre-reajuste-do-bolsa-familia-para-r-700-em-2026\/\" target=\"_blank\" rel=\"noopener\">Governo Federal<\/a>, a perda de arrecada\u00e7\u00e3o ser\u00e1 recompensada por aqueles que ganham a partir de R$ 50 mil por m\u00eas, que passar\u00e3o a pagar mais Imposto de Renda. O levantamento mais recente decretou que aproximadamente 141 mil brasileiros v\u00e3o ser obrigados a pagar valores adicionais no ato da declara\u00e7\u00e3o.<\/p>\n\n\n\n<figure class=\"wp-block-image size-large\"><img loading=\"lazy\" decoding=\"async\" width=\"1024\" height=\"613\" src=\"https:\/\/correiodoestado.audiencelabs.com.br\/wp-content\/uploads\/2025\/09\/mcam20022020-6-1024x613.webp\" alt=\"\" class=\"wp-image-8447\" srcset=\"https:\/\/correiodoestado.audiencelabs.com.br\/wp-content\/uploads\/2025\/09\/mcam20022020-6-1024x613.webp 1024w, https:\/\/correiodoestado.audiencelabs.com.br\/wp-content\/uploads\/2025\/09\/mcam20022020-6-300x179.webp 300w, https:\/\/correiodoestado.audiencelabs.com.br\/wp-content\/uploads\/2025\/09\/mcam20022020-6-768x459.webp 768w, https:\/\/correiodoestado.audiencelabs.com.br\/wp-content\/uploads\/2025\/09\/mcam20022020-6-750x449.webp 750w, https:\/\/correiodoestado.audiencelabs.com.br\/wp-content\/uploads\/2025\/09\/mcam20022020-6-1140x682.webp 1140w, https:\/\/correiodoestado.audiencelabs.com.br\/wp-content\/uploads\/2025\/09\/mcam20022020-6.webp 1170w\" sizes=\"auto, (max-width: 1024px) 100vw, 1024px\" \/><figcaption class=\"wp-element-caption\">Cr\u00e9ditos: Marcelo Camargo\/Ag\u00eancia Brasil<\/figcaption><\/figure>\n\n\n\n<p>Por sua vez, \u00e9 v\u00e1lido destacar que a Declara\u00e7\u00e3o do Imposto de Renda Pessoa F\u00edsica deste ano precisa ser feita por todos, uma vez que corresponde ao ano-base de 2025. Sendo assim, a isen\u00e7\u00e3o somente estar\u00e1 \u00e0 disposi\u00e7\u00e3o em 2027, quando o ano-base for 2026. Em outras palavras, a partir do ano que vem o novo modelo de IR estar\u00e1 estabelecido definitivamente.<\/p>\n\n\n\n<h2 class=\"wp-block-heading\">O que muda na pr\u00e1tica ap\u00f3s a valida\u00e7\u00e3o do Governo Federal?<\/h2>\n\n\n\n<p>Sobretudo, a principal mudan\u00e7a corresponde \u00e0 amplia\u00e7\u00e3o da faixa de isen\u00e7\u00e3o, em que a renda mensal de at\u00e9 R$ 5 mil ter\u00e1 isen\u00e7\u00e3o total perante o Imposto de Renda. Para fins comparativos, atualmente, a isen\u00e7\u00e3o corresponde a at\u00e9 dois sal\u00e1rios m\u00ednimos (R$ 3.036). Nesse modelo, a ren\u00fancia fiscal ser\u00e1 de R$ 25,4 bilh\u00f5es.<\/p>\n\n\n\n<p>Em outras palavras, isso significa que os trabalhadores CLT podem economizar at\u00e9 R$ 4 mil por ano, considerando o d\u00e9cimo terceiro sal\u00e1rio. Por outro lado, a reforma cria uma faixa intermedi\u00e1ria de al\u00edvio tribut\u00e1rio de R$ 5.000,01 a R$ 7.350 por m\u00eas, em que a isen\u00e7\u00e3o ser\u00e1 parcial, com desconto decrescente no imposto.<\/p>\n\n\n\n<p><strong>Confira as mudan\u00e7as significativas:<\/strong><\/p>\n\n\n\n<ul class=\"wp-block-list\">\n<li>Isen\u00e7\u00e3o total at\u00e9 R$ 5 mil por m\u00eas;<\/li>\n\n\n\n<li>Desconto gradual at\u00e9 R$ 7.350;<\/li>\n\n\n\n<li>Nada muda para sal\u00e1rios acima disso;<\/li>\n\n\n\n<li>Imposto m\u00ednimo de at\u00e9 10% para renda acima de R$ 600 mil por ano;<\/li>\n\n\n\n<li>Dividendos acima de R$ 50 mil por m\u00eas passam a ser tributados.<\/li>\n<\/ul>\n","protected":false},"excerpt":{"rendered":"<p>Sancionada em novembro, a reforma do Imposto de Renda (IR) entrou em vigor no dia 1\u00ba de janeiro de 2026, fator que tende a garantir uma sobrevida aos CLTs<\/p>\n","protected":false},"author":8,"featured_media":17651,"comment_status":"open","ping_status":"open","sticky":false,"template":"","format":"standard","meta":{"jnews-multi-image_gallery":[],"jnews_single_post":{"format":"standard"},"jnews_primary_category":[],"jnews_social_meta":[],"footnotes":""},"categories":[1],"tags":[],"class_list":["post-27558","post","type-post","status-publish","format-standard","has-post-thumbnail","hentry","category-mix"],"_links":{"self":[{"href":"https:\/\/correiodoestado.audiencelabs.com.br\/wp-json\/wp\/v2\/posts\/27558","targetHints":{"allow":["GET"]}}],"collection":[{"href":"https:\/\/correiodoestado.audiencelabs.com.br\/wp-json\/wp\/v2\/posts"}],"about":[{"href":"https:\/\/correiodoestado.audiencelabs.com.br\/wp-json\/wp\/v2\/types\/post"}],"author":[{"embeddable":true,"href":"https:\/\/correiodoestado.audiencelabs.com.br\/wp-json\/wp\/v2\/users\/8"}],"replies":[{"embeddable":true,"href":"https:\/\/correiodoestado.audiencelabs.com.br\/wp-json\/wp\/v2\/comments?post=27558"}],"version-history":[{"count":2,"href":"https:\/\/correiodoestado.audiencelabs.com.br\/wp-json\/wp\/v2\/posts\/27558\/revisions"}],"predecessor-version":[{"id":27569,"href":"https:\/\/correiodoestado.audiencelabs.com.br\/wp-json\/wp\/v2\/posts\/27558\/revisions\/27569"}],"wp:featuredmedia":[{"embeddable":true,"href":"https:\/\/correiodoestado.audiencelabs.com.br\/wp-json\/wp\/v2\/media\/17651"}],"wp:attachment":[{"href":"https:\/\/correiodoestado.audiencelabs.com.br\/wp-json\/wp\/v2\/media?parent=27558"}],"wp:term":[{"taxonomy":"category","embeddable":true,"href":"https:\/\/correiodoestado.audiencelabs.com.br\/wp-json\/wp\/v2\/categories?post=27558"},{"taxonomy":"post_tag","embeddable":true,"href":"https:\/\/correiodoestado.audiencelabs.com.br\/wp-json\/wp\/v2\/tags?post=27558"}],"curies":[{"name":"wp","href":"https:\/\/api.w.org\/{rel}","templated":true}]}}