{"id":27724,"date":"2026-01-14T03:39:00","date_gmt":"2026-01-14T06:39:00","guid":{"rendered":"https:\/\/correiodoestado.audiencelabs.com.br\/?p=27724"},"modified":"2026-01-13T16:55:17","modified_gmt":"2026-01-13T19:55:17","slug":"item-queridinho-dos-brasileiros-pode-render-multa-superior-a-r-2-mil-se-for-usado-na-praia","status":"publish","type":"post","link":"https:\/\/correiodoestado.audiencelabs.com.br\/item-queridinho-dos-brasileiros-pode-render-multa-superior-a-r-2-mil-se-for-usado-na-praia\/","title":{"rendered":"Item queridinho dos brasileiros pode render multa superior a R$ 2 mil se for usado na praia"},"content":{"rendered":"\n<p>Com o ver\u00e3o em vig\u00eancia, as <a href=\"https:\/\/correiodoestado.com.br\/mix\/praia-deslumbrante-do-nordeste-ainda-e-pouco-conhecida-e-nao-perde-em-nada-para-o-caribe\/\" target=\"_blank\" rel=\"noopener\">praias <\/a>se tornam o principal destino daqueles que desejam estar em contato com a natureza e longe do caos do dia a dia. Embora seja um ambiente para relaxar, \u00e9 comum se deparar com alguns banhistas utilizando caixas de som particulares. No entanto, regras sobre o uso do aparelho eletr\u00f4nico podem colocar um fim na polui\u00e7\u00e3o sonora.<\/p>\n\n\n\n<p>De acordo com as autoridades, as praias do Litoral Norte de S\u00e3o Paulo v\u00e3o passar por novas atualiza\u00e7\u00f5es diante do uso de caixa de som na temporada atual. As diretrizes esclarecem que as prefeituras ser\u00e3o respons\u00e1veis por refor\u00e7ar a fiscaliza\u00e7\u00e3o nas praias, garantindo as proibi\u00e7\u00f5es do aparelho que, em muitos dos casos, interfere na plenitude do ambiente.<\/p>\n\n\n\n<figure class=\"wp-block-image size-full\"><img decoding=\"async\" src=\"https:\/\/correiodoestado.audiencelabs.com.br\/wp-content\/uploads\/2025\/10\/98885116-ri-rio-de-janeiro-rj-01-05-2022-prefeitura-do-rio-proibe-caixas-de-som-nas-praias-d.webp\" alt=\"\" class=\"wp-image-17204\" \/><figcaption class=\"wp-element-caption\">Foto: Reprodu\u00e7\u00e3o\/Alexandre Cassiano<\/figcaption><\/figure>\n\n\n\n<p>Colocando em pr\u00e1tica a imposi\u00e7\u00e3o, em Caraguatatuba o uso de\u00a0caixas de som \u00e9 estritamente proibido, e a infra\u00e7\u00e3o pode gerar\u00a0multa de R$ 2.405.\u00a0Em continuidade, Ilhabela tamb\u00e9m tem sido incisiva, colocando a paz ambiente em primeiro lugar ao decretar infra\u00e7\u00e3o e puni\u00e7\u00e3o de R$ 3 mil para quem desrespeitar as regras. Por fim, S\u00e3o Sebasti\u00e3o estabeleceu multas que variam de R$ 5.490 a R$ 10.980.<\/p>\n\n\n\n<p>A decis\u00e3o foi amplamente questionada, especialmente por aqueles que est\u00e3o acostumados a importunar banhistas com m\u00fasicas desagrad\u00e1veis em elevado volume. Em contrapartida, moradores e turistas que somente se dirigem ao mar com a finalidade de encontrar sossego e tranquilidade comemoraram a decis\u00e3o. Portanto, para evitar san\u00e7\u00f5es financeiras, \u00e9 recomendado utilizar fones de ouvido.<\/p>\n\n\n\n<h2 class=\"wp-block-heading\">Praia de S\u00e3o Paulo torna-se ainda mais rigorosa<\/h2>\n\n\n\n<p>No ano passado, foi promulgada uma lei que pro\u00edbe o uso de tendas e barracas nas praias de Ubatuba e limita tamb\u00e9m o tamanho de guarda-sol que se pode usar nas praias. Atualmente, est\u00e1 proibido o uso de \u201ctendas, barracas, gazebos e estruturas similares\u201d nas praias, com algumas exce\u00e7\u00f5es. Confira quais s\u00e3o as ressalvas:<\/p>\n\n\n\n<ul class=\"wp-block-list\">\n<li>Uso de guarda-s\u00f3is, de uso individual ou familiar, desde que n\u00e3o ultrapassem 3 metros de di\u00e2metro;<\/li>\n\n\n\n<li>Tendas usadas em eventos autorizados pela prefeitura;<\/li>\n\n\n\n<li>Tendas de ambulantes em pontos fixos autorizados pela prefeitura;<\/li>\n\n\n\n<li>Tendas destinadas a a\u00e7\u00f5es emergenciais de sa\u00fade, salvamento ou prote\u00e7\u00e3o civil;<\/li>\n\n\n\n<li>Tendas instaladas por \u00f3rg\u00e3os p\u00fablicos para apoio tur\u00edstico, educativo, cultural ou de seguran\u00e7a.<\/li>\n<\/ul>\n\n\n\n<p>Sobretudo, o banhista n\u00e3o pode instalar tendas, barracas e gazebos em nenhuma hip\u00f3tese. Guarda-s\u00f3is que tenham mais de 3 metros de di\u00e2metro tamb\u00e9m n\u00e3o s\u00e3o permitidos e podem ser apreendidos pela fiscaliza\u00e7\u00e3o. J\u00e1 a utiliza\u00e7\u00e3o de aparelhos sonoros tamb\u00e9m \u00e9 proibida em todas as praias da cidade. No mais, o descumprimento da norma est\u00e1 sujeito \u00e0 autua\u00e7\u00e3o no valor de R$ 5 mil.<\/p>\n","protected":false},"excerpt":{"rendered":"<p>Com o ver\u00e3o em vig\u00eancia, as praias se tornam o principal destino daqueles que desejam estar em contato com a natureza e longe do caos do dia a dia<\/p>\n","protected":false},"author":8,"featured_media":27729,"comment_status":"open","ping_status":"open","sticky":false,"template":"","format":"standard","meta":{"jnews-multi-image_gallery":[],"jnews_single_post":{"format":"standard"},"jnews_primary_category":[],"jnews_social_meta":[],"footnotes":""},"categories":[1],"tags":[],"class_list":["post-27724","post","type-post","status-publish","format-standard","has-post-thumbnail","hentry","category-mix"],"_links":{"self":[{"href":"https:\/\/correiodoestado.audiencelabs.com.br\/wp-json\/wp\/v2\/posts\/27724","targetHints":{"allow":["GET"]}}],"collection":[{"href":"https:\/\/correiodoestado.audiencelabs.com.br\/wp-json\/wp\/v2\/posts"}],"about":[{"href":"https:\/\/correiodoestado.audiencelabs.com.br\/wp-json\/wp\/v2\/types\/post"}],"author":[{"embeddable":true,"href":"https:\/\/correiodoestado.audiencelabs.com.br\/wp-json\/wp\/v2\/users\/8"}],"replies":[{"embeddable":true,"href":"https:\/\/correiodoestado.audiencelabs.com.br\/wp-json\/wp\/v2\/comments?post=27724"}],"version-history":[{"count":2,"href":"https:\/\/correiodoestado.audiencelabs.com.br\/wp-json\/wp\/v2\/posts\/27724\/revisions"}],"predecessor-version":[{"id":27735,"href":"https:\/\/correiodoestado.audiencelabs.com.br\/wp-json\/wp\/v2\/posts\/27724\/revisions\/27735"}],"wp:featuredmedia":[{"embeddable":true,"href":"https:\/\/correiodoestado.audiencelabs.com.br\/wp-json\/wp\/v2\/media\/27729"}],"wp:attachment":[{"href":"https:\/\/correiodoestado.audiencelabs.com.br\/wp-json\/wp\/v2\/media?parent=27724"}],"wp:term":[{"taxonomy":"category","embeddable":true,"href":"https:\/\/correiodoestado.audiencelabs.com.br\/wp-json\/wp\/v2\/categories?post=27724"},{"taxonomy":"post_tag","embeddable":true,"href":"https:\/\/correiodoestado.audiencelabs.com.br\/wp-json\/wp\/v2\/tags?post=27724"}],"curies":[{"name":"wp","href":"https:\/\/api.w.org\/{rel}","templated":true}]}}