{"id":28028,"date":"2026-01-15T14:29:00","date_gmt":"2026-01-15T17:29:00","guid":{"rendered":"https:\/\/correiodoestado.audiencelabs.com.br\/?p=28028"},"modified":"2026-01-15T10:20:50","modified_gmt":"2026-01-15T13:20:50","slug":"rota-dos-grandes-canyons-do-brasil-recebe-investimento-de-r-76-milhoes-para-criar-um-novo-corredor-turistico","status":"publish","type":"post","link":"https:\/\/correiodoestado.audiencelabs.com.br\/rota-dos-grandes-canyons-do-brasil-recebe-investimento-de-r-76-milhoes-para-criar-um-novo-corredor-turistico\/","title":{"rendered":"Rota dos Grandes Canyons do Brasil recebe investimento de R$ 76 milh\u00f5es para criar um novo corredor tur\u00edstico"},"content":{"rendered":"\n<p>Com o objetivo de dinamizar a rotatividade econ\u00f4mica impulsionada pelo turismo, um novo corredor que ligar\u00e1 o Litoral de Santa Catarina \u00e0 Serra Ga\u00facha ser\u00e1 sacramentado. De acordo com o governo do estado, a pavimenta\u00e7\u00e3o da Serra do Faxinal, na SC-290, deve ser finalizada ainda no primeiro semestre de 2026 depois de ter recebido investimento total de R$ 76 milh\u00f5es.<\/p>\n\n\n\n<p>Embora 85% das obras estejam finalizadas, as autoridades mant\u00eam cautela sobre uma data exata para que o percurso volte a fazer parte do tr\u00e1fego catarinense. Com o recurso proveniente do programa Estrada Boa, a rodovia ir\u00e1 melhorar a conex\u00e3o entre os munic\u00edpios de\u00a0Praia Grande, no Extremo Sul de Santa Catarina, e Cambar\u00e1 do Sul, na regi\u00e3o Serrana do Rio Grande do Sul.<\/p>\n\n\n\n<figure class=\"wp-block-image size-large\"><img loading=\"lazy\" decoding=\"async\" width=\"1024\" height=\"576\" src=\"https:\/\/correiodoestado.audiencelabs.com.br\/wp-content\/uploads\/2026\/01\/Obras-na-Serra-do-Faxinal-FOTO-Divulgacao-SecomGOVSC-3-1024x576.jpg\" alt=\"\" class=\"wp-image-28033\" srcset=\"https:\/\/correiodoestado.audiencelabs.com.br\/wp-content\/uploads\/2026\/01\/Obras-na-Serra-do-Faxinal-FOTO-Divulgacao-SecomGOVSC-3-1024x576.jpg 1024w, https:\/\/correiodoestado.audiencelabs.com.br\/wp-content\/uploads\/2026\/01\/Obras-na-Serra-do-Faxinal-FOTO-Divulgacao-SecomGOVSC-3-300x169.jpg 300w, https:\/\/correiodoestado.audiencelabs.com.br\/wp-content\/uploads\/2026\/01\/Obras-na-Serra-do-Faxinal-FOTO-Divulgacao-SecomGOVSC-3-768x432.jpg 768w, https:\/\/correiodoestado.audiencelabs.com.br\/wp-content\/uploads\/2026\/01\/Obras-na-Serra-do-Faxinal-FOTO-Divulgacao-SecomGOVSC-3-750x422.jpg 750w, https:\/\/correiodoestado.audiencelabs.com.br\/wp-content\/uploads\/2026\/01\/Obras-na-Serra-do-Faxinal-FOTO-Divulgacao-SecomGOVSC-3-1140x641.jpg 1140w, https:\/\/correiodoestado.audiencelabs.com.br\/wp-content\/uploads\/2026\/01\/Obras-na-Serra-do-Faxinal-FOTO-Divulgacao-SecomGOVSC-3.jpg 1500w\" sizes=\"auto, (max-width: 1024px) 100vw, 1024px\" \/><figcaption class=\"wp-element-caption\">Fotos: Divulga\u00e7\u00e3o\/Secom GOVSC<\/figcaption><\/figure>\n\n\n\n<p>A t\u00edtulo de curiosidade, a liga\u00e7\u00e3o foi popularizada como \u201cRota dos Grandes Canyons do <a href=\"https:\/\/correiodoestado.com.br\/mix\/brasil-quer-construir-novo-aeroporto-internacional-e-governador-com-63-de-aprovacao-indica-seu-estado\/\" target=\"_blank\" rel=\"noopener\">Brasil<\/a>\u201d, tendo em vista sua localiza\u00e7\u00e3o nas regi\u00f5es dos Parques Nacionais de Aparados da Serra e da Serra Geral. Por outro lado, al\u00e9m da pavimenta\u00e7\u00e3o e drenagem, o plano de trabalho estabelece ainda obras de conten\u00e7\u00e3o devido ao relevo extremo da regi\u00e3o.<\/p>\n\n\n\n<p>\u201cEstamos mudando as rodovias catarinenses de patamar, j\u00e1 atingimos 80% de condi\u00e7\u00f5es \u00f3timas e boas, com muito trabalho desde o come\u00e7o do nosso mandato. Vamos avan\u00e7ar ainda mais, porque o catarinense merece ter estrada para transitar em seguran\u00e7a e quem produz precisa levar a mercadoria com agilidade e conforto, e essa \u00e9 a inten\u00e7\u00e3o do programa Estrada Boa\u201d, resumiu o governador Jorginho Mello.<\/p>\n\n\n\n<h2 class=\"wp-block-heading\">Proje\u00e7\u00e3o de turistas no Brasil<\/h2>\n\n\n\n<p>Diante do feito, as autoridades estimam que o n\u00famero de turistas residentes no Brasil e no exterior ir\u00e1 aumentar gradativamente. Isso porque a pavimenta\u00e7\u00e3o e os c\u00e2nions ser\u00e3o valorizados com o novo corredor, facilitando o deslocamento das pessoas. Nesse processo, as ofertas incluem o calor do litoral e o frio das serras, que inclusive registrou neve, como ocorreu em S\u00e3o Jos\u00e9 dos Ausentes.<\/p>\n\n\n\n<p>Em continuidade, as obras na Serra do Faxinal tamb\u00e9m v\u00e3o beneficiar o acesso aos munic\u00edpios de Gramado e Canela, os principais destinos tur\u00edsticos da Serra Ga\u00facha. Sobretudo, do montante injetado, est\u00e3o previstas a pavimenta\u00e7\u00e3o em concreto de 15,63 quil\u00f4metros, a instala\u00e7\u00e3o de sistemas de drenagem e a execu\u00e7\u00e3o de 16 estruturas de conten\u00e7\u00e3o de encostas.<\/p>\n","protected":false},"excerpt":{"rendered":"<p>Ponto estrat\u00e9gico de turismo no Brasil passa por obras de pavimenta\u00e7\u00e3o e n\u00famero de visitantes tende a aumentar gradativamente. Entenda como<\/p>\n","protected":false},"author":8,"featured_media":28034,"comment_status":"open","ping_status":"open","sticky":false,"template":"","format":"standard","meta":{"jnews-multi-image_gallery":[],"jnews_single_post":{"format":"standard"},"jnews_primary_category":[],"jnews_social_meta":[],"footnotes":""},"categories":[1],"tags":[],"class_list":["post-28028","post","type-post","status-publish","format-standard","has-post-thumbnail","hentry","category-mix"],"_links":{"self":[{"href":"https:\/\/correiodoestado.audiencelabs.com.br\/wp-json\/wp\/v2\/posts\/28028","targetHints":{"allow":["GET"]}}],"collection":[{"href":"https:\/\/correiodoestado.audiencelabs.com.br\/wp-json\/wp\/v2\/posts"}],"about":[{"href":"https:\/\/correiodoestado.audiencelabs.com.br\/wp-json\/wp\/v2\/types\/post"}],"author":[{"embeddable":true,"href":"https:\/\/correiodoestado.audiencelabs.com.br\/wp-json\/wp\/v2\/users\/8"}],"replies":[{"embeddable":true,"href":"https:\/\/correiodoestado.audiencelabs.com.br\/wp-json\/wp\/v2\/comments?post=28028"}],"version-history":[{"count":1,"href":"https:\/\/correiodoestado.audiencelabs.com.br\/wp-json\/wp\/v2\/posts\/28028\/revisions"}],"predecessor-version":[{"id":28039,"href":"https:\/\/correiodoestado.audiencelabs.com.br\/wp-json\/wp\/v2\/posts\/28028\/revisions\/28039"}],"wp:featuredmedia":[{"embeddable":true,"href":"https:\/\/correiodoestado.audiencelabs.com.br\/wp-json\/wp\/v2\/media\/28034"}],"wp:attachment":[{"href":"https:\/\/correiodoestado.audiencelabs.com.br\/wp-json\/wp\/v2\/media?parent=28028"}],"wp:term":[{"taxonomy":"category","embeddable":true,"href":"https:\/\/correiodoestado.audiencelabs.com.br\/wp-json\/wp\/v2\/categories?post=28028"},{"taxonomy":"post_tag","embeddable":true,"href":"https:\/\/correiodoestado.audiencelabs.com.br\/wp-json\/wp\/v2\/tags?post=28028"}],"curies":[{"name":"wp","href":"https:\/\/api.w.org\/{rel}","templated":true}]}}