{"id":28254,"date":"2026-01-16T12:47:00","date_gmt":"2026-01-16T15:47:00","guid":{"rendered":"https:\/\/correiodoestado.audiencelabs.com.br\/?p=28254"},"modified":"2026-01-16T09:49:47","modified_gmt":"2026-01-16T12:49:47","slug":"rodovia-que-liga-dois-estados-brasileiros-ficara-pronta-apos-7-decadas-e-investimento-de-r-63-milhoes","status":"publish","type":"post","link":"https:\/\/correiodoestado.audiencelabs.com.br\/rodovia-que-liga-dois-estados-brasileiros-ficara-pronta-apos-7-decadas-e-investimento-de-r-63-milhoes\/","title":{"rendered":"Rodovia que liga dois estados brasileiros ficar\u00e1 pronta ap\u00f3s 7 d\u00e9cadas e investimento de R$ 63 milh\u00f5es"},"content":{"rendered":"\n<p>Pressionado pelos motoristas da regi\u00e3o, o Departamento Nacional de Infraestrutura e Transportes (DNIT) anunciou as etapas finais em fun\u00e7\u00e3o da conclus\u00e3o das obras na Serra da Rocinha, em\u00a0Timb\u00e9 do Sul. Conforme o superintendente regional do \u00f3rg\u00e3o, Amauri Sousa Lima, ap\u00f3s investimento de R$ 63 milh\u00f5es, as equipes de engenharia planejam liberar o tr\u00e1fego na BR-285 entre os dias 15 e 20 de fevereiro de 2026.<\/p>\n\n\n\n<p>A princ\u00edpio, as obras foram aprovadas com o intuito principal de modernizar a conex\u00e3o entre o Extremo Sul de Santa Catarina e S\u00e3o Jos\u00e9 dos Ausentes, no Rio Grande do Sul. Para entender a magnitude do projeto, o realinhamento da <a href=\"https:\/\/correiodoestado.com.br\/mix\/investimento-de-r-276-milhoes-promete-acelerar-a-economia-de-ms-com-mega-obra-rodoviaria\/\" target=\"_blank\" rel=\"noopener\">rodovia <\/a>em quest\u00e3o \u00e9 aguardado h\u00e1 sete d\u00e9cadas pelos moradores. Assim, o trabalho tende a trazer uma nova alternativa para os motoristas.<\/p>\n\n\n\n<figure class=\"wp-block-image size-full\"><img loading=\"lazy\" decoding=\"async\" width=\"1024\" height=\"768\" src=\"https:\/\/correiodoestado.audiencelabs.com.br\/wp-content\/uploads\/2026\/01\/Rodovia_BR_285_Serra_da_Rocinha-1024x768-1.webp\" alt=\"\" class=\"wp-image-28256\" srcset=\"https:\/\/correiodoestado.audiencelabs.com.br\/wp-content\/uploads\/2026\/01\/Rodovia_BR_285_Serra_da_Rocinha-1024x768-1.webp 1024w, https:\/\/correiodoestado.audiencelabs.com.br\/wp-content\/uploads\/2026\/01\/Rodovia_BR_285_Serra_da_Rocinha-1024x768-1-300x225.webp 300w, https:\/\/correiodoestado.audiencelabs.com.br\/wp-content\/uploads\/2026\/01\/Rodovia_BR_285_Serra_da_Rocinha-1024x768-1-768x576.webp 768w, https:\/\/correiodoestado.audiencelabs.com.br\/wp-content\/uploads\/2026\/01\/Rodovia_BR_285_Serra_da_Rocinha-1024x768-1-750x563.webp 750w\" sizes=\"auto, (max-width: 1024px) 100vw, 1024px\" \/><figcaption class=\"wp-element-caption\">Cr\u00e9ditos: Reprodu\u00e7\u00e3o\/DNIT<\/figcaption><\/figure>\n\n\n\n<p>Neste m\u00eas de janeiro, a aten\u00e7\u00e3o tem sido depositada na pavimenta\u00e7\u00e3o dos \u00faltimos 210 metros do trecho catarinense. A ideia inicial era concluir as obras anteriormente, mas o prazo foi estendido ap\u00f3s ocorrer um deslizamento de 70 metros que danificou parte da estrutura original. Agora, os equipamentos trabalham na terraplanagem da \u00e1rea em quest\u00e3o, que deve durar mais duas semanas.<\/p>\n\n\n\n<p>&#8220;Temos um trecho do pavimento que foi\u00a0danificado\u00a0por conta de uma queda de estrutura de 70 metros. Agora estamos fazendo a terraplanagem e isso vai demandar mais uns 15 dias. A\u00ed depois, fazemos a pavimenta\u00e7\u00e3o. Entendemos que a libera\u00e7\u00e3o m\u00e1xima da rodovia dever\u00e1 ocorrer na segunda quinzena de fevereiro. A gente est\u00e1 planejando para acontecer entre os dias 15 e 20, se n\u00e3o ocorrer nenhum evento\u201d, pontuou o superintendente.<\/p>\n\n\n\n<h2 class=\"wp-block-heading\">Proje\u00e7\u00f5es para a rodovia<\/h2>\n\n\n\n<p>Pr\u00f3xima de ser conclu\u00edda, a obra da Serra da Rocinha \u00e9 aguardada h\u00e1 cerca de 70 anos por catarinenses e ga\u00fachos. Sobretudo, a liga\u00e7\u00e3o entre os dois estados, via Timb\u00e9 do Sul (SC) e S\u00e3o Jos\u00e9 dos Ausentes (RS), \u00e9 compreendida como um importante\u00a0corredor tur\u00edstico\u00a0e econ\u00f4mico para ambas as federa\u00e7\u00f5es.<\/p>\n\n\n\n<p>Em resumo, o encurtamento da dist\u00e2ncia tende a facilitar o escoamento de produtos e tamb\u00e9m ir\u00e1 colaborar  com a log\u00edstica de transporte de cargas que transitam entre os dois estados. Em contrapartida, no turismo, o destaque fica a cargo da conex\u00e3o entre as belezas do litoral sul catarinense com os da serra ga\u00facha.<\/p>\n","protected":false},"excerpt":{"rendered":"<p>Ap\u00f3s sete d\u00e9cadas de cobran\u00e7a, obra finalmente sai do papel e promete ligar dois estados por meio de uma rodovia modernizada. Confira;<\/p>\n","protected":false},"author":8,"featured_media":28255,"comment_status":"open","ping_status":"open","sticky":false,"template":"","format":"standard","meta":{"jnews-multi-image_gallery":[],"jnews_single_post":{"format":"standard"},"jnews_primary_category":[],"jnews_social_meta":[],"footnotes":""},"categories":[1],"tags":[],"class_list":["post-28254","post","type-post","status-publish","format-standard","has-post-thumbnail","hentry","category-mix"],"_links":{"self":[{"href":"https:\/\/correiodoestado.audiencelabs.com.br\/wp-json\/wp\/v2\/posts\/28254","targetHints":{"allow":["GET"]}}],"collection":[{"href":"https:\/\/correiodoestado.audiencelabs.com.br\/wp-json\/wp\/v2\/posts"}],"about":[{"href":"https:\/\/correiodoestado.audiencelabs.com.br\/wp-json\/wp\/v2\/types\/post"}],"author":[{"embeddable":true,"href":"https:\/\/correiodoestado.audiencelabs.com.br\/wp-json\/wp\/v2\/users\/8"}],"replies":[{"embeddable":true,"href":"https:\/\/correiodoestado.audiencelabs.com.br\/wp-json\/wp\/v2\/comments?post=28254"}],"version-history":[{"count":2,"href":"https:\/\/correiodoestado.audiencelabs.com.br\/wp-json\/wp\/v2\/posts\/28254\/revisions"}],"predecessor-version":[{"id":28615,"href":"https:\/\/correiodoestado.audiencelabs.com.br\/wp-json\/wp\/v2\/posts\/28254\/revisions\/28615"}],"wp:featuredmedia":[{"embeddable":true,"href":"https:\/\/correiodoestado.audiencelabs.com.br\/wp-json\/wp\/v2\/media\/28255"}],"wp:attachment":[{"href":"https:\/\/correiodoestado.audiencelabs.com.br\/wp-json\/wp\/v2\/media?parent=28254"}],"wp:term":[{"taxonomy":"category","embeddable":true,"href":"https:\/\/correiodoestado.audiencelabs.com.br\/wp-json\/wp\/v2\/categories?post=28254"},{"taxonomy":"post_tag","embeddable":true,"href":"https:\/\/correiodoestado.audiencelabs.com.br\/wp-json\/wp\/v2\/tags?post=28254"}],"curies":[{"name":"wp","href":"https:\/\/api.w.org\/{rel}","templated":true}]}}