{"id":28362,"date":"2026-01-17T07:59:00","date_gmt":"2026-01-17T10:59:00","guid":{"rendered":"https:\/\/correiodoestado.audiencelabs.com.br\/?p=28362"},"modified":"2026-01-16T13:50:47","modified_gmt":"2026-01-16T16:50:47","slug":"shein-deixa-renner-e-riachuelo-de-olho-apos-inaugurar-1a-loja-fisica-saiba-onde","status":"publish","type":"post","link":"https:\/\/correiodoestado.audiencelabs.com.br\/shein-deixa-renner-e-riachuelo-de-olho-apos-inaugurar-1a-loja-fisica-saiba-onde\/","title":{"rendered":"Shein deixa Renner e Riachuelo de olho ap\u00f3s inaugurar 1\u00aa loja f\u00edsica: Saiba onde"},"content":{"rendered":"\n<p>Embora a Renner e a Riachuelo sejam duas das grandes lojas em opera\u00e7\u00e3o no Brasil, a dupla tende a perder o prest\u00edgio com a chegada de uma forte concorrente. Em novembro de 2025, a <a href=\"https:\/\/correiodoestado.com.br\/mix\/informacao-confirmada-shein-e-a-mais-nova-empresa-a-encerrar-servico-no-brasil\/\" target=\"_blank\" rel=\"noopener\">Shein <\/a>inaugurou sua primeira loja f\u00edsica permanente no mundo, localizada em Paris. A ideia da gigante chinesa \u00e9 expandir os horizontes para outros pa\u00edses em breve.<\/p>\n\n\n\n<p>Atualmente, a marca asi\u00e1tica atua com maestria no meio virtual, fator que auxilia na cria\u00e7\u00e3o de uma certa rivalidade com a concorr\u00eancia. Diante do pontap\u00e9 inicial para operar presencialmente, v\u00e1rios parisienses marcaram presen\u00e7a em frente \u00e0 unidade. Os produtos foram realocados para dentro da loja de departamentos\u00a0BHV Marais.<\/p>\n\n\n\n<figure class=\"wp-block-image size-large\"><img decoding=\"async\" src=\"https:\/\/correiodoestado.audiencelabs.com.br\/wp-content\/uploads\/2026\/01\/GettyImages-2244634418.jpg-1024x576.webp\" alt=\"\" class=\"wp-image-28377\" \/><figcaption class=\"wp-element-caption\">Cr\u00e9ditos: Benjamin Girette\/Bloomberg <br><\/figcaption><\/figure>\n\n\n\n<p>Podendo escolher qualquer na\u00e7\u00e3o para operar fisicamente, a empresa selecionou o territ\u00f3rio franc\u00eas por sua capital ser conhecida como o ber\u00e7o da alta-costura. \u201c<em>Esta alian\u00e7a \u00e9 mais que um simples lan\u00e7amento: \u00e9 um compromisso para revitalizar os centros urbanos em toda a Fran\u00e7a, restaurar as grandes lojas de departamentos e desenvolver oportunidades para a moda francesa<\/em>\u201d, emitiu a companhia.<\/p>\n\n\n\n<p>Apesar de ainda estar estudando as possibilidades de inaugurar lojas f\u00edsicas em outras na\u00e7\u00f5es, a ideia pode acarretar preju\u00edzos sem precedentes aos demais empreendimentos. Prestigiada por suas roupas acess\u00edveis e tend\u00eancias r\u00e1pidas, a varejista tem prest\u00edgio o suficiente para desbancar outras marcas, especialmente se for instalada no Brasil.<\/p>\n\n\n\n<h2 class=\"wp-block-heading\">Inaugura\u00e7\u00e3o \u00e9 tomada por protestos<\/h2>\n\n\n\n<p>Enquanto os compradores comemoravam a inaugura\u00e7\u00e3o da primeira loja f\u00edsica da Shein, manifestantes distribu\u00edram panfletos denunciando a empresa chinesa. Sobretudo, a marca enfrenta cr\u00edticas pelas condi\u00e7\u00f5es de trabalho oferecidas a seus funcion\u00e1rios. No entanto, a desaprova\u00e7\u00e3o escalou ainda mais ap\u00f3s passar a vender bonecas sexuais com apar\u00eancia infantil em sua plataforma.<\/p>\n\n\n\n<p>Diante do entrave, o Minist\u00e9rio P\u00fablico de Paris abriu investiga\u00e7\u00f5es contra a companhia, bem como contra as concorrentes AliExpress, Temu e Wish.\u00a0Enquanto o processo segue em andamento, as autoridades sustentam o problema por entender que houve a &#8220;dissemina\u00e7\u00e3o de mensagens violentas, pornogr\u00e1ficas ou contr\u00e1rias \u00e0 dignidade&#8221; acess\u00edveis a menores.<\/p>\n","protected":false},"excerpt":{"rendered":"<p>Em novembro de 2025, a Shein inaugurou sua primeira loja f\u00edsica permanente no mundo, fator que ligou o sinal de alerta de todas as concorrentes<\/p>\n","protected":false},"author":8,"featured_media":0,"comment_status":"open","ping_status":"open","sticky":false,"template":"","format":"standard","meta":{"jnews-multi-image_gallery":[],"jnews_single_post":{"format":"standard"},"jnews_primary_category":[],"jnews_social_meta":[],"footnotes":""},"categories":[1],"tags":[],"class_list":["post-28362","post","type-post","status-publish","format-standard","hentry","category-mix"],"_links":{"self":[{"href":"https:\/\/correiodoestado.audiencelabs.com.br\/wp-json\/wp\/v2\/posts\/28362","targetHints":{"allow":["GET"]}}],"collection":[{"href":"https:\/\/correiodoestado.audiencelabs.com.br\/wp-json\/wp\/v2\/posts"}],"about":[{"href":"https:\/\/correiodoestado.audiencelabs.com.br\/wp-json\/wp\/v2\/types\/post"}],"author":[{"embeddable":true,"href":"https:\/\/correiodoestado.audiencelabs.com.br\/wp-json\/wp\/v2\/users\/8"}],"replies":[{"embeddable":true,"href":"https:\/\/correiodoestado.audiencelabs.com.br\/wp-json\/wp\/v2\/comments?post=28362"}],"version-history":[{"count":1,"href":"https:\/\/correiodoestado.audiencelabs.com.br\/wp-json\/wp\/v2\/posts\/28362\/revisions"}],"predecessor-version":[{"id":28379,"href":"https:\/\/correiodoestado.audiencelabs.com.br\/wp-json\/wp\/v2\/posts\/28362\/revisions\/28379"}],"wp:attachment":[{"href":"https:\/\/correiodoestado.audiencelabs.com.br\/wp-json\/wp\/v2\/media?parent=28362"}],"wp:term":[{"taxonomy":"category","embeddable":true,"href":"https:\/\/correiodoestado.audiencelabs.com.br\/wp-json\/wp\/v2\/categories?post=28362"},{"taxonomy":"post_tag","embeddable":true,"href":"https:\/\/correiodoestado.audiencelabs.com.br\/wp-json\/wp\/v2\/tags?post=28362"}],"curies":[{"name":"wp","href":"https:\/\/api.w.org\/{rel}","templated":true}]}}