{"id":28363,"date":"2026-01-16T20:07:00","date_gmt":"2026-01-16T23:07:00","guid":{"rendered":"https:\/\/correiodoestado.audiencelabs.com.br\/?p=28363"},"modified":"2026-01-16T13:26:44","modified_gmt":"2026-01-16T16:26:44","slug":"otima-flor-para-ter-em-casa-e-facil-de-cuidar-e-muito-cheirosa","status":"publish","type":"post","link":"https:\/\/correiodoestado.audiencelabs.com.br\/otima-flor-para-ter-em-casa-e-facil-de-cuidar-e-muito-cheirosa\/","title":{"rendered":"\u00d3tima flor para ter em casa \u00e9 f\u00e1cil de cuidar e muito cheirosa"},"content":{"rendered":"\n<p>Ter plantas em casa n\u00e3o se limita \u00e0 est\u00e9tica, pois elas tamb\u00e9m contribuem para ambientes mais agrad\u00e1veis. Entre as op\u00e7\u00f5es dispon\u00edveis, a flor cora\u00e7\u00e3o-magoado se destaca como uma escolha popular.<\/p>\n\n\n\n<p>Essa planta combina beleza, perfume suave e facilidade de cultivo, tornando-se ideal tanto para iniciantes quanto para os apaixonados por jardinagem. A flor cora\u00e7\u00e3o-magoado apresenta folhas em tons vibrantes, como vermelho, rosa e bord\u00f4.<\/p>\n\n\n\n<p>Essa colora\u00e7\u00e3o intensa faz com que a planta se destaque em qualquer ambiente, adaptando-se bem a diferentes estilos de decora\u00e7\u00e3o. Mesmo em espa\u00e7os reduzidos, como apartamentos ou varandas, ela mant\u00e9m uma apar\u00eancia ornamental ao longo do ano, proporcionando um toque de cor e vida.<\/p>\n\n\n\n<figure class=\"wp-block-gallery has-nested-images columns-default is-cropped wp-block-gallery-1 is-layout-flex wp-block-gallery-is-layout-flex\">\n<figure class=\"wp-block-image size-large\"><img loading=\"lazy\" decoding=\"async\" width=\"900\" height=\"601\" data-id=\"28365\" src=\"https:\/\/correiodoestado.audiencelabs.com.br\/wp-content\/uploads\/2026\/01\/Captura-de-tela-2026-01-16-132125.png\" alt=\"\" class=\"wp-image-28365\" srcset=\"https:\/\/correiodoestado.audiencelabs.com.br\/wp-content\/uploads\/2026\/01\/Captura-de-tela-2026-01-16-132125.png 900w, https:\/\/correiodoestado.audiencelabs.com.br\/wp-content\/uploads\/2026\/01\/Captura-de-tela-2026-01-16-132125-300x200.png 300w, https:\/\/correiodoestado.audiencelabs.com.br\/wp-content\/uploads\/2026\/01\/Captura-de-tela-2026-01-16-132125-768x513.png 768w, https:\/\/correiodoestado.audiencelabs.com.br\/wp-content\/uploads\/2026\/01\/Captura-de-tela-2026-01-16-132125-750x501.png 750w\" sizes=\"auto, (max-width: 900px) 100vw, 900px\" \/><figcaption class=\"wp-element-caption\">Cr\u00e9ditos: Freepik<\/figcaption><\/figure>\n<\/figure>\n\n\n\n<h2 class=\"wp-block-heading\">Aroma agrad\u00e1vel e facilidade de cultivo<\/h2>\n\n\n\n<p>Al\u00e9m de sua beleza visual, a flor libera um aroma leve que torna o ambiente mais acolhedor. Esse perfume \u00e9 ideal para espa\u00e7os como salas e varandas, onde pode se espalhar de maneira discreta, criando uma atmosfera agrad\u00e1vel sem ser excessivo.<\/p>\n\n\n\n<p>A presen\u00e7a desse aroma natural \u00e9 um dos fatores que tornam a flor cora\u00e7\u00e3o-magoado uma excelente op\u00e7\u00e3o para quem busca um ambiente mais convidativo. Uma das principais vantagens dessa planta \u00e9 sua facilidade de cuidado.<\/p>\n\n\n\n<p>Ela n\u00e3o exige aten\u00e7\u00e3o constante, o que a torna perfeita para pessoas que n\u00e3o t\u00eam experi\u00eancia em jardinagem. A flor cora\u00e7\u00e3o-magoado se adapta bem ao cultivo em vasos, n\u00e3o necessitando de muito espa\u00e7o e respondendo positivamente a podas leves, o que ajuda a manter seu formato compacto.<\/p>\n\n\n\n<p>Essa flor \u00e9 especialmente indicada para regi\u00f5es de clima quente, pois tolera bem a luz solar intensa e tamb\u00e9m se desenvolve adequadamente em meia-sombra iluminada. O calor do sol contribui para a intensifica\u00e7\u00e3o das cores das folhas, tornando a planta ainda mais atraente durante os meses quentes.<\/p>\n","protected":false},"excerpt":{"rendered":"<p>Ter plantas em casa n\u00e3o se limita \u00e0 est\u00e9tica, pois elas tamb\u00e9m contribuem para ambientes mais agrad\u00e1veis. Entre as op\u00e7\u00f5es dispon\u00edveis, a flor cora\u00e7\u00e3o-magoado se destaca como uma escolha popular. Essa planta combina beleza, perfume suave e facilidade de cultivo, tornando-se ideal tanto para iniciantes quanto para os apaixonados por jardinagem. A flor cora\u00e7\u00e3o-magoado apresenta [&hellip;]<\/p>\n","protected":false},"author":13,"featured_media":28364,"comment_status":"open","ping_status":"open","sticky":false,"template":"","format":"standard","meta":{"jnews-multi-image_gallery":[],"jnews_single_post":{"format":"standard"},"jnews_primary_category":[],"jnews_social_meta":[],"footnotes":""},"categories":[1],"tags":[],"class_list":["post-28363","post","type-post","status-publish","format-standard","has-post-thumbnail","hentry","category-mix"],"_links":{"self":[{"href":"https:\/\/correiodoestado.audiencelabs.com.br\/wp-json\/wp\/v2\/posts\/28363","targetHints":{"allow":["GET"]}}],"collection":[{"href":"https:\/\/correiodoestado.audiencelabs.com.br\/wp-json\/wp\/v2\/posts"}],"about":[{"href":"https:\/\/correiodoestado.audiencelabs.com.br\/wp-json\/wp\/v2\/types\/post"}],"author":[{"embeddable":true,"href":"https:\/\/correiodoestado.audiencelabs.com.br\/wp-json\/wp\/v2\/users\/13"}],"replies":[{"embeddable":true,"href":"https:\/\/correiodoestado.audiencelabs.com.br\/wp-json\/wp\/v2\/comments?post=28363"}],"version-history":[{"count":1,"href":"https:\/\/correiodoestado.audiencelabs.com.br\/wp-json\/wp\/v2\/posts\/28363\/revisions"}],"predecessor-version":[{"id":28366,"href":"https:\/\/correiodoestado.audiencelabs.com.br\/wp-json\/wp\/v2\/posts\/28363\/revisions\/28366"}],"wp:featuredmedia":[{"embeddable":true,"href":"https:\/\/correiodoestado.audiencelabs.com.br\/wp-json\/wp\/v2\/media\/28364"}],"wp:attachment":[{"href":"https:\/\/correiodoestado.audiencelabs.com.br\/wp-json\/wp\/v2\/media?parent=28363"}],"wp:term":[{"taxonomy":"category","embeddable":true,"href":"https:\/\/correiodoestado.audiencelabs.com.br\/wp-json\/wp\/v2\/categories?post=28363"},{"taxonomy":"post_tag","embeddable":true,"href":"https:\/\/correiodoestado.audiencelabs.com.br\/wp-json\/wp\/v2\/tags?post=28363"}],"curies":[{"name":"wp","href":"https:\/\/api.w.org\/{rel}","templated":true}]}}