{"id":28491,"date":"2026-01-19T09:19:00","date_gmt":"2026-01-19T12:19:00","guid":{"rendered":"https:\/\/correiodoestado.audiencelabs.com.br\/?p=28491"},"modified":"2026-01-17T13:31:06","modified_gmt":"2026-01-17T16:31:06","slug":"altura-minima-para-ser-bombeiro-foi-confirmada-e-abaixo-disso-nao-adianta-insistir","status":"publish","type":"post","link":"https:\/\/correiodoestado.audiencelabs.com.br\/altura-minima-para-ser-bombeiro-foi-confirmada-e-abaixo-disso-nao-adianta-insistir\/","title":{"rendered":"Altura m\u00ednima para ser bombeiro foi confirmada e abaixo disso n\u00e3o adianta insistir"},"content":{"rendered":"\n<p>O Supremo Tribunal Federal (STF) definiu a altura m\u00ednima exigida para o ingresso em carreiras do Sistema \u00danico de Seguran\u00e7a P\u00fablica (SUSP), que abrange pol\u00edcias militares, corpos de bombeiros, pol\u00edcias civis e guardas municipais. Essa decis\u00e3o estabelece que a exig\u00eancia de altura deve ser prevista em lei e seguir os padr\u00f5es adotados pelo Ex\u00e9rcito, visando garantir uniformidade em todo o pa\u00eds.<\/p>\n\n\n\n<p>De acordo com a nova norma, os homens devem ter no m\u00ednimo 1,60m de altura, enquanto as mulheres devem medir pelo menos 1,55m. Essa padroniza\u00e7\u00e3o \u00e9 obrigat\u00f3ria para todos os concursos p\u00fablicos na \u00e1rea de seguran\u00e7a.<\/p>\n\n\n\n<p>A medida se baseia na Lei Federal n\u00ba 12.705\/2012, que regula o ingresso nas carreiras do Ex\u00e9rcito, e enfatiza que crit\u00e9rios de discrimina\u00e7\u00e3o f\u00edsica devem estar diretamente relacionados \u00e0s fun\u00e7\u00f5es do cargo.<\/p>\n\n\n\n<figure class=\"wp-block-gallery has-nested-images columns-default is-cropped wp-block-gallery-1 is-layout-flex wp-block-gallery-is-layout-flex\">\n<figure class=\"wp-block-image size-large\"><img loading=\"lazy\" decoding=\"async\" width=\"900\" height=\"599\" data-id=\"28493\" src=\"https:\/\/correiodoestado.audiencelabs.com.br\/wp-content\/uploads\/2026\/01\/Captura-de-tela-2026-01-17-132759.png\" alt=\"\" class=\"wp-image-28493\" srcset=\"https:\/\/correiodoestado.audiencelabs.com.br\/wp-content\/uploads\/2026\/01\/Captura-de-tela-2026-01-17-132759.png 900w, https:\/\/correiodoestado.audiencelabs.com.br\/wp-content\/uploads\/2026\/01\/Captura-de-tela-2026-01-17-132759-300x200.png 300w, https:\/\/correiodoestado.audiencelabs.com.br\/wp-content\/uploads\/2026\/01\/Captura-de-tela-2026-01-17-132759-768x511.png 768w, https:\/\/correiodoestado.audiencelabs.com.br\/wp-content\/uploads\/2026\/01\/Captura-de-tela-2026-01-17-132759-750x499.png 750w\" sizes=\"auto, (max-width: 900px) 100vw, 900px\" \/><figcaption class=\"wp-element-caption\">Cr\u00e9ditos: Freepik<\/figcaption><\/figure>\n<\/figure>\n\n\n\n<h2 class=\"wp-block-heading\">Limites para Exig\u00eancias de Altura<\/h2>\n\n\n\n<p>O relator do caso no STF, ministro Lu\u00eds Roberto Barroso, destacou que normas que estabelecem requisitos de altura superiores aos par\u00e2metros federais podem restringir injustificadamente o acesso aos cargos p\u00fablicos.<\/p>\n\n\n\n<p>A Constitui\u00e7\u00e3o classifica pol\u00edcias e corpos de bombeiros militares como for\u00e7as auxiliares e reserva do Ex\u00e9rcito, o que refor\u00e7a a necessidade de crit\u00e9rios uniformes entre as corpora\u00e7\u00f5es e evita regras desproporcionais. A decis\u00e3o do STF possui efeito vinculante para a Uni\u00e3o, estados e munic\u00edpios, obrigando todos os entes federativos a seguir o padr\u00e3o federal.<\/p>\n\n\n\n<p>Assim, nenhuma legisla\u00e7\u00e3o estadual ou municipal pode estipular alturas superiores a 1,60m para homens e 1,55m para mulheres. Leis que desrespeitem essa norma s\u00e3o consideradas inconstitucionais. As bancas organizadoras de concursos p\u00fablicos dever\u00e3o ajustar seus editais, e candidatos que enfrentarem exig\u00eancias superiores ao padr\u00e3o federal ter\u00e3o o direito de recorrer.<\/p>\n","protected":false},"excerpt":{"rendered":"<p>O Supremo Tribunal Federal (STF) definiu a altura m\u00ednima exigida para o ingresso em carreiras do Sistema \u00danico de Seguran\u00e7a P\u00fablica (SUSP), que abrange pol\u00edcias militares, corpos de bombeiros, pol\u00edcias civis e guardas municipais. Essa decis\u00e3o estabelece que a exig\u00eancia de altura deve ser prevista em lei e seguir os padr\u00f5es adotados pelo Ex\u00e9rcito, visando [&hellip;]<\/p>\n","protected":false},"author":13,"featured_media":28492,"comment_status":"open","ping_status":"open","sticky":false,"template":"","format":"standard","meta":{"jnews-multi-image_gallery":[],"jnews_single_post":{"format":"standard"},"jnews_primary_category":[],"jnews_social_meta":[],"footnotes":""},"categories":[1],"tags":[],"class_list":["post-28491","post","type-post","status-publish","format-standard","has-post-thumbnail","hentry","category-mix"],"_links":{"self":[{"href":"https:\/\/correiodoestado.audiencelabs.com.br\/wp-json\/wp\/v2\/posts\/28491","targetHints":{"allow":["GET"]}}],"collection":[{"href":"https:\/\/correiodoestado.audiencelabs.com.br\/wp-json\/wp\/v2\/posts"}],"about":[{"href":"https:\/\/correiodoestado.audiencelabs.com.br\/wp-json\/wp\/v2\/types\/post"}],"author":[{"embeddable":true,"href":"https:\/\/correiodoestado.audiencelabs.com.br\/wp-json\/wp\/v2\/users\/13"}],"replies":[{"embeddable":true,"href":"https:\/\/correiodoestado.audiencelabs.com.br\/wp-json\/wp\/v2\/comments?post=28491"}],"version-history":[{"count":2,"href":"https:\/\/correiodoestado.audiencelabs.com.br\/wp-json\/wp\/v2\/posts\/28491\/revisions"}],"predecessor-version":[{"id":29012,"href":"https:\/\/correiodoestado.audiencelabs.com.br\/wp-json\/wp\/v2\/posts\/28491\/revisions\/29012"}],"wp:featuredmedia":[{"embeddable":true,"href":"https:\/\/correiodoestado.audiencelabs.com.br\/wp-json\/wp\/v2\/media\/28492"}],"wp:attachment":[{"href":"https:\/\/correiodoestado.audiencelabs.com.br\/wp-json\/wp\/v2\/media?parent=28491"}],"wp:term":[{"taxonomy":"category","embeddable":true,"href":"https:\/\/correiodoestado.audiencelabs.com.br\/wp-json\/wp\/v2\/categories?post=28491"},{"taxonomy":"post_tag","embeddable":true,"href":"https:\/\/correiodoestado.audiencelabs.com.br\/wp-json\/wp\/v2\/tags?post=28491"}],"curies":[{"name":"wp","href":"https:\/\/api.w.org\/{rel}","templated":true}]}}