{"id":28586,"date":"2026-01-19T15:14:00","date_gmt":"2026-01-19T18:14:00","guid":{"rendered":"https:\/\/correiodoestado.audiencelabs.com.br\/?p=28586"},"modified":"2026-01-19T11:14:33","modified_gmt":"2026-01-19T14:14:33","slug":"novas-regras-passam-a-valer-para-idosos-em-aeroportos","status":"publish","type":"post","link":"https:\/\/correiodoestado.audiencelabs.com.br\/novas-regras-passam-a-valer-para-idosos-em-aeroportos\/","title":{"rendered":"Novas regras passam a valer para idosos em aeroportos"},"content":{"rendered":"\n<p>Respons\u00e1veis por promoverem a economia, impulsionarem o turismo, com\u00e9rcio e a conectividade de neg\u00f3cios, os aeroportos re\u00fanem um n\u00famero elevado de turistas todos os dias. Pensando em oferecer servi\u00e7o de qualidade coletiva, aer\u00f3dromos do Brasil e de algumas partes do mundo alteraram regras que tendem a beneficiar os <a href=\"https:\/\/correiodoestado.com.br\/mix\/alerta-geral-de-cartorios-para-idosos-que-possuem-bens-registrados-no-nome\/\" target=\"_blank\" rel=\"noopener\">idosos <\/a>de 65 anos ou mais. <\/p>\n\n\n\n<p>Segundo o site &#8220;<em>O Antagonista<\/em>&#8220;, entre as diversas mudan\u00e7as de cen\u00e1rio est\u00e1 a fase de inspe\u00e7\u00e3o da Administra\u00e7\u00e3o de Seguran\u00e7a nos Transportes &#8211; TSA, dos Estados Unidos. De modo geral, os idosos n\u00e3o ser\u00e3o mais obrigados a removerem itens m\u00e9dicos. Basta comunicar da seguinte forma: <em>\u201cMeus dispositivos m\u00e9dicos est\u00e3o isentos pela pol\u00edtica m\u00e9dica vigente da TSA\u201d<\/em>\u00a0para conseguir essa \u201cisen\u00e7\u00e3o\u201d.<\/p>\n\n\n\n<figure class=\"wp-block-image size-full\"><img loading=\"lazy\" decoding=\"async\" width=\"740\" height=\"511\" src=\"https:\/\/correiodoestado.audiencelabs.com.br\/wp-content\/uploads\/2026\/01\/casal-de-idosos-viajando-cena-de-aeroporto_53876-34146.avif\" alt=\"\" class=\"wp-image-28594\" srcset=\"https:\/\/correiodoestado.audiencelabs.com.br\/wp-content\/uploads\/2026\/01\/casal-de-idosos-viajando-cena-de-aeroporto_53876-34146.avif 740w, https:\/\/correiodoestado.audiencelabs.com.br\/wp-content\/uploads\/2026\/01\/casal-de-idosos-viajando-cena-de-aeroporto_53876-34146-300x207.avif 300w\" sizes=\"auto, (max-width: 740px) 100vw, 740px\" \/><figcaption class=\"wp-element-caption\">Cr\u00e9ditos: Reprodu\u00e7\u00e3o\/Freepik<\/figcaption><\/figure>\n\n\n\n<p>Por sua vez, pessoas mais velhas que apresentarem limita\u00e7\u00f5es motoras podem conseguir embarcar de forma antecipada sem precisar pagar uma taxa adicional. Nesses casos, ser\u00e1 necess\u00e1rio solicitar:<em> \u201cGostaria de adicionar embarque assistido na minha reserva\u201d<\/em>. As regras em quest\u00e3o ir\u00e3o afetar especialmente voos internacionais, para a Europa e para os Estados Unidos. <\/p>\n\n\n\n<p>Um outro detalhe que merece ser destacado \u00e9 que, se as limita\u00e7\u00f5es fazem com que os idosos precisem de acompanhantes para ajudarem a se mover, esses parceiros t\u00eam direito a ficar junto desde a seguran\u00e7a at\u00e9 o embarque. Basta pedir: \u201c<em>Pode vincular meu acompanhante pela regra de assist\u00eancia de mobilidade?\u201d<\/em>.<\/p>\n\n\n\n<h2 class=\"wp-block-heading\">Confira outras &#8220;regalias&#8221; para os idosos<\/h2>\n\n\n\n<p>De acordo com as regras expostas no Departamento de Transportes (<em>DOT<\/em>), os viajantes que se enquadrarem na op\u00e7\u00e3o de &#8220;idosos&#8221; possuem direito a assentos no corredor com mais espa\u00e7o sem custo extra. Para isso, \u00e9 necess\u00e1rio comprovar os problemas articulares ou de circula\u00e7\u00e3o, garantindo uma viagem mais confort\u00e1vel. \u00c9 preciso proferir: \u201c<em>Preciso de assento acess\u00edvel por quest\u00f5es de mobilidade, conforme DOT\u201d<\/em>.<\/p>\n\n\n\n<p>Por \u00faltimo, mas n\u00e3o menos importante, caso o servi\u00e7o seja acionado com 48 horas de anteced\u00eancia, os aeroportos garantem um acompanhamento ininterrupto para idosos em cadeiras de rodas. Para que isso seja poss\u00edvel, \u00e9 imprescind\u00edvel solicitar: \u201c<em>Pode coordenar assist\u00eancia cont\u00ednua de mobilidade?<\/em>\u201d.<\/p>\n","protected":false},"excerpt":{"rendered":"<p>Pensando em oferecer um servi\u00e7o de qualidade coletiva, aeroportos do Brasil e de algumas partes do mundo v\u00e3o oferecer regras que tendem a beneficiar os idosos de 65 anos ou mais.<\/p>\n","protected":false},"author":8,"featured_media":28593,"comment_status":"open","ping_status":"open","sticky":false,"template":"","format":"standard","meta":{"jnews-multi-image_gallery":[],"jnews_single_post":{"format":"standard"},"jnews_primary_category":[],"jnews_social_meta":[],"footnotes":""},"categories":[1],"tags":[],"class_list":["post-28586","post","type-post","status-publish","format-standard","has-post-thumbnail","hentry","category-mix"],"_links":{"self":[{"href":"https:\/\/correiodoestado.audiencelabs.com.br\/wp-json\/wp\/v2\/posts\/28586","targetHints":{"allow":["GET"]}}],"collection":[{"href":"https:\/\/correiodoestado.audiencelabs.com.br\/wp-json\/wp\/v2\/posts"}],"about":[{"href":"https:\/\/correiodoestado.audiencelabs.com.br\/wp-json\/wp\/v2\/types\/post"}],"author":[{"embeddable":true,"href":"https:\/\/correiodoestado.audiencelabs.com.br\/wp-json\/wp\/v2\/users\/8"}],"replies":[{"embeddable":true,"href":"https:\/\/correiodoestado.audiencelabs.com.br\/wp-json\/wp\/v2\/comments?post=28586"}],"version-history":[{"count":2,"href":"https:\/\/correiodoestado.audiencelabs.com.br\/wp-json\/wp\/v2\/posts\/28586\/revisions"}],"predecessor-version":[{"id":28907,"href":"https:\/\/correiodoestado.audiencelabs.com.br\/wp-json\/wp\/v2\/posts\/28586\/revisions\/28907"}],"wp:featuredmedia":[{"embeddable":true,"href":"https:\/\/correiodoestado.audiencelabs.com.br\/wp-json\/wp\/v2\/media\/28593"}],"wp:attachment":[{"href":"https:\/\/correiodoestado.audiencelabs.com.br\/wp-json\/wp\/v2\/media?parent=28586"}],"wp:term":[{"taxonomy":"category","embeddable":true,"href":"https:\/\/correiodoestado.audiencelabs.com.br\/wp-json\/wp\/v2\/categories?post=28586"},{"taxonomy":"post_tag","embeddable":true,"href":"https:\/\/correiodoestado.audiencelabs.com.br\/wp-json\/wp\/v2\/tags?post=28586"}],"curies":[{"name":"wp","href":"https:\/\/api.w.org\/{rel}","templated":true}]}}