{"id":28692,"date":"2026-02-17T16:31:00","date_gmt":"2026-02-17T19:31:00","guid":{"rendered":"https:\/\/correiodoestado.audiencelabs.com.br\/?p=28692"},"modified":"2026-02-13T08:57:46","modified_gmt":"2026-02-13T11:57:46","slug":"eleita-a-terceira-melhor-cidade-do-brasil-corre-o-risco-de-ser-engolida-pelo-mar-ate-2050","status":"publish","type":"post","link":"https:\/\/correiodoestado.audiencelabs.com.br\/eleita-a-terceira-melhor-cidade-do-brasil-corre-o-risco-de-ser-engolida-pelo-mar-ate-2050\/","title":{"rendered":"Eleita a terceira melhor cidade do Brasil corre o risco de ser engolida pelo mar at\u00e9 2050"},"content":{"rendered":"\n<p>A cidade de Santos, localizada no litoral de S\u00e3o Paulo, foi reconhecida como a terceira melhor cidade do Brasil no ranking &#8220;As Melhores Cidades do Brasil 2025&#8221;, divulgado pela Veja Neg\u00f3cios em parceria com a Austin Rating. Santos se destacou especialmente na \u00e1rea econ\u00f4mica, ocupando o terceiro lugar em Com\u00e9rcio Exterior entre as cidades de grande porte.&nbsp;<\/p>\n\n\n\n<p>Apesar do bom desempenho econ\u00f4mico, Santos enfrenta um s\u00e9rio alerta ambiental. Um estudo da ONU, divulgado em 2023, indica que partes da cidade pr\u00f3ximas \u00e0 costa podem ficar submersas at\u00e9 2050 devido ao aumento do n\u00edvel do mar.<\/p>\n\n\n\n<p>Essa situa\u00e7\u00e3o pode afetar diretamente cerca de 5% da popula\u00e7\u00e3o que reside nas \u00e1reas costeiras. Para Santos, com uma popula\u00e7\u00e3o de aproximadamente 418.608 habitantes, isso representa cerca de 20.930 pessoas que podem enfrentar problemas como alagamentos em suas resid\u00eancias.<\/p>\n\n\n\n<figure class=\"wp-block-gallery has-nested-images columns-default is-cropped wp-block-gallery-1 is-layout-flex wp-block-gallery-is-layout-flex\">\n<figure class=\"wp-block-image size-large\"><img loading=\"lazy\" decoding=\"async\" width=\"900\" height=\"593\" data-id=\"28694\" src=\"https:\/\/correiodoestado.audiencelabs.com.br\/wp-content\/uploads\/2026\/01\/fundo-do-mar-oceano-freePik-agoranovale-lajeado.jpg\" alt=\"\" class=\"wp-image-28694\" srcset=\"https:\/\/correiodoestado.audiencelabs.com.br\/wp-content\/uploads\/2026\/01\/fundo-do-mar-oceano-freePik-agoranovale-lajeado.jpg 900w, https:\/\/correiodoestado.audiencelabs.com.br\/wp-content\/uploads\/2026\/01\/fundo-do-mar-oceano-freePik-agoranovale-lajeado-300x198.jpg 300w, https:\/\/correiodoestado.audiencelabs.com.br\/wp-content\/uploads\/2026\/01\/fundo-do-mar-oceano-freePik-agoranovale-lajeado-768x506.jpg 768w, https:\/\/correiodoestado.audiencelabs.com.br\/wp-content\/uploads\/2026\/01\/fundo-do-mar-oceano-freePik-agoranovale-lajeado-750x494.jpg 750w\" sizes=\"auto, (max-width: 900px) 100vw, 900px\" \/><figcaption class=\"wp-element-caption\">Cr\u00e9ditos: Freepik<\/figcaption><\/figure>\n<\/figure>\n\n\n\n<h2 class=\"wp-block-heading\">A necessidade de medidas preventivas<\/h2>\n\n\n\n<p>O estudo enfatiza a urg\u00eancia de implementar medidas preventivas para mitigar os impactos do aumento do n\u00edvel do mar. O problema n\u00e3o afeta apenas a vida cotidiana dos moradores, mas tamb\u00e9m coloca em risco estruturas urbanas essenciais e \u00e1reas importantes da cidade.<\/p>\n\n\n\n<p>Especialistas e \u00f3rg\u00e3os internacionais est\u00e3o monitorando a situa\u00e7\u00e3o, destacando a import\u00e2ncia de a\u00e7\u00f5es eficazes para proteger a popula\u00e7\u00e3o e a infraestrutura local. Em resposta a esse cen\u00e1rio, a Prefeitura de Santos anunciou que v\u00e1rias a\u00e7\u00f5es j\u00e1 est\u00e3o em andamento para reduzir os riscos associados ao aumento do n\u00edvel do mar.<\/p>\n\n\n\n<p>Entre essas iniciativas est\u00e3o projetos de conten\u00e7\u00e3o e monitoramento da eleva\u00e7\u00e3o do mar. A administra\u00e7\u00e3o municipal afirma que est\u00e1 comprometida em proteger a popula\u00e7\u00e3o e evitar danos futuros, buscando um equil\u00edbrio entre o desenvolvimento econ\u00f4mico e a preserva\u00e7\u00e3o ambiental.<\/p>\n","protected":false},"excerpt":{"rendered":"<p>A cidade de Santos, localizada no litoral de S\u00e3o Paulo, foi reconhecida como a terceira melhor cidade do Brasil no ranking &#8220;As Melhores Cidades do Brasil 2025&#8221;, divulgado pela Veja Neg\u00f3cios em parceria com a Austin Rating. Santos se destacou especialmente na \u00e1rea econ\u00f4mica, ocupando o terceiro lugar em Com\u00e9rcio Exterior entre as cidades de [&hellip;]<\/p>\n","protected":false},"author":13,"featured_media":28693,"comment_status":"open","ping_status":"open","sticky":false,"template":"","format":"standard","meta":{"jnews-multi-image_gallery":[],"jnews_single_post":{"format":"standard"},"jnews_primary_category":[],"jnews_social_meta":[],"footnotes":""},"categories":[1],"tags":[],"class_list":["post-28692","post","type-post","status-publish","format-standard","has-post-thumbnail","hentry","category-mix"],"_links":{"self":[{"href":"https:\/\/correiodoestado.audiencelabs.com.br\/wp-json\/wp\/v2\/posts\/28692","targetHints":{"allow":["GET"]}}],"collection":[{"href":"https:\/\/correiodoestado.audiencelabs.com.br\/wp-json\/wp\/v2\/posts"}],"about":[{"href":"https:\/\/correiodoestado.audiencelabs.com.br\/wp-json\/wp\/v2\/types\/post"}],"author":[{"embeddable":true,"href":"https:\/\/correiodoestado.audiencelabs.com.br\/wp-json\/wp\/v2\/users\/13"}],"replies":[{"embeddable":true,"href":"https:\/\/correiodoestado.audiencelabs.com.br\/wp-json\/wp\/v2\/comments?post=28692"}],"version-history":[{"count":2,"href":"https:\/\/correiodoestado.audiencelabs.com.br\/wp-json\/wp\/v2\/posts\/28692\/revisions"}],"predecessor-version":[{"id":33080,"href":"https:\/\/correiodoestado.audiencelabs.com.br\/wp-json\/wp\/v2\/posts\/28692\/revisions\/33080"}],"wp:featuredmedia":[{"embeddable":true,"href":"https:\/\/correiodoestado.audiencelabs.com.br\/wp-json\/wp\/v2\/media\/28693"}],"wp:attachment":[{"href":"https:\/\/correiodoestado.audiencelabs.com.br\/wp-json\/wp\/v2\/media?parent=28692"}],"wp:term":[{"taxonomy":"category","embeddable":true,"href":"https:\/\/correiodoestado.audiencelabs.com.br\/wp-json\/wp\/v2\/categories?post=28692"},{"taxonomy":"post_tag","embeddable":true,"href":"https:\/\/correiodoestado.audiencelabs.com.br\/wp-json\/wp\/v2\/tags?post=28692"}],"curies":[{"name":"wp","href":"https:\/\/api.w.org\/{rel}","templated":true}]}}