{"id":29034,"date":"2026-01-24T07:01:00","date_gmt":"2026-01-24T10:01:00","guid":{"rendered":"https:\/\/correiodoestado.audiencelabs.com.br\/?p=29034"},"modified":"2026-01-22T16:36:25","modified_gmt":"2026-01-22T19:36:25","slug":"china-vai-ajudar-o-brasil-na-construcao-da-maior-ponte-da-america-latina-com-124-km-de-extensao","status":"publish","type":"post","link":"https:\/\/correiodoestado.audiencelabs.com.br\/china-vai-ajudar-o-brasil-na-construcao-da-maior-ponte-da-america-latina-com-124-km-de-extensao\/","title":{"rendered":"China vai ajudar o Brasil na constru\u00e7\u00e3o da maior ponte da Am\u00e9rica Latina com 12,4 km de extens\u00e3o"},"content":{"rendered":"\n<p>A parceria pol\u00edtica entre China e <a href=\"https:\/\/correiodoestado.com.br\/mix\/especie-invasora-de-tilapia-deixa-pescadores-em-estado-de-alerta-no-brasil\/\" target=\"_blank\" rel=\"noopener\">Brasil <\/a>promete ganhar um outro significado ao passo que uma nova empreitada ser\u00e1 conduzida no Nordeste brasileiro pelos asi\u00e1ticos. Ao final do primeiro semestre de 2026, o processo de constru\u00e7\u00e3o da maior estrutura do\u00a0pa\u00eds e da Am\u00e9rica Latina erguida sob l\u00e2mina d\u2019\u00e1gua ser\u00e1 iniciado.<\/p>\n\n\n\n<p>Trata-se da ponte Salvador\u2013Itaparica, que, segundo informa\u00e7\u00f5es preliminares do governo da Bahia, ir\u00e1 percorrer 12,4 quil\u00f4metros de extens\u00e3o. O acordo para que o projeto sa\u00edsse do papel ocorreu em novembro de 2025, durante a passagem da c\u00f4nsul-geral da China, Tian Min, por Salvador. O encontro ocorreu no III F\u00f3rum Bahia-China.<\/p>\n\n\n\n<figure class=\"wp-block-image size-full\"><img loading=\"lazy\" decoding=\"async\" width=\"1024\" height=\"683\" src=\"https:\/\/correiodoestado.audiencelabs.com.br\/wp-content\/uploads\/2026\/01\/Foto-Aline-Barnabe-Ascom-Seinfra-1-1024x683-1.jpeg\" alt=\"\" class=\"wp-image-29053\" srcset=\"https:\/\/correiodoestado.audiencelabs.com.br\/wp-content\/uploads\/2026\/01\/Foto-Aline-Barnabe-Ascom-Seinfra-1-1024x683-1.jpeg 1024w, https:\/\/correiodoestado.audiencelabs.com.br\/wp-content\/uploads\/2026\/01\/Foto-Aline-Barnabe-Ascom-Seinfra-1-1024x683-1-300x200.jpeg 300w, https:\/\/correiodoestado.audiencelabs.com.br\/wp-content\/uploads\/2026\/01\/Foto-Aline-Barnabe-Ascom-Seinfra-1-1024x683-1-768x512.jpeg 768w, https:\/\/correiodoestado.audiencelabs.com.br\/wp-content\/uploads\/2026\/01\/Foto-Aline-Barnabe-Ascom-Seinfra-1-1024x683-1-750x500.jpeg 750w\" sizes=\"auto, (max-width: 1024px) 100vw, 1024px\" \/><figcaption class=\"wp-element-caption\">Cr\u00e9ditos: Aline Barnab\u00e9\/ Ascom Seinfra<\/figcaption><\/figure>\n\n\n\n<p>O evento em quest\u00e3o, organizado pela Superintend\u00eancia de Estudos Econ\u00f4micos e Sociais da Bahia (SEI) junto com o Programa das Na\u00e7\u00f5es Unidas para o Desenvolvimento (PNUD) e o Consulado-Geral da China, teve o intuito de consolidar uma agenda de coopera\u00e7\u00e3o internacional voltada \u00e0 inova\u00e7\u00e3o, sustentabilidade e diminui\u00e7\u00e3o das desigualdades.<\/p>\n\n\n\n<p>\u201cEste projeto \u00e9 muito importante e espero que possamos realizar o sonho dos baianos. A parceria entre Bahia e China tende a se fortalecer ainda mais com a atua\u00e7\u00e3o da secretaria extraordin\u00e1ria, que trabalhar\u00e1 junto ao cons\u00f3rcio construtor\u201d, afirmou a c\u00f4nsul-geral da China, salientando o compromisso entre os dois pa\u00edses em atender \u00e0s necessidades da mobilidade urbana brasileira.<\/p>\n\n\n\n<h2 class=\"wp-block-heading\">Entenda um pouco mais sobre o projeto<\/h2>\n\n\n\n<p>Segundo a planta do projeto, em Salvador, a ponte ter\u00e1 acesso na regi\u00e3o do Terminal Mar\u00edtimo de S\u00e3o Joaquim, onde hoje opera o sistema de\u00a0ferry-boat. Por outro lado, na Ilha de Itaparica, a liga\u00e7\u00e3o ser\u00e1 feita no munic\u00edpio de Vera Cruz, na regi\u00e3o da Gameleira. Al\u00e9m disso, as previs\u00f5es incluem uma nova rodovia na cidade, bem como a duplica\u00e7\u00e3o de trechos da BA-001, com previs\u00e3o de conclus\u00e3o entre 2031 e 2032.<\/p>\n\n\n\n<p>Entendendo a necessidade de acelerar todo o processo, o governador da Bahia, Jer\u00f4nimo Rodrigues (PT), em recente declara\u00e7\u00e3o, deu detalhes sobre os preparativos para o in\u00edcio das obras. De acordo com o pol\u00edtico, a tend\u00eancia \u00e9 de que os canteiros sejam erguidos nos pr\u00f3ximos dias, enquanto as demais opera\u00e7\u00f5es entrem em vig\u00eancia no segundo semestre deste ano.<\/p>\n\n\n\n<p>\u201cFizemos o acordo para que, no in\u00edcio de junho, as obras comecem. Eles est\u00e3o em fase de mobiliza\u00e7\u00e3o. O cons\u00f3rcio da ponte precisa de um local para montar as grandes pe\u00e7as, e o lugar escolhido \u00e9 na ind\u00fastria naval em Maragogipe. A expectativa \u00e9 que, nos pr\u00f3ximos dias, possamos acompanhar os canteiros de obras montados e, a partir do segundo semestre, junho, as obras comecem efetivamente\u201d, disse o governador.<\/p>\n","protected":false},"excerpt":{"rendered":"<p>A parceria pol\u00edtica entre China e Brasil promete ganhar um outro significado ao passo que uma nova empreitada ser\u00e1 conduzida no Nordeste brasileiro pelos asi\u00e1ticos<\/p>\n","protected":false},"author":8,"featured_media":9753,"comment_status":"open","ping_status":"open","sticky":false,"template":"","format":"standard","meta":{"jnews-multi-image_gallery":[],"jnews_single_post":{"format":"standard"},"jnews_primary_category":[],"jnews_social_meta":[],"footnotes":""},"categories":[1],"tags":[],"class_list":["post-29034","post","type-post","status-publish","format-standard","has-post-thumbnail","hentry","category-mix"],"_links":{"self":[{"href":"https:\/\/correiodoestado.audiencelabs.com.br\/wp-json\/wp\/v2\/posts\/29034","targetHints":{"allow":["GET"]}}],"collection":[{"href":"https:\/\/correiodoestado.audiencelabs.com.br\/wp-json\/wp\/v2\/posts"}],"about":[{"href":"https:\/\/correiodoestado.audiencelabs.com.br\/wp-json\/wp\/v2\/types\/post"}],"author":[{"embeddable":true,"href":"https:\/\/correiodoestado.audiencelabs.com.br\/wp-json\/wp\/v2\/users\/8"}],"replies":[{"embeddable":true,"href":"https:\/\/correiodoestado.audiencelabs.com.br\/wp-json\/wp\/v2\/comments?post=29034"}],"version-history":[{"count":2,"href":"https:\/\/correiodoestado.audiencelabs.com.br\/wp-json\/wp\/v2\/posts\/29034\/revisions"}],"predecessor-version":[{"id":29753,"href":"https:\/\/correiodoestado.audiencelabs.com.br\/wp-json\/wp\/v2\/posts\/29034\/revisions\/29753"}],"wp:featuredmedia":[{"embeddable":true,"href":"https:\/\/correiodoestado.audiencelabs.com.br\/wp-json\/wp\/v2\/media\/9753"}],"wp:attachment":[{"href":"https:\/\/correiodoestado.audiencelabs.com.br\/wp-json\/wp\/v2\/media?parent=29034"}],"wp:term":[{"taxonomy":"category","embeddable":true,"href":"https:\/\/correiodoestado.audiencelabs.com.br\/wp-json\/wp\/v2\/categories?post=29034"},{"taxonomy":"post_tag","embeddable":true,"href":"https:\/\/correiodoestado.audiencelabs.com.br\/wp-json\/wp\/v2\/tags?post=29034"}],"curies":[{"name":"wp","href":"https:\/\/api.w.org\/{rel}","templated":true}]}}