{"id":29071,"date":"2026-01-21T19:10:00","date_gmt":"2026-01-21T22:10:00","guid":{"rendered":"https:\/\/correiodoestado.audiencelabs.com.br\/?p=29071"},"modified":"2026-01-20T15:56:28","modified_gmt":"2026-01-20T18:56:28","slug":"festival-de-natal-mais-longo-do-mundo-fica-no-brasil-e-movimentou-r-420-milhoes-durante-88-dias","status":"publish","type":"post","link":"https:\/\/correiodoestado.audiencelabs.com.br\/festival-de-natal-mais-longo-do-mundo-fica-no-brasil-e-movimentou-r-420-milhoes-durante-88-dias\/","title":{"rendered":"Festival de Natal mais longo do mundo fica no Brasil e movimentou R$ 420 milh\u00f5es durante 88 dias"},"content":{"rendered":"\n<p>O Natal Luz de Gramado \u00e9 reconhecido como o festival de Natal mais longo do mundo, com uma programa\u00e7\u00e3o que se estende por 88 dias, de outubro a janeiro. Com mais de 350 atividades, o evento atrai milh\u00f5es de turistas e gera um impacto significativo na economia local.<\/p>\n\n\n\n<p>Em sua 40\u00aa edi\u00e7\u00e3o, o festival movimentou mais de R$ 420 milh\u00f5es, consolidando-se como um importante atrativo tur\u00edstico e cultural na Regi\u00e3o das Hort\u00eansias. De acordo com a Gramadotur, a autarquia respons\u00e1vel pelo turismo na cidade, a edi\u00e7\u00e3o deste ano registrou a venda de mais de 153 mil ingressos, atraindo aproximadamente 2,8 milh\u00f5es de visitantes.<\/p>\n\n\n\n<p>O total de bilhetes emitidos foi de 174.811, incluindo cortesias e trocas solid\u00e1rias. O or\u00e7amento do evento foi de R$ 39 milh\u00f5es, refletindo o investimento na infraestrutura e na programa\u00e7\u00e3o do festival.<\/p>\n\n\n\n<figure class=\"wp-block-gallery has-nested-images columns-default is-cropped wp-block-gallery-1 is-layout-flex wp-block-gallery-is-layout-flex\">\n<figure class=\"wp-block-image size-large\"><img loading=\"lazy\" decoding=\"async\" width=\"900\" height=\"600\" data-id=\"29073\" src=\"https:\/\/correiodoestado.audiencelabs.com.br\/wp-content\/uploads\/2026\/01\/natal-freepik-kjpargeter.jpg\" alt=\"\" class=\"wp-image-29073\" srcset=\"https:\/\/correiodoestado.audiencelabs.com.br\/wp-content\/uploads\/2026\/01\/natal-freepik-kjpargeter.jpg 900w, https:\/\/correiodoestado.audiencelabs.com.br\/wp-content\/uploads\/2026\/01\/natal-freepik-kjpargeter-300x200.jpg 300w, https:\/\/correiodoestado.audiencelabs.com.br\/wp-content\/uploads\/2026\/01\/natal-freepik-kjpargeter-768x512.jpg 768w, https:\/\/correiodoestado.audiencelabs.com.br\/wp-content\/uploads\/2026\/01\/natal-freepik-kjpargeter-750x500.jpg 750w\" sizes=\"auto, (max-width: 900px) 100vw, 900px\" \/><figcaption class=\"wp-element-caption\">Cr\u00e9ditos: Freepik<\/figcaption><\/figure>\n<\/figure>\n\n\n\n<h2 class=\"wp-block-heading\">Sucesso nas Vendas<\/h2>\n\n\n\n<p>A presidente da Gramadotur, Rosa Helena Volk, destacou o sucesso da edi\u00e7\u00e3o, que superou as expectativas de vendas. A taxa de ocupa\u00e7\u00e3o m\u00e9dia dos principais espet\u00e1culos, como o Nativitaten e o Grande Desfile de Natal, foi de 95%, com quase 130 mil ingressos vendidos apenas para essas atra\u00e7\u00f5es.<\/p>\n\n\n\n<p>Em compara\u00e7\u00e3o com a edi\u00e7\u00e3o anterior, que vendeu 83 mil bilhetes, houve um aumento significativo, evidenciando a recupera\u00e7\u00e3o do evento ap\u00f3s os desafios enfrentados no ano anterior. O impacto econ\u00f4mico do Natal Luz \u00e9 not\u00e1vel, pois o evento se tornou um indutor do turismo na regi\u00e3o.<\/p>\n\n\n\n<p>A movimenta\u00e7\u00e3o intensa de visitantes contribui para a gera\u00e7\u00e3o de empregos e o fortalecimento do com\u00e9rcio local. A realiza\u00e7\u00e3o do Natal Luz envolve cerca de 2,5 mil profissionais, que trabalham para garantir a qualidade das apresenta\u00e7\u00f5es e a satisfa\u00e7\u00e3o do p\u00fablico<\/p>\n","protected":false},"excerpt":{"rendered":"<p>O Natal Luz de Gramado \u00e9 reconhecido como o festival de Natal mais longo do mundo, com uma programa\u00e7\u00e3o que se estende por 88 dias, de outubro a janeiro. Com mais de 350 atividades, o evento atrai milh\u00f5es de turistas e gera um impacto significativo na economia local. Em sua 40\u00aa edi\u00e7\u00e3o, o festival movimentou [&hellip;]<\/p>\n","protected":false},"author":13,"featured_media":29072,"comment_status":"open","ping_status":"open","sticky":false,"template":"","format":"standard","meta":{"jnews-multi-image_gallery":[],"jnews_single_post":{"format":"standard"},"jnews_primary_category":[],"jnews_social_meta":[],"footnotes":""},"categories":[1],"tags":[],"class_list":["post-29071","post","type-post","status-publish","format-standard","has-post-thumbnail","hentry","category-mix"],"_links":{"self":[{"href":"https:\/\/correiodoestado.audiencelabs.com.br\/wp-json\/wp\/v2\/posts\/29071","targetHints":{"allow":["GET"]}}],"collection":[{"href":"https:\/\/correiodoestado.audiencelabs.com.br\/wp-json\/wp\/v2\/posts"}],"about":[{"href":"https:\/\/correiodoestado.audiencelabs.com.br\/wp-json\/wp\/v2\/types\/post"}],"author":[{"embeddable":true,"href":"https:\/\/correiodoestado.audiencelabs.com.br\/wp-json\/wp\/v2\/users\/13"}],"replies":[{"embeddable":true,"href":"https:\/\/correiodoestado.audiencelabs.com.br\/wp-json\/wp\/v2\/comments?post=29071"}],"version-history":[{"count":1,"href":"https:\/\/correiodoestado.audiencelabs.com.br\/wp-json\/wp\/v2\/posts\/29071\/revisions"}],"predecessor-version":[{"id":29074,"href":"https:\/\/correiodoestado.audiencelabs.com.br\/wp-json\/wp\/v2\/posts\/29071\/revisions\/29074"}],"wp:featuredmedia":[{"embeddable":true,"href":"https:\/\/correiodoestado.audiencelabs.com.br\/wp-json\/wp\/v2\/media\/29072"}],"wp:attachment":[{"href":"https:\/\/correiodoestado.audiencelabs.com.br\/wp-json\/wp\/v2\/media?parent=29071"}],"wp:term":[{"taxonomy":"category","embeddable":true,"href":"https:\/\/correiodoestado.audiencelabs.com.br\/wp-json\/wp\/v2\/categories?post=29071"},{"taxonomy":"post_tag","embeddable":true,"href":"https:\/\/correiodoestado.audiencelabs.com.br\/wp-json\/wp\/v2\/tags?post=29071"}],"curies":[{"name":"wp","href":"https:\/\/api.w.org\/{rel}","templated":true}]}}