{"id":29083,"date":"2026-01-24T09:29:00","date_gmt":"2026-01-24T12:29:00","guid":{"rendered":"https:\/\/correiodoestado.audiencelabs.com.br\/?p=29083"},"modified":"2026-01-20T17:26:39","modified_gmt":"2026-01-20T20:26:39","slug":"guardiola-nao-sabe-brincar-e-manchester-city-abriu-a-carteira-para-gastar-r-12-bilhoes-em-reforcos","status":"publish","type":"post","link":"https:\/\/correiodoestado.audiencelabs.com.br\/guardiola-nao-sabe-brincar-e-manchester-city-abriu-a-carteira-para-gastar-r-12-bilhoes-em-reforcos\/","title":{"rendered":"Guardiola n\u00e3o sabe brincar e Manchester City abriu a carteira para gastar R$ 12 bilh\u00f5es em refor\u00e7os"},"content":{"rendered":"\n<p>O t\u00e9cnico espanhol Pep Guardiola est\u00e1 \u00e0 frente do Manchester City, da Inglaterra, desde julho de 2016. Ao longo dos quase dez anos \u00e0 frente do clube, o treinador j\u00e1 gastou cerca de 2 bilh\u00f5es de euros com refor\u00e7os, o que d\u00e1 cerca de R$ 12 bilh\u00f5es na cota\u00e7\u00e3o atual.<\/p>\n\n\n\n<p>O refor\u00e7o mais recente foi anunciado na \u00faltima segunda-feira (19). O Manchester City abriu os cofres para contratar um jogador de um rival da Premier League: o zagueiro ingl\u00eas Marc Gu\u00e9hi, que estava no Crystal Palace e que \u00e9 titular da Sele\u00e7\u00e3o da Inglaterra. Na temporada de 2025\/26, j\u00e1 havia fechado com o atacante Semenyo, os meias Reijnders, Cherki e Sverre Nypan, o lateral A\u00eft-Nouri e os goleiros James Trafford, Gianluigi Donnarumma e Marcus Bettinelli.<\/p>\n\n\n\n<figure class=\"wp-block-gallery has-nested-images columns-default is-cropped wp-block-gallery-1 is-layout-flex wp-block-gallery-is-layout-flex\">\n<figure class=\"wp-block-image size-large\"><img loading=\"lazy\" decoding=\"async\" width=\"984\" height=\"554\" data-id=\"29085\" src=\"https:\/\/correiodoestado.audiencelabs.com.br\/wp-content\/uploads\/2026\/01\/guehi-2.avif\" alt=\"\" class=\"wp-image-29085\" srcset=\"https:\/\/correiodoestado.audiencelabs.com.br\/wp-content\/uploads\/2026\/01\/guehi-2.avif 984w, https:\/\/correiodoestado.audiencelabs.com.br\/wp-content\/uploads\/2026\/01\/guehi-2-300x169.avif 300w, https:\/\/correiodoestado.audiencelabs.com.br\/wp-content\/uploads\/2026\/01\/guehi-2-768x432.avif 768w, https:\/\/correiodoestado.audiencelabs.com.br\/wp-content\/uploads\/2026\/01\/guehi-2-750x422.avif 750w\" sizes=\"auto, (max-width: 984px) 100vw, 984px\" \/><figcaption class=\"wp-element-caption\">Cr\u00e9ditos: Divulga\u00e7\u00e3o\/Manchester City<\/figcaption><\/figure>\n<\/figure>\n\n\n\n<p>Desde janeiro do ano passado, a diretoria dos Citizens investiu na chegada de 14 jogadores, o que daria para montar um time completo com mais tr\u00eas reservas. Nesse per\u00edodo de Guardiola \u00e0 frente do clube, o Manchester City tamb\u00e9m fez a ent\u00e3o contrata\u00e7\u00e3o mais cara da hist\u00f3ria da Premier League ao fechar com o meia ingl\u00eas Jack Grealish junto ao Aston Villa.<\/p>\n\n\n\n<h2 class=\"wp-block-heading\">Manchester City investe pesado em refor\u00e7os para Guardiola<\/h2>\n\n\n\n<p>Para ficar com Grealish, que no momento joga por empr\u00e9stmo pelo Everton, o City gastou 117 milh\u00f5es de euros (R$ 724 milh\u00f5es na \u00e9poca). No in\u00edcio da atual janela de transfer\u00eancias, o Liverpool assumiu a lideran\u00e7a da maior contrata\u00e7\u00e3o da hist\u00f3ria da Premier League ao fechar com o meia alem\u00e3o Florian Wirtz, do Bayer Leverkusen, da Alemanha, por R$ 1 bilh\u00e3o (R$ 150 milh\u00f5es de euros).<\/p>\n\n\n\n<ul class=\"wp-block-list\">\n<li>Jack Grealish &#8211; 117 milh\u00f5es de euros, em 2021<\/li>\n\n\n\n<li>Josko Gvardiol &#8211; 90 milh\u00f5es de euros, em 2023<\/li>\n\n\n\n<li>Omar Marmoush &#8211; 75 milh\u00f5es de euros, em 2025<\/li>\n\n\n\n<li>Antoine Semenyo &#8211; 72 milh\u00f5es de euros, em 2026<\/li>\n\n\n\n<li>R\u00faben Dias &#8211; 71 milh\u00f5es de euros, em 2020<\/li>\n\n\n\n<li>Rodri &#8211; 70 milh\u00f5es de euros, em 2019<\/li>\n\n\n\n<li>* Contrata\u00e7\u00f5es mais caras da Era Guardiola<\/li>\n<\/ul>\n","protected":false},"excerpt":{"rendered":"<p>O t\u00e9cnico espanhol Pep Guardiola est\u00e1 \u00e0 frente do Manchester City, da Inglaterra, desde julho de 2016. Ao longo dos quase dez anos \u00e0 frente do clube, o treinador j\u00e1 gastou cerca de 2 bilh\u00f5es de euros com refor\u00e7os, o que d\u00e1 cerca de R$ 12 bilh\u00f5es na cota\u00e7\u00e3o atual. O refor\u00e7o mais recente foi [&hellip;]<\/p>\n","protected":false},"author":18,"featured_media":29084,"comment_status":"open","ping_status":"open","sticky":false,"template":"","format":"standard","meta":{"jnews-multi-image_gallery":[],"jnews_single_post":{"format":"standard"},"jnews_primary_category":[],"jnews_social_meta":[],"footnotes":""},"categories":[1],"tags":[],"class_list":["post-29083","post","type-post","status-publish","format-standard","has-post-thumbnail","hentry","category-mix"],"_links":{"self":[{"href":"https:\/\/correiodoestado.audiencelabs.com.br\/wp-json\/wp\/v2\/posts\/29083","targetHints":{"allow":["GET"]}}],"collection":[{"href":"https:\/\/correiodoestado.audiencelabs.com.br\/wp-json\/wp\/v2\/posts"}],"about":[{"href":"https:\/\/correiodoestado.audiencelabs.com.br\/wp-json\/wp\/v2\/types\/post"}],"author":[{"embeddable":true,"href":"https:\/\/correiodoestado.audiencelabs.com.br\/wp-json\/wp\/v2\/users\/18"}],"replies":[{"embeddable":true,"href":"https:\/\/correiodoestado.audiencelabs.com.br\/wp-json\/wp\/v2\/comments?post=29083"}],"version-history":[{"count":2,"href":"https:\/\/correiodoestado.audiencelabs.com.br\/wp-json\/wp\/v2\/posts\/29083\/revisions"}],"predecessor-version":[{"id":29757,"href":"https:\/\/correiodoestado.audiencelabs.com.br\/wp-json\/wp\/v2\/posts\/29083\/revisions\/29757"}],"wp:featuredmedia":[{"embeddable":true,"href":"https:\/\/correiodoestado.audiencelabs.com.br\/wp-json\/wp\/v2\/media\/29084"}],"wp:attachment":[{"href":"https:\/\/correiodoestado.audiencelabs.com.br\/wp-json\/wp\/v2\/media?parent=29083"}],"wp:term":[{"taxonomy":"category","embeddable":true,"href":"https:\/\/correiodoestado.audiencelabs.com.br\/wp-json\/wp\/v2\/categories?post=29083"},{"taxonomy":"post_tag","embeddable":true,"href":"https:\/\/correiodoestado.audiencelabs.com.br\/wp-json\/wp\/v2\/tags?post=29083"}],"curies":[{"name":"wp","href":"https:\/\/api.w.org\/{rel}","templated":true}]}}