{"id":29246,"date":"2026-01-24T06:00:00","date_gmt":"2026-01-24T09:00:00","guid":{"rendered":"https:\/\/correiodoestado.audiencelabs.com.br\/?p=29246"},"modified":"2026-01-22T16:45:29","modified_gmt":"2026-01-22T19:45:29","slug":"cidade-com-o-ceu-mais-estrelado-do-brasil-abriga-mais-de-120-cachoeiras","status":"publish","type":"post","link":"https:\/\/correiodoestado.audiencelabs.com.br\/cidade-com-o-ceu-mais-estrelado-do-brasil-abriga-mais-de-120-cachoeiras\/","title":{"rendered":"Cidade com o c\u00e9u mais estrelado do Brasil abriga mais de 120 cachoeiras"},"content":{"rendered":"\n<p>De acordo com grande parte dos aventureiros que desbravam os quatro cantos do Brasil, o Alto Para\u00edso de Goi\u00e1s, situado na Chapada dos Veadeiros, contempla um dos cen\u00e1rios mais incr\u00edveis para analisar o c\u00e9u estrelado. Apesar da baixa polui\u00e7\u00e3o luminosa presente na regi\u00e3o, ela se destaca ainda pela impuls\u00e3o ao turismo, especialmente com as mais de 120 cachoeiras distribu\u00eddas.<\/p>\n\n\n\n<p>Localizado a 230 km de Bras\u00edlia, o munic\u00edpio recebeu a alcunha de \u201cCapital Brasileira do Terceiro Mil\u00eanio\u201d por ser um polo de misticismo, espiritualidade e esoterismo. Afastada de todo o caos urbano, a <a href=\"https:\/\/correiodoestado.com.br\/mix\/escola-posto-de-saude-e-comercio-maior-condominio-do-brasil-tem-estrutura-completa-e-supera-5-mil-cidades\/\" target=\"_blank\" rel=\"noopener\">cidade <\/a>torna-se uma escolha assertiva para desembarques, especialmente para equipes que priorizam o contato com a natureza.<\/p>\n\n\n\n<figure class=\"wp-block-image size-full\"><img decoding=\"async\" src=\"https:\/\/correiodoestado.audiencelabs.com.br\/wp-content\/uploads\/2026\/01\/a-principal-cachoeira-da-catarata-credito-thiago-de-marica.avif\" alt=\"\" class=\"wp-image-29267\" \/><figcaption class=\"wp-element-caption\">Foto: Arquivo pessoal\/O brabo das imagens<\/figcaption><\/figure>\n\n\n\n<p>Composto por pouco mais de 10 mil habitantes, Alto Para\u00edso de Goi\u00e1s, al\u00e9m das cachoeiras exuberantes, atrai um n\u00famero expressivo de turistas espiritualizados. No entorno da regi\u00e3o, \u00e9 comum encontrar grupos das mais diversas religi\u00f5es, principalmente os budistas. Essas figuras s\u00e3o realocadas aos centros de medita\u00e7\u00e3o, assim como Hare Krishna\u00a0e\u00a0Santo Daime.<\/p>\n\n\n\n<p>Seguindo o sentimento de pertencimento, a Avenida Ary Valad\u00e3o Filho\u00a0cativa os visitantes por contar com a presen\u00e7a de lojas de cristais, centros hol\u00edsticos, caf\u00e9s vegetarianos e galerias de arte. Por outro lado, o munic\u00edpio ainda oferta rituais e pinturas corporais, tendo em vista a influ\u00eancia ind\u00edgena latente. No mais, apresenta\u00e7\u00f5es art\u00edsticas completam a programa\u00e7\u00e3o dos festivais culturais.<\/p>\n\n\n\n<h2 class=\"wp-block-heading\">Principais atra\u00e7\u00f5es da cidade e quando visitar a regi\u00e3o?<\/h2>\n\n\n\n<p>Declarado Patrim\u00f4nio Mundial da Humanidade pela Unesco\u00a0em 2001, o Parque Nacional da Chapada dos Veadeiros \u00e9 o ponto mais atrativo da aventura. Com uma ampla oferta de atividades, os interessados podem desembarcar na cidade para aproveitar as riquezas do Vale da Lua, o Rio S\u00e3o Miguel, a Cachoeira Alm\u00e9cegas I e II, as Cataratas dos Couros, a Cachoeira dos Cristais\u00a0e o Mirante do Canyon.<\/p>\n\n\n\n<p>Para aqueles que desejam conhecer um pouco mais sobre a din\u00e2mica regional, \u00e9 necess\u00e1rio ligar o sinal de alerta antes de fazer as malas. Isso porque, entre dezembro e mar\u00e7o, a temperatura m\u00e9dia percorre entre 16 \u00baC e 23 \u00baC, com o ambiente tomado pelo clima \u00famido, com chuvas frequentes. J\u00e1 entre mar\u00e7o e junho a transi\u00e7\u00e3o ocorre, com a redu\u00e7\u00e3o gradual das chuvas.<\/p>\n\n\n\n<p>No inverno (junho a setembro), o clima \u00e9 seco e frio, com o c\u00e9u limpo, sendo ideal para visitar o Parque Nacional e observar as estrelas. Por fim, entre setembro e dezembro a temperatura varia de 16 \u00baC a 26 \u00baC, com a primavera destacando o cen\u00e1rio ameno, com chuvas moderadas.<\/p>\n","protected":false},"excerpt":{"rendered":"<p>Cidade localizada no Centro-Oeste do Brasil atrai milh\u00f5es de turistas por reunir paisagens exuberantes e experi\u00eancias de tirar o f\u00f4lego. Confira<\/p>\n","protected":false},"author":8,"featured_media":29268,"comment_status":"open","ping_status":"open","sticky":false,"template":"","format":"standard","meta":{"jnews-multi-image_gallery":[],"jnews_single_post":{"format":"standard"},"jnews_primary_category":[],"jnews_social_meta":[],"footnotes":""},"categories":[1],"tags":[],"class_list":["post-29246","post","type-post","status-publish","format-standard","has-post-thumbnail","hentry","category-mix"],"_links":{"self":[{"href":"https:\/\/correiodoestado.audiencelabs.com.br\/wp-json\/wp\/v2\/posts\/29246","targetHints":{"allow":["GET"]}}],"collection":[{"href":"https:\/\/correiodoestado.audiencelabs.com.br\/wp-json\/wp\/v2\/posts"}],"about":[{"href":"https:\/\/correiodoestado.audiencelabs.com.br\/wp-json\/wp\/v2\/types\/post"}],"author":[{"embeddable":true,"href":"https:\/\/correiodoestado.audiencelabs.com.br\/wp-json\/wp\/v2\/users\/8"}],"replies":[{"embeddable":true,"href":"https:\/\/correiodoestado.audiencelabs.com.br\/wp-json\/wp\/v2\/comments?post=29246"}],"version-history":[{"count":2,"href":"https:\/\/correiodoestado.audiencelabs.com.br\/wp-json\/wp\/v2\/posts\/29246\/revisions"}],"predecessor-version":[{"id":29751,"href":"https:\/\/correiodoestado.audiencelabs.com.br\/wp-json\/wp\/v2\/posts\/29246\/revisions\/29751"}],"wp:featuredmedia":[{"embeddable":true,"href":"https:\/\/correiodoestado.audiencelabs.com.br\/wp-json\/wp\/v2\/media\/29268"}],"wp:attachment":[{"href":"https:\/\/correiodoestado.audiencelabs.com.br\/wp-json\/wp\/v2\/media?parent=29246"}],"wp:term":[{"taxonomy":"category","embeddable":true,"href":"https:\/\/correiodoestado.audiencelabs.com.br\/wp-json\/wp\/v2\/categories?post=29246"},{"taxonomy":"post_tag","embeddable":true,"href":"https:\/\/correiodoestado.audiencelabs.com.br\/wp-json\/wp\/v2\/tags?post=29246"}],"curies":[{"name":"wp","href":"https:\/\/api.w.org\/{rel}","templated":true}]}}