{"id":29295,"date":"2026-01-22T05:00:00","date_gmt":"2026-01-22T08:00:00","guid":{"rendered":"https:\/\/correiodoestado.audiencelabs.com.br\/?p=29295"},"modified":"2026-01-21T14:46:06","modified_gmt":"2026-01-21T17:46:06","slug":"praia-com-a-maior-onda-do-brasil-e-amada-por-surfistas-e-encanta-pela-tranquilidade-perto-do-mar","status":"publish","type":"post","link":"https:\/\/correiodoestado.audiencelabs.com.br\/praia-com-a-maior-onda-do-brasil-e-amada-por-surfistas-e-encanta-pela-tranquilidade-perto-do-mar\/","title":{"rendered":"Praia com a maior onda do Brasil \u00e9 amada por surfistas e encanta pela tranquilidade perto do mar"},"content":{"rendered":"\n<p>Para quem deseja fugir do caos metropolitano, residir no litoral \u00e9 uma alternativa mais que assertiva, especialmente quando o assunto diz respeito a aproveitar as f\u00e9rias. A tranquilidade repassada ao longo da faixa de areia e a beleza natural evidente tornam Jaguaruna, cidade de Santa Catarina, um destino essencial para grande parte dos surfistas.<\/p>\n\n\n\n<p>Composto por pouco mais de 20 mil habitantes, o munic\u00edpio tem recebido investimentos de peso no tocante \u00e0 infraestrutura e preserva\u00e7\u00e3o ambiental. Como resultado do olhar atencioso, dunas, restingas e \u00e1reas litor\u00e2neas tornaram-se alvo dos turistas da regi\u00e3o. Por outro lado, a cidade entrou nos holofotes da imprensa nacional por um feito in\u00e9dito.<\/p>\n\n\n\n<figure class=\"wp-block-image size-full\"><img loading=\"lazy\" decoding=\"async\" width=\"750\" height=\"375\" src=\"https:\/\/correiodoestado.audiencelabs.com.br\/wp-content\/uploads\/2026\/01\/DJI_0065-scaled-1-750x375-1.jpg\" alt=\"\" class=\"wp-image-29300\" srcset=\"https:\/\/correiodoestado.audiencelabs.com.br\/wp-content\/uploads\/2026\/01\/DJI_0065-scaled-1-750x375-1.jpg 750w, https:\/\/correiodoestado.audiencelabs.com.br\/wp-content\/uploads\/2026\/01\/DJI_0065-scaled-1-750x375-1-300x150.jpg 300w, https:\/\/correiodoestado.audiencelabs.com.br\/wp-content\/uploads\/2026\/01\/DJI_0065-scaled-1-750x375-1-360x180.jpg 360w\" sizes=\"auto, (max-width: 750px) 100vw, 750px\" \/><figcaption class=\"wp-element-caption\">Cr\u00e9ditos: Portal Municipal de Turismo de Jaguaruna<\/figcaption><\/figure>\n\n\n\n<p>A <a href=\"https:\/\/correiodoestado.com.br\/mix\/dubai-brasileira-quer-ir-alem-das-praias-e-agora-tera-a-maior-pista-de-ski-indoor-da-america-latina\/\" target=\"_blank\" rel=\"noopener\">praia<\/a> de Laje da Jagua, no ano de 2023, registrou uma onda de 14,82 metros de altura, motivo que levou especialistas a estudarem a motiva\u00e7\u00e3o por detr\u00e1s do evento. Por outro lado, competi\u00e7\u00f5es de surfe ganharam uma nova din\u00e2mica na \u00e1rea, dinamizando ainda mais a economia. Um outro fator positivo \u00e9 que a dist\u00e2ncia da faixa urbana colabora para o fluxo de banhistas, visitantes e moradores.<\/p>\n\n\n\n<h2 class=\"wp-block-heading\">Prest\u00edgio sulista<\/h2>\n\n\n\n<p>Embora tenha entrado no rol das maiores ondas j\u00e1 registradas no Brasil, Jaguaruna apresenta motivos de sobra para encantar os viajantes. A diversidade das praias \u00e9 um fator predominante, especialmente com Camacho sendo interligada pelo Rio Tubar\u00e3o por meio de um canal artificial. Nesse mesmo segmento, h\u00e1 ainda o Balne\u00e1rio Figueirinha, com trechos preservados e mar prop\u00edcio para banho.<\/p>\n\n\n\n<p>J\u00e1 Arroio Corrente abra\u00e7a dunas, lagoa e \u00e1rea de recrea\u00e7\u00e3o, enquanto Campo Bom entrega aos visitantes forma\u00e7\u00f5es geol\u00f3gicas de destaque, que chegam a ser comparadas \u00e0s encontradas nos Len\u00e7\u00f3is Maranhenses. Al\u00e9m disso, Dunas do Sul preserva a vegeta\u00e7\u00e3o nativa com o acesso restrito, exigindo planejamento e cautela dos curiosos.<\/p>\n\n\n\n<p>Por fim, o Balne\u00e1rio Esplanada re\u00fane com\u00e9rcio e servi\u00e7os, sendo uma alternativa para quem deseja imergir em constru\u00e7\u00f5es mais complexas. O detalhe importante de toda a empreitada \u00e9 que a cidade tem regulamenta\u00e7\u00f5es r\u00edgidas que reduzem constru\u00e7\u00f5es verticalizadas, diminuindo a press\u00e3o sobre \u00e1reas sens\u00edveis e ecol\u00f3gicas.<\/p>\n","protected":false},"excerpt":{"rendered":"<p>Embora tenha registrado a maior onda do Brasil, praia apresenta motivos de sobra que atraem turistas e surfistas de todos os cantos<\/p>\n","protected":false},"author":8,"featured_media":29301,"comment_status":"open","ping_status":"open","sticky":false,"template":"","format":"standard","meta":{"jnews-multi-image_gallery":[],"jnews_single_post":{"format":"standard"},"jnews_primary_category":[],"jnews_social_meta":[],"footnotes":""},"categories":[1],"tags":[],"class_list":["post-29295","post","type-post","status-publish","format-standard","has-post-thumbnail","hentry","category-mix"],"_links":{"self":[{"href":"https:\/\/correiodoestado.audiencelabs.com.br\/wp-json\/wp\/v2\/posts\/29295","targetHints":{"allow":["GET"]}}],"collection":[{"href":"https:\/\/correiodoestado.audiencelabs.com.br\/wp-json\/wp\/v2\/posts"}],"about":[{"href":"https:\/\/correiodoestado.audiencelabs.com.br\/wp-json\/wp\/v2\/types\/post"}],"author":[{"embeddable":true,"href":"https:\/\/correiodoestado.audiencelabs.com.br\/wp-json\/wp\/v2\/users\/8"}],"replies":[{"embeddable":true,"href":"https:\/\/correiodoestado.audiencelabs.com.br\/wp-json\/wp\/v2\/comments?post=29295"}],"version-history":[{"count":2,"href":"https:\/\/correiodoestado.audiencelabs.com.br\/wp-json\/wp\/v2\/posts\/29295\/revisions"}],"predecessor-version":[{"id":29337,"href":"https:\/\/correiodoestado.audiencelabs.com.br\/wp-json\/wp\/v2\/posts\/29295\/revisions\/29337"}],"wp:featuredmedia":[{"embeddable":true,"href":"https:\/\/correiodoestado.audiencelabs.com.br\/wp-json\/wp\/v2\/media\/29301"}],"wp:attachment":[{"href":"https:\/\/correiodoestado.audiencelabs.com.br\/wp-json\/wp\/v2\/media?parent=29295"}],"wp:term":[{"taxonomy":"category","embeddable":true,"href":"https:\/\/correiodoestado.audiencelabs.com.br\/wp-json\/wp\/v2\/categories?post=29295"},{"taxonomy":"post_tag","embeddable":true,"href":"https:\/\/correiodoestado.audiencelabs.com.br\/wp-json\/wp\/v2\/tags?post=29295"}],"curies":[{"name":"wp","href":"https:\/\/api.w.org\/{rel}","templated":true}]}}