{"id":29314,"date":"2026-02-13T15:30:00","date_gmt":"2026-02-13T18:30:00","guid":{"rendered":"https:\/\/correiodoestado.audiencelabs.com.br\/?p=29314"},"modified":"2026-02-12T18:01:39","modified_gmt":"2026-02-12T21:01:39","slug":"melhor-cidade-para-viver-no-brasil-tem-a-2a-maior-pista-de-aeroporto-do-mundo-com-4-966-metros","status":"publish","type":"post","link":"https:\/\/correiodoestado.audiencelabs.com.br\/melhor-cidade-para-viver-no-brasil-tem-a-2a-maior-pista-de-aeroporto-do-mundo-com-4-966-metros\/","title":{"rendered":"Melhor cidade para viver no Brasil tem a 2\u00aa maior pista de aeroporto do mundo com 4.966 metros"},"content":{"rendered":"\n<p>De acordo com o relat\u00f3rio realizado pelo \u00cdndice de Progresso Social (IPS), Gavi\u00e3o Peixoto, munic\u00edpio localizado no interior de S\u00e3o Paulo, \u00e9 a melhor&nbsp;<a href=\"https:\/\/correiodoestado.com.br\/mix\/escola-posto-de-saude-e-comercio-maior-condominio-do-brasil-tem-estrutura-completa-e-supera-5-mil-cidades\/\" target=\"_blank\" rel=\"noopener\">cidade&nbsp;<\/a>para se morar em todo o territ\u00f3rio brasileiro. Embora os amplos investimentos em pol\u00edticas p\u00fablicas sejam evidentes, um fator peculiar chamou a aten\u00e7\u00e3o internacional.<\/p>\n\n\n\n<p>Curiosamente, a cidade paulistana tem em suas depend\u00eancias a segunda maior pista de aeroporto do mundo, formada por 4.966 metros de comprimento. A fa\u00e7anha \u00e9 creditada \u00e0 base da Embraer, que est\u00e1 estabelecida na regi\u00e3o para o desenvolvimento, testes e produ\u00e7\u00e3o de aeronaves militares. Por sua vez, o prest\u00edgio fica a cargo do Aeroporto Ulyanovsk Vostochny, R\u00fassia, com 5 mil metros.<\/p>\n\n\n\n<figure class=\"wp-block-image size-full\"><img loading=\"lazy\" decoding=\"async\" width=\"1024\" height=\"664\" src=\"https:\/\/correiodoestado.audiencelabs.com.br\/wp-content\/uploads\/2026\/01\/Embraer-Aeroporto-Gaviao-Peixoto-21102201-1024x664-1.jpg\" alt=\"\" class=\"wp-image-29315\" srcset=\"https:\/\/correiodoestado.audiencelabs.com.br\/wp-content\/uploads\/2026\/01\/Embraer-Aeroporto-Gaviao-Peixoto-21102201-1024x664-1.jpg 1024w, https:\/\/correiodoestado.audiencelabs.com.br\/wp-content\/uploads\/2026\/01\/Embraer-Aeroporto-Gaviao-Peixoto-21102201-1024x664-1-300x195.jpg 300w, https:\/\/correiodoestado.audiencelabs.com.br\/wp-content\/uploads\/2026\/01\/Embraer-Aeroporto-Gaviao-Peixoto-21102201-1024x664-1-768x498.jpg 768w, https:\/\/correiodoestado.audiencelabs.com.br\/wp-content\/uploads\/2026\/01\/Embraer-Aeroporto-Gaviao-Peixoto-21102201-1024x664-1-750x486.jpg 750w\" sizes=\"auto, (max-width: 1024px) 100vw, 1024px\" \/><figcaption class=\"wp-element-caption\">Cr\u00e9ditos: Reprodu\u00e7\u00e3o\/Embraer<\/figcaption><\/figure>\n\n\n\n<p>Para uma melhor compreens\u00e3o, uma pista de pouso e decolagem consiste no resultado do equil\u00edbrio entre seguran\u00e7a, efici\u00eancia operacional e planejamento de longo prazo, que garantem que o aeroporto atenda \u00e0s demandas sem comprometer seu crescimento futuro. Mas, afinal de contas, quais s\u00e3o as maiores pistas aerovi\u00e1rias do mundo?<\/p>\n\n\n\n<ul class=\"wp-block-list\">\n<li>1\u00ba lugar: <strong>Aeroporto Ulyanovsk Vostochny, R\u00fassia<\/strong>&nbsp;\u2013 5.000 metros;<\/li>\n\n\n\n<li>2\u00ba lugar: <strong>Aeroporto Unidade Gavi\u00e3o Peixoto, Brasil (Embraer)<\/strong>&nbsp;\u2013 4.966 metros;<\/li>\n\n\n\n<li>3\u00ba lugar: <strong>Aeroporto de Upington, \u00c1frica do Sul<\/strong>&nbsp;\u2013 4.900 metros;<\/li>\n\n\n\n<li>4\u00ba lugar: <strong>Aeroporto Internacional de Denver, EUA&nbsp;<\/strong>\u2013 4.876 metros;<\/li>\n\n\n\n<li>5\u00ba lugar: <strong>Aeroporto Internacional Hamad, Qatar<\/strong>&nbsp;\u2013 4.850 metros;<\/li>\n\n\n\n<li>6\u00ba lugar: <strong>Aeroporto Internacional de Erbil, Iraque&nbsp;<\/strong>\u2013 4.800 metros;<\/li>\n\n\n\n<li>7\u00ba lugar: <strong>Aeroporto Internacional Robert Gabriel Mugabe, Zimb\u00e1bue&nbsp;<\/strong>\u2013 4.724 metros;<\/li>\n\n\n\n<li>8\u00ba lugar: <strong>Aeroporto N\u2019djili, Rep\u00fablica Democr\u00e1tica do Congo&nbsp;<\/strong>\u2013 4.699 metros;<\/li>\n\n\n\n<li>9\u00ba lugar: <strong>Aeroporto Internacional Hosea Kutako, Nam\u00edbia&nbsp;<\/strong>\u2013 4.532 metros;<\/li>\n\n\n\n<li>10\u00ba lugar: <strong>Aeroporto Internacional Al Maktoum, Emirados \u00c1rabes Unidos<\/strong>&nbsp;\u2013 4.498 metros.<\/li>\n<\/ul>\n\n\n\n<h2 class=\"wp-block-heading\">Prest\u00edgio nacional tamb\u00e9m \u00e9 celebrado<\/h2>\n\n\n<style>@media (min-width: 992px) {\n    .recomendadorV2Area1 {\n        width: 280px;\n    }\n    .recomendadorV2Area2 {\n        padding: 0px 20px;\n        width: calc(100% - 280px);\n    }\n}\n\n@media (max-width: 992px) {\n    .recomendadorV2Button {\n        margin: 0 auto;\n    }\n    .recomendadorV2Area {\n        flex-direction: column;\n        text-align: center;\n    }\n    .recomendadorV2Area2 {\n        padding: 0px 20px;\n    }\n}\n\n.recomendadorV2Area {\n    background: #eeeeee3d;\n    border-radius: 10px;\n    padding: 15px;\n    display: flex;\n    margin: 15px auto;\n    border: 1px solid #00000014;\n    max-width: 800px;\n}\n\n.recomendadorV2Area1 img {\n    width: 280px;\n    height: auto;\n    border-radius: 8px;\n}\n\n.linkrecomendadorv2 {\n    text-decoration: none !important;\n}\n\n.recomendadorV2Area2 .recomendadorV2Type {\n    text-transform: uppercase;\n    font-weight: 500;\n    font-size: 11px;\n    letter-spacing: 2px;\n    color: #666;\n    margin: 12px 0;\n    display: block;\n}\n\n.recomendadorV2Title h2 {\n    padding-top: 0px !important;\n    margin: 0px !important;\n    border-left: none !important;\n    padding-left: 0px !important;\n    line-height: 1.3;\n    color: #000 !important;\n    font-size: 24px;\n    margin-bottom: 12px !important;\n}\n\n.recomendadorV2Desc {\n    color: #333;\n    margin: 12px 0px !important;\n    font-size: 15px;\n    line-height: 1.5;\n}\n\n.recomendadorV2Button {\n    width: auto;\n    max-width: 200px;\n    margin: 0;\n    display: inline-flex;\n    align-items: center;\n    background: #1D3557;\n    border-radius: 8px;\n    color: #fff;\n    height: 36px;\n    justify-content: center;\n    text-align: center;\n    font-size: 14px;\n    padding: 0 20px;\n    transition: background-color 0.2s ease;\n}\n\n.recomendadorV2Button:hover {\n    background: #2a4d7a;\n}\n\n.recomendadorV2Button:after {\n    margin-top: -2px;\n    content: \"\u2192\";\n    padding: 0px 0px 0px 8px;\n}\n\n.recomendadorV2Alert {\n    text-align: left;\n    font-size: 11px;\n    margin-top: 8px;\n    color: #666;\n}\n\n.recomendadorFixedArea {\n    width: 100%;\n    display: flex;\n    justify-content: center;\n    align-items: center;\n}\n\n@media (min-width: 992px) {\n    #recomendadorFixed {\n        width: 32% !important;\n        left: 5%;\n    }\n    .recomendadorCloseFixed{\n        right: inherit !important;\n        left: 378px !important;\n    }\n}\n\n#recomendadorFixed {\n    width: 90%;\n    box-shadow: 0 10px 20px 0px #00000057;\n    display: none;\n    height: 90px;\n    background: #F6F6F6;\n    position: fixed;\n    flex-direction: row;\n    bottom: 10px;\n    z-index: 9999;\n    border-radius: 16px;\n    padding: 7px 10px;\n}\n\n.recomendadorLeftArea {\n    width: 160px;\n}\n\n.recomendadorRightArea h2 {\n    padding-top: 0px;\n    margin: 2px 0px 4px 0px !important;\n    font-weight: 400;\n    text-align: center;\n    padding-left: 0px !important;\n    color: #000 !important;\n    border-left: none !important;\n    line-height: 20px;\n    font-size: 12px !important;\n}\n\n.recomendadorImgFixed {\n    overflow: hidden;\n    padding: 8px 6px;\n    height: 100%;\n}\n\n.recomendadorImgFixed img {\n    height: 100% !important;\n    border-radius: 16px;\n}\n\n.recomendadorRightArea {\n    padding-top: 6px;\n    display: flex;\n    width: calc(100% - 130px);\n    justify-content: space-between;\n    align-items: center;\n    flex-direction: column;\n}\n\n.recomendadorButtonFixed {\n    margin: 0 auto;\n    background: #1D3557;\n    width: 80%;\n    text-align: center;\n    font-size: 10px;\n    color: #FFF;\n    padding: 2px 10px;\n    border-radius: 3px;\n}\n\n.recomendadorButtonFixed:after {\n    margin-top: -3px;\n    content: \"\u2192\";\n    padding: 0px 0px 0px 10px;\n}\n\n.recomendadorAlertFixed {\n    font-weight: 400;\n    text-align: center;\n    color: #484848;\n    font-size: 8px;\n}\n\n.recomendadorCloseFixed {\n    z-index: 99999;\n    display: none;\n    right: 0px;\n    left: inherit;\n    bottom: 99px;\n    position: fixed;\n    justify-content: center;\n    background: #F6F6F6;\n    width: 25px;\n    align-items: center;\n    height: 25px;\n    font-weight: 800;\n    border-radius: 50%;\n    border: 1px solid #EBEBEB;\n}\n\n.recomendadorV2Desc{\n    color: #000000;\n    margin: 20px 0px;\n}\n\n@media (max-width: 576px) {\n    .recomendadorV2Area {\n      padding: 10px;\n      max-width: 100%;\n    }\n  \n    .recomendadorV2Area1 img {\n      width: 100%;\n      border-radius: 6px;\n    }\n  \n    .recomendadorV2Area2 .recomendadorV2Type {\n      font-size: 9px;\n      letter-spacing: 1px;\n      margin: 8px 0;\n    }\n  \n    .recomendadorV2Title h2 {\n      font-size: 18px !important;\n      margin-bottom: 8px !important;\n      line-height: 1.2;\n    }\n  \n    .recomendadorV2Desc {\n      font-size: 14px;\n      margin: 8px 0 !important;\n      line-height: 1.4;\n    }\n  \n    .recomendadorV2Button {\n      font-size: 12px;\n      height: 30px;\n      padding: 0 12px;\n      max-width: 160px;\n    }\n  \n    .recomendadorV2Button:after {\n      padding-left: 6px;\n    }\n  }\n  <\/style>\n        <div class=\"lazyblock-recomendador-v2-2jDGz wp-block-lazyblock-recomendador-v2\">\n        <a class=\"linkrecomendadorv2\" href=\"https:\/\/correiodoestado.com.br\/mix\/quem-deixar-pet-sozinho-neste-carnaval-pode-levar-multa-de-ate-r-10-mil-em-cidade-brasileira\/?utm_source=lazy\" target=\"_blank\" rel=\"noopener\">\n            <div class=\"recomendadorV2Area\">\n            <div class=\"recomendadorV2Area1\">\n                <div class=\"recomendadorV2Img\">\n                <img class=\"lazyloaded\" decoding=\"async\" src=\"https:\/\/correiodoestado.com.br\/mix\/wp-content\/uploads\/2026\/02\/animal-triste-1-750x375.jpg\" data-src=\"https:\/\/correiodoestado.com.br\/mix\/wp-content\/uploads\/2026\/02\/animal-triste-1-750x375.jpg\" alt=\"\">\n                <\/div>\n            <\/div>\n            <div class=\"recomendadorV2Area2\">\n                <div class=\"recomendadorV2Type\">\n                    <span>Alerta Pet<\/span>\n                <\/div>\n                <div class=\"recomendadorV2Title\">\n                <h2><span>Multa no Carnaval \ud83d\udc36<\/span><\/h2>\n                <\/div>\n                <div class=\"recomendadorV2Desc\">\n                <span>Deixar animal sozinho pode custar R$10 mil<\/span>\n                <\/div>\n                <div class=\"recomendadorV2Button\">Saiba regras<\/div>\n                <div class=\"recomendadorV2Alert\"><\/div>\n            <\/div>\n            <\/div>\n        <\/a>\n        <div>\n            <div style=\"z-index:99999;\" id=\"buttonClose\" onclick=\"closeRecomendadorFixed()\">\n            <div class=\"recomendadorCloseFixed\">X<\/div>\n            <\/div>\n            <a href=\"https:\/\/correiodoestado.com.br\/mix\/quem-deixar-pet-sozinho-neste-carnaval-pode-levar-multa-de-ate-r-10-mil-em-cidade-brasileira\/?utm_source=lazy\" target=\"_blank\" rel=\"noopener\">\n            <div class=\"recomendadorFixedArea\">\n                <div id=\"recomendadorFixed\">\n                <div class=\"recomendadorLeftArea\">\n                    <div class=\"recomendadorImgFixed\">\n                    <img class=\"lazyload\" decoding=\"async\" src=\"https:\/\/correiodoestado.com.br\/mix\/wp-content\/uploads\/2026\/02\/animal-triste-1-750x375.jpg\" alt=\"\">\n                    <\/div>\n                <\/div>\n                <div class=\"recomendadorRightArea\">\n                    <div class=\"recomendadorTitleFixed\">\n                    <h2><span>Multa no Carnaval \ud83d\udc36<\/span><\/h2>\n                    <\/div>\n                    <div class=\"recomendadorButtonFixed\">Saiba regras<\/div>\n                    <div class=\"recomendadorAlertFixed\"><\/div>\n                <\/div>\n                <\/div>\n            <\/div>\n            <\/a>\n        <\/div>\n        <\/div>\n\n\n\n<p>Composta por pouco mais de 4,7 mil habitantes, a cidade ganhou o status de munic\u00edpio com a melhor qualidade de vida do Brasil. Para dar embasamento \u00e0 pesquisa, os especialistas levaram em considera\u00e7\u00e3o 57 indicadores capazes de atender \u00e0s necessidades humanas b\u00e1sicas, os fundamentos do bem-estar e as oportunidades de direitos individuais e ensino superior.<\/p>\n\n\n\n<p>Em resumo, os investimentos governamentais renderam a Gavi\u00e3o Peixoto a pontua\u00e7\u00e3o de 74,49. A t\u00edtulo de compara\u00e7\u00e3o, o segundo melhor munic\u00edpio para se viver, Gabriel Monteiro (SP), foi avaliado com 71,29. Por fim, a cidade apresenta a melhor m\u00e9dia salarial do estado de S\u00e3o Paulo, com seus habitantes alcan\u00e7ando R$ 6.279,20.<\/p>\n","protected":false},"excerpt":{"rendered":"<p>De acordo com o relat\u00f3rio realizado pelo \u00cdndice de Progresso Social (IPS), Gavi\u00e3o Peixoto, munic\u00edpio localizado no interior de S\u00e3o Paulo, \u00e9 a melhor cidade para se morar em todo o territ\u00f3rio brasileiro<\/p>\n","protected":false},"author":8,"featured_media":27718,"comment_status":"open","ping_status":"open","sticky":false,"template":"","format":"standard","meta":{"jnews-multi-image_gallery":[],"jnews_single_post":{"format":"standard"},"jnews_primary_category":[],"jnews_social_meta":[],"footnotes":""},"categories":[1],"tags":[],"class_list":["post-29314","post","type-post","status-publish","format-standard","has-post-thumbnail","hentry","category-mix"],"_links":{"self":[{"href":"https:\/\/correiodoestado.audiencelabs.com.br\/wp-json\/wp\/v2\/posts\/29314","targetHints":{"allow":["GET"]}}],"collection":[{"href":"https:\/\/correiodoestado.audiencelabs.com.br\/wp-json\/wp\/v2\/posts"}],"about":[{"href":"https:\/\/correiodoestado.audiencelabs.com.br\/wp-json\/wp\/v2\/types\/post"}],"author":[{"embeddable":true,"href":"https:\/\/correiodoestado.audiencelabs.com.br\/wp-json\/wp\/v2\/users\/8"}],"replies":[{"embeddable":true,"href":"https:\/\/correiodoestado.audiencelabs.com.br\/wp-json\/wp\/v2\/comments?post=29314"}],"version-history":[{"count":3,"href":"https:\/\/correiodoestado.audiencelabs.com.br\/wp-json\/wp\/v2\/posts\/29314\/revisions"}],"predecessor-version":[{"id":32926,"href":"https:\/\/correiodoestado.audiencelabs.com.br\/wp-json\/wp\/v2\/posts\/29314\/revisions\/32926"}],"wp:featuredmedia":[{"embeddable":true,"href":"https:\/\/correiodoestado.audiencelabs.com.br\/wp-json\/wp\/v2\/media\/27718"}],"wp:attachment":[{"href":"https:\/\/correiodoestado.audiencelabs.com.br\/wp-json\/wp\/v2\/media?parent=29314"}],"wp:term":[{"taxonomy":"category","embeddable":true,"href":"https:\/\/correiodoestado.audiencelabs.com.br\/wp-json\/wp\/v2\/categories?post=29314"},{"taxonomy":"post_tag","embeddable":true,"href":"https:\/\/correiodoestado.audiencelabs.com.br\/wp-json\/wp\/v2\/tags?post=29314"}],"curies":[{"name":"wp","href":"https:\/\/api.w.org\/{rel}","templated":true}]}}