{"id":30422,"date":"2026-02-15T08:00:00","date_gmt":"2026-02-15T11:00:00","guid":{"rendered":"https:\/\/correiodoestado.audiencelabs.com.br\/?p=30422"},"modified":"2026-01-28T15:29:59","modified_gmt":"2026-01-28T18:29:59","slug":"cidade-brasileira-desbanca-gigantes-e-vira-paraiso-dos-turistas-em-2026","status":"publish","type":"post","link":"https:\/\/correiodoestado.audiencelabs.com.br\/cidade-brasileira-desbanca-gigantes-e-vira-paraiso-dos-turistas-em-2026\/","title":{"rendered":"Cidade brasileira desbanca gigantes e vira para\u00edso dos turistas em 2026"},"content":{"rendered":"\n<p>Viajar segue entre as pr\u00e1ticas mais comuns entre pessoas de diferentes pa\u00edses, e muitos brasileiros priorizam destinos nacionais. Em 2026, uma cidade brasileira pouco citada em roteiros tradicionais passou a chamar aten\u00e7\u00e3o no cen\u00e1rio tur\u00edstico.&nbsp;<\/p>\n\n\n\n<p>Localizada no cora\u00e7\u00e3o da Amaz\u00f4nia, Manaus ganhou proje\u00e7\u00e3o ao aparecer no ranking global de destinos tend\u00eancia da Booking.com. Mesmo n\u00e3o figurando entre cidades mais lembradas como Rio de Janeiro ou Salvador, a capital do Amazonas passou a atrair viajantes estrangeiros.&nbsp;<\/p>\n\n\n\n<figure class=\"wp-block-gallery has-nested-images columns-default is-cropped wp-block-gallery-1 is-layout-flex wp-block-gallery-is-layout-flex\">\n<figure class=\"wp-block-image size-large\"><img loading=\"lazy\" decoding=\"async\" width=\"900\" height=\"600\" data-id=\"30424\" src=\"https:\/\/correiodoestado.audiencelabs.com.br\/wp-content\/uploads\/2026\/01\/shutterstock_1727103_Easy-Resize.com_-1.jpg\" alt=\"\" class=\"wp-image-30424\" srcset=\"https:\/\/correiodoestado.audiencelabs.com.br\/wp-content\/uploads\/2026\/01\/shutterstock_1727103_Easy-Resize.com_-1.jpg 900w, https:\/\/correiodoestado.audiencelabs.com.br\/wp-content\/uploads\/2026\/01\/shutterstock_1727103_Easy-Resize.com_-1-300x200.jpg 300w, https:\/\/correiodoestado.audiencelabs.com.br\/wp-content\/uploads\/2026\/01\/shutterstock_1727103_Easy-Resize.com_-1-768x512.jpg 768w, https:\/\/correiodoestado.audiencelabs.com.br\/wp-content\/uploads\/2026\/01\/shutterstock_1727103_Easy-Resize.com_-1-750x500.jpg 750w\" sizes=\"auto, (max-width: 900px) 100vw, 900px\" \/><figcaption class=\"wp-element-caption\">Cr\u00e9ditos: Shutterstock<br><\/figcaption><\/figure>\n<\/figure>\n\n\n\n<h2 class=\"wp-block-heading\">Natureza e experi\u00eancias culturais<\/h2>\n\n\n\n<p>A presen\u00e7a da floresta amaz\u00f4nica \u00e9 um dos principais fatores de atra\u00e7\u00e3o tur\u00edstica. Visitantes buscam experi\u00eancias ligadas ao contato com a natureza e \u00e0 cultura local. O Encontro das \u00c1guas, onde os rios Negro e Solim\u00f5es correm lado a lado sem se misturar, tornou-se um dos s\u00edmbolos mais visitados da cidade.<\/p>\n\n\n\n<p>O destaque alcan\u00e7ado tamb\u00e9m est\u00e1 relacionado a investimentos em infraestrutura urbana. Manaus passou a contar com novos cart\u00f5es-postais, como o mirante L\u00facia Almeida, com vista para o rio Negro, e o P\u00eder Tur\u00edstico Manaus 355.<\/p>\n\n\n\n<p>Essas estruturas refor\u00e7aram o turismo fluvial e a recep\u00e7\u00e3o de cruzeiros internacionais. Parques como o Gigantes da Floresta ampliaram as op\u00e7\u00f5es de lazer e educa\u00e7\u00e3o ambiental para moradores e turistas.<\/p>\n\n\n\n<p>A valoriza\u00e7\u00e3o da cultura local e da gastronomia amaz\u00f4nica tamb\u00e9m contribuiu para o interesse crescente pelo destino. Ao mesmo tempo, a cidade passou a ser vista como porta de entrada para viv\u00eancias na floresta.<\/p>\n\n\n\n<p>Esse movimento gerou impactos positivos na economia local, resultado de um reposicionamento que alia turismo, preserva\u00e7\u00e3o ambiental e desenvolvimento urbano. O crescimento do fluxo de visitantes internacionais reflete um planejamento voltado \u00e0 integra\u00e7\u00e3o entre turismo e preserva\u00e7\u00e3o ambiental.&nbsp;<\/p>\n","protected":false},"excerpt":{"rendered":"<p>Viajar segue entre as pr\u00e1ticas mais comuns entre pessoas de diferentes pa\u00edses, e muitos brasileiros priorizam destinos nacionais. Em 2026, uma cidade brasileira pouco citada em roteiros tradicionais passou a chamar aten\u00e7\u00e3o no cen\u00e1rio tur\u00edstico.&nbsp; Localizada no cora\u00e7\u00e3o da Amaz\u00f4nia, Manaus ganhou proje\u00e7\u00e3o ao aparecer no ranking global de destinos tend\u00eancia da Booking.com. Mesmo n\u00e3o [&hellip;]<\/p>\n","protected":false},"author":13,"featured_media":30423,"comment_status":"open","ping_status":"open","sticky":false,"template":"","format":"standard","meta":{"jnews-multi-image_gallery":[],"jnews_single_post":{"format":"standard"},"jnews_primary_category":[],"jnews_social_meta":[],"footnotes":""},"categories":[1],"tags":[],"class_list":["post-30422","post","type-post","status-publish","format-standard","has-post-thumbnail","hentry","category-mix"],"_links":{"self":[{"href":"https:\/\/correiodoestado.audiencelabs.com.br\/wp-json\/wp\/v2\/posts\/30422","targetHints":{"allow":["GET"]}}],"collection":[{"href":"https:\/\/correiodoestado.audiencelabs.com.br\/wp-json\/wp\/v2\/posts"}],"about":[{"href":"https:\/\/correiodoestado.audiencelabs.com.br\/wp-json\/wp\/v2\/types\/post"}],"author":[{"embeddable":true,"href":"https:\/\/correiodoestado.audiencelabs.com.br\/wp-json\/wp\/v2\/users\/13"}],"replies":[{"embeddable":true,"href":"https:\/\/correiodoestado.audiencelabs.com.br\/wp-json\/wp\/v2\/comments?post=30422"}],"version-history":[{"count":2,"href":"https:\/\/correiodoestado.audiencelabs.com.br\/wp-json\/wp\/v2\/posts\/30422\/revisions"}],"predecessor-version":[{"id":32978,"href":"https:\/\/correiodoestado.audiencelabs.com.br\/wp-json\/wp\/v2\/posts\/30422\/revisions\/32978"}],"wp:featuredmedia":[{"embeddable":true,"href":"https:\/\/correiodoestado.audiencelabs.com.br\/wp-json\/wp\/v2\/media\/30423"}],"wp:attachment":[{"href":"https:\/\/correiodoestado.audiencelabs.com.br\/wp-json\/wp\/v2\/media?parent=30422"}],"wp:term":[{"taxonomy":"category","embeddable":true,"href":"https:\/\/correiodoestado.audiencelabs.com.br\/wp-json\/wp\/v2\/categories?post=30422"},{"taxonomy":"post_tag","embeddable":true,"href":"https:\/\/correiodoestado.audiencelabs.com.br\/wp-json\/wp\/v2\/tags?post=30422"}],"curies":[{"name":"wp","href":"https:\/\/api.w.org\/{rel}","templated":true}]}}