{"id":31327,"date":"2026-02-14T10:30:00","date_gmt":"2026-02-14T13:30:00","guid":{"rendered":"https:\/\/correiodoestado.audiencelabs.com.br\/?p=31327"},"modified":"2026-02-12T08:13:00","modified_gmt":"2026-02-12T11:13:00","slug":"quem-for-flagrado-bebendo-na-rua-vai-receber-multa-superior-a-r-1-000-na-maior-cidade-do-oeste-de-santa-catarina","status":"publish","type":"post","link":"https:\/\/correiodoestado.audiencelabs.com.br\/quem-for-flagrado-bebendo-na-rua-vai-receber-multa-superior-a-r-1-000-na-maior-cidade-do-oeste-de-santa-catarina\/","title":{"rendered":"Quem for flagrado bebendo na rua vai receber multa superior a R$ 1.000 na maior cidade do Oeste de Santa Catarina"},"content":{"rendered":"\n<p>Uma cidade localizada no Oeste de Santa Catarina, implementou uma nova legisla\u00e7\u00e3o que pro\u00edbe o consumo de bebidas alco\u00f3licas em vias p\u00fablicas entre 2h e 7h. Desde 2023, essa regra tem como objetivo promover a seguran\u00e7a e a ordem p\u00fablica, especialmente nas madrugadas.<\/p>\n\n\n\n<p>Aqueles que desrespeitarem essa norma poder\u00e3o enfrentar multas que variam de R$ 107,19 para pessoas f\u00edsicas at\u00e9 R$ 1.071,92 para estabelecimentos comerciais. A legisla\u00e7\u00e3o n\u00e3o se limita apenas aos indiv\u00edduos, mas tamb\u00e9m responsabiliza os estabelecimentos que facilitam o consumo de \u00e1lcool fora do hor\u00e1rio permitido.<\/p>\n\n\n\n<p>Bares e estabelecimentos devem seguir novas regras, sendo proibida qualquer divulga\u00e7\u00e3o ou incentivo ao consumo no per\u00edodo. A prefeitura de Chapec\u00f3 refor\u00e7ou a fiscaliza\u00e7\u00e3o em \u00e1reas com maior concentra\u00e7\u00e3o de pessoas e conflitos.<\/p>\n\n\n\n<figure class=\"wp-block-gallery has-nested-images columns-default is-cropped wp-block-gallery-1 is-layout-flex wp-block-gallery-is-layout-flex\">\n<figure class=\"wp-block-image size-large\"><img loading=\"lazy\" decoding=\"async\" width=\"900\" height=\"603\" data-id=\"31328\" src=\"https:\/\/correiodoestado.audiencelabs.com.br\/wp-content\/uploads\/2026\/02\/Captura-de-tela-2026-02-03-160649.png\" alt=\"\" class=\"wp-image-31328\" srcset=\"https:\/\/correiodoestado.audiencelabs.com.br\/wp-content\/uploads\/2026\/02\/Captura-de-tela-2026-02-03-160649.png 900w, https:\/\/correiodoestado.audiencelabs.com.br\/wp-content\/uploads\/2026\/02\/Captura-de-tela-2026-02-03-160649-300x201.png 300w, https:\/\/correiodoestado.audiencelabs.com.br\/wp-content\/uploads\/2026\/02\/Captura-de-tela-2026-02-03-160649-768x515.png 768w, https:\/\/correiodoestado.audiencelabs.com.br\/wp-content\/uploads\/2026\/02\/Captura-de-tela-2026-02-03-160649-750x503.png 750w\" sizes=\"auto, (max-width: 900px) 100vw, 900px\" \/><figcaption class=\"wp-element-caption\">Cr\u00e9ditos: Unsplash<\/figcaption><\/figure>\n<\/figure>\n\n\n\n<h2 class=\"wp-block-heading\">Impacto no com\u00e9rcio local<\/h2>\n\n\n\n<p>Os com\u00e9rcios conhecidos como \u201cDisk Beer\u201d foram impactados diretamente por essa legisla\u00e7\u00e3o. Agora, esses estabelecimentos podem funcionar com portas abertas apenas at\u00e9 meia-noite, e entre 0h e 2h, apenas por meio de tele-entrega. Ap\u00f3s esse hor\u00e1rio, a venda de bebidas alco\u00f3licas \u00e9 completamente proibida.<\/p>\n\n\n\n<p>A reincid\u00eancia nas infra\u00e7\u00f5es resulta em penalidades mais severas, incluindo a possibilidade de cassa\u00e7\u00e3o do alvar\u00e1 de funcionamento ap\u00f3s a terceira notifica\u00e7\u00e3o. A implementa\u00e7\u00e3o dessa lei gerou opini\u00f5es divididas entre os moradores de Chapec\u00f3.<\/p>\n\n\n\n<p>Uma parte da popula\u00e7\u00e3o acredita que a medida \u00e9 eficaz na redu\u00e7\u00e3o de conflitos e na manuten\u00e7\u00e3o da ordem p\u00fablica, especialmente em hor\u00e1rios cr\u00edticos. Por outro lado, empres\u00e1rios do setor de entretenimento argumentam que as restri\u00e7\u00f5es prejudicam o movimento noturno e afetam negativamente a rotina de neg\u00f3cios que dependem do fluxo de clientes ap\u00f3s a meia-noite.<\/p>\n","protected":false},"excerpt":{"rendered":"<p>Uma cidade localizada no Oeste de Santa Catarina, implementou uma nova legisla\u00e7\u00e3o que pro\u00edbe o consumo de bebidas alco\u00f3licas em vias p\u00fablicas entre 2h e 7h. Desde 2023, essa regra tem como objetivo promover a seguran\u00e7a e a ordem p\u00fablica, especialmente nas madrugadas. Aqueles que desrespeitarem essa norma poder\u00e3o enfrentar multas que variam de R$ [&hellip;]<\/p>\n","protected":false},"author":13,"featured_media":31329,"comment_status":"open","ping_status":"open","sticky":false,"template":"","format":"standard","meta":{"jnews-multi-image_gallery":[],"jnews_single_post":{"format":"standard"},"jnews_primary_category":[],"jnews_social_meta":[],"footnotes":""},"categories":[1],"tags":[],"class_list":["post-31327","post","type-post","status-publish","format-standard","has-post-thumbnail","hentry","category-mix"],"_links":{"self":[{"href":"https:\/\/correiodoestado.audiencelabs.com.br\/wp-json\/wp\/v2\/posts\/31327","targetHints":{"allow":["GET"]}}],"collection":[{"href":"https:\/\/correiodoestado.audiencelabs.com.br\/wp-json\/wp\/v2\/posts"}],"about":[{"href":"https:\/\/correiodoestado.audiencelabs.com.br\/wp-json\/wp\/v2\/types\/post"}],"author":[{"embeddable":true,"href":"https:\/\/correiodoestado.audiencelabs.com.br\/wp-json\/wp\/v2\/users\/13"}],"replies":[{"embeddable":true,"href":"https:\/\/correiodoestado.audiencelabs.com.br\/wp-json\/wp\/v2\/comments?post=31327"}],"version-history":[{"count":2,"href":"https:\/\/correiodoestado.audiencelabs.com.br\/wp-json\/wp\/v2\/posts\/31327\/revisions"}],"predecessor-version":[{"id":32950,"href":"https:\/\/correiodoestado.audiencelabs.com.br\/wp-json\/wp\/v2\/posts\/31327\/revisions\/32950"}],"wp:featuredmedia":[{"embeddable":true,"href":"https:\/\/correiodoestado.audiencelabs.com.br\/wp-json\/wp\/v2\/media\/31329"}],"wp:attachment":[{"href":"https:\/\/correiodoestado.audiencelabs.com.br\/wp-json\/wp\/v2\/media?parent=31327"}],"wp:term":[{"taxonomy":"category","embeddable":true,"href":"https:\/\/correiodoestado.audiencelabs.com.br\/wp-json\/wp\/v2\/categories?post=31327"},{"taxonomy":"post_tag","embeddable":true,"href":"https:\/\/correiodoestado.audiencelabs.com.br\/wp-json\/wp\/v2\/tags?post=31327"}],"curies":[{"name":"wp","href":"https:\/\/api.w.org\/{rel}","templated":true}]}}