{"id":31795,"date":"2026-02-06T14:21:00","date_gmt":"2026-02-06T17:21:00","guid":{"rendered":"https:\/\/correiodoestado.audiencelabs.com.br\/?p=31795"},"modified":"2026-02-05T19:33:29","modified_gmt":"2026-02-05T22:33:29","slug":"governo-federal-anuncia-otima-noticia-para-quem-recebe-bolsa-familia","status":"publish","type":"post","link":"https:\/\/correiodoestado.audiencelabs.com.br\/governo-federal-anuncia-otima-noticia-para-quem-recebe-bolsa-familia\/","title":{"rendered":"Governo Federal anuncia \u00f3tima not\u00edcia para quem recebe Bolsa Fam\u00edlia"},"content":{"rendered":"\n<p>Com o aval do governo, a Caixa Econ\u00f4mica Federal\u00a0ir\u00e1 iniciar os pagamentos de fevereiro do<a href=\"https:\/\/correiodoestado.com.br\/mix\/inscritos-no-bolsa-familia-podem-receber-novo-beneficio-de-r-300-como-estimulo-para-deixar-o-programa-nesta-cidade\/\" target=\"_blank\" rel=\"noopener\">\u00a0Bolsa Fam\u00edlia<\/a>\u00a02026 a partir da segunda semana do m\u00eas. Seguindo o cronograma tradicional, os primeiros benefici\u00e1rios ser\u00e3o aqueles que apresentarem cart\u00e3o com N\u00famero de Identifica\u00e7\u00e3o Social (NIS) com final 1.<\/p>\n\n\n\n<p>Por ser o m\u00eas mais curto do calend\u00e1rio, o pagamento ser\u00e1 realizado em 12 de fevereiro. Os valores respeitam a regra dos \u00faltimos 10 dias \u00fateis de cada m\u00eas, com os dep\u00f3sitos ocorrendo de forma escalonada. A fim de descobrir a data correta de recebimento, os benefici\u00e1rios devem verificar o \u00faltimo d\u00edgito do NIS, impresso no cart\u00e3o do programa.<\/p>\n\n\n\n<figure class=\"wp-block-image size-large\"><img loading=\"lazy\" decoding=\"async\" width=\"1024\" height=\"613\" src=\"https:\/\/correiodoestado.audiencelabs.com.br\/wp-content\/uploads\/2025\/11\/bolsafamilia_2-1024x613.webp\" alt=\"\" class=\"wp-image-20364\" srcset=\"https:\/\/correiodoestado.audiencelabs.com.br\/wp-content\/uploads\/2025\/11\/bolsafamilia_2-1024x613.webp 1024w, https:\/\/correiodoestado.audiencelabs.com.br\/wp-content\/uploads\/2025\/11\/bolsafamilia_2-300x179.webp 300w, https:\/\/correiodoestado.audiencelabs.com.br\/wp-content\/uploads\/2025\/11\/bolsafamilia_2-768x459.webp 768w, https:\/\/correiodoestado.audiencelabs.com.br\/wp-content\/uploads\/2025\/11\/bolsafamilia_2-750x449.webp 750w, https:\/\/correiodoestado.audiencelabs.com.br\/wp-content\/uploads\/2025\/11\/bolsafamilia_2-1140x682.webp 1140w, https:\/\/correiodoestado.audiencelabs.com.br\/wp-content\/uploads\/2025\/11\/bolsafamilia_2.webp 1170w\" sizes=\"auto, (max-width: 1024px) 100vw, 1024px\" \/><figcaption class=\"wp-element-caption\">Cr\u00e9ditos: Roberta Aline\/MDS<\/figcaption><\/figure>\n\n\n\n<p><strong>Confira o calend\u00e1rio do Bolsa Fam\u00edlia para fevereiro de 2026:<\/strong><\/p>\n\n\n\n<ul class=\"wp-block-list\">\n<li>Final do NIS:\u00a0<strong>1<\/strong>\u00a0&#8211; pagamento em\u00a0<strong>12 de fevereiro;<\/strong><\/li>\n\n\n\n<li>Final do NIS:\u00a0<strong>2<\/strong>\u00a0&#8211; pagamento em\u00a0<strong>13 de fevereiro;<\/strong><\/li>\n\n\n\n<li>Final do NIS:\u00a0<strong>3<\/strong>\u00a0&#8211; pagamento em\u00a0<strong>18 de fevereiro;<\/strong><\/li>\n\n\n\n<li>Final do NIS:\u00a0<strong>4<\/strong>\u00a0&#8211; pagamento em\u00a0<strong>19 de fevereiro;<\/strong><\/li>\n\n\n\n<li>Final do NIS:\u00a0<strong>5<\/strong>\u00a0&#8211; pagamento em\u00a0<strong>20 de fevereiro;<\/strong><\/li>\n\n\n\n<li>Final do NIS:\u00a0<strong>6<\/strong>\u00a0&#8211; pagamento em\u00a0<strong>23 de fevereiro;<\/strong><\/li>\n\n\n\n<li>Final do NIS:\u00a0<strong>7<\/strong>\u00a0&#8211; pagamento em\u00a0<strong>24 de fevereiro;<\/strong><\/li>\n\n\n\n<li>Final do NIS:\u00a0<strong>8<\/strong>\u00a0&#8211; pagamento em\u00a0<strong>25 de fevereiro;<\/strong><\/li>\n\n\n\n<li>Final do NIS:\u00a0<strong>9<\/strong>\u00a0&#8211; pagamento em\u00a0<strong>26 de fevereiro;<\/strong><\/li>\n\n\n\n<li>Final do NIS:\u00a0<strong>0<\/strong>\u00a0&#8211; pagamento em\u00a0<strong>27 de fevereiro<\/strong>.<\/li>\n<\/ul>\n\n\n\n<p>Para ter acesso ao aux\u00edlio do Governo Federal, \u00e9 necess\u00e1rio que a renda familiar seja de at\u00e9 R$ 218 por integrante. Al\u00e9m disso, \u00e9 preciso estar com todos os dados regularizados no Cadastro \u00danico para Programas Sociais (Cad\u00danico). Os benefici\u00e1rios tamb\u00e9m devem manter crian\u00e7as e adolescentes na escola, fazer o acompanhamento pr\u00e9-natal (no caso de gestantes) e manter as carteiras de vacina\u00e7\u00e3o atualizadas.<\/p>\n\n\n\n<h2 class=\"wp-block-heading\">Valores adicionais:<\/h2>\n\n\n\n<p>O Bolsa Fam\u00edlia prev\u00ea o pagamento de, no m\u00ednimo,&nbsp;R$ 600&nbsp;por fam\u00edlia. Em contrapartida, o seio familiar pode ter direito a novos valores, desde que se enquadrem nas diretrizes do programa. No mais, o governo entrega:<\/p>\n\n\n\n<ul class=\"wp-block-list\">\n<li><strong>R$ 150<\/strong>&nbsp;por crian\u00e7a de at\u00e9 6 anos;<\/li>\n\n\n\n<li><strong>R$ 50<\/strong>&nbsp;por gestantes e crian\u00e7as e adolescentes de 7 a 17 anos;<\/li>\n\n\n\n<li><strong>R$ 50<\/strong>&nbsp;por beb\u00ea de at\u00e9 seis meses.<\/li>\n<\/ul>\n\n\n\n<h2 class=\"wp-block-heading\">Confira o calend\u00e1rio do Bolsa Fam\u00edlia de 2026:<\/h2>\n\n\n\n<ul class=\"wp-block-list\">\n<li><strong>Mar\u00e7o:\u00a0<\/strong>pagamentos de 18\/3 a 31\/3;<\/li>\n\n\n\n<li><strong>Abril:\u00a0<\/strong>pagamentos de 16\/4 a 30\/4;<\/li>\n\n\n\n<li><strong>Maio:\u00a0<\/strong>pagamentos de 18\/5 a 29\/5;<\/li>\n\n\n\n<li><strong>Junho:\u00a0<\/strong>pagamentos de 17\/6 a 30\/6;<\/li>\n\n\n\n<li><strong>Julho:\u00a0<\/strong>pagamentos de 20\/7 a 31\/7;<\/li>\n\n\n\n<li><strong>Agosto:\u00a0<\/strong>pagamentos de 18\/8 a 31\/8;<\/li>\n\n\n\n<li><strong>Setembro:\u00a0<\/strong>pagamentos de 17\/9 a 30\/9;<\/li>\n\n\n\n<li><strong>Outubro:\u00a0<\/strong>pagamentos de 19\/10 a 30\/10;<\/li>\n\n\n\n<li><strong>Novembro:\u00a0<\/strong>pagamentos de 16\/11 a 30\/11;<\/li>\n\n\n\n<li><strong>Dezembro:\u00a0<\/strong>pagamentos de 10\/12 a 23\/12.<\/li>\n<\/ul>\n","protected":false},"excerpt":{"rendered":"<p>Com o aval do governo, a Caixa Econ\u00f4mica Federal\u00a0ir\u00e1 iniciar os pagamentos de fevereiro do\u00a0Bolsa Fam\u00edlia\u00a02026 a partir da segunda semana do m\u00eas<\/p>\n","protected":false},"author":8,"featured_media":8109,"comment_status":"open","ping_status":"open","sticky":false,"template":"","format":"standard","meta":{"jnews-multi-image_gallery":[],"jnews_single_post":{"format":"standard"},"jnews_primary_category":[],"jnews_social_meta":[],"footnotes":""},"categories":[1],"tags":[],"class_list":["post-31795","post","type-post","status-publish","format-standard","has-post-thumbnail","hentry","category-mix"],"_links":{"self":[{"href":"https:\/\/correiodoestado.audiencelabs.com.br\/wp-json\/wp\/v2\/posts\/31795","targetHints":{"allow":["GET"]}}],"collection":[{"href":"https:\/\/correiodoestado.audiencelabs.com.br\/wp-json\/wp\/v2\/posts"}],"about":[{"href":"https:\/\/correiodoestado.audiencelabs.com.br\/wp-json\/wp\/v2\/types\/post"}],"author":[{"embeddable":true,"href":"https:\/\/correiodoestado.audiencelabs.com.br\/wp-json\/wp\/v2\/users\/8"}],"replies":[{"embeddable":true,"href":"https:\/\/correiodoestado.audiencelabs.com.br\/wp-json\/wp\/v2\/comments?post=31795"}],"version-history":[{"count":1,"href":"https:\/\/correiodoestado.audiencelabs.com.br\/wp-json\/wp\/v2\/posts\/31795\/revisions"}],"predecessor-version":[{"id":31797,"href":"https:\/\/correiodoestado.audiencelabs.com.br\/wp-json\/wp\/v2\/posts\/31795\/revisions\/31797"}],"wp:featuredmedia":[{"embeddable":true,"href":"https:\/\/correiodoestado.audiencelabs.com.br\/wp-json\/wp\/v2\/media\/8109"}],"wp:attachment":[{"href":"https:\/\/correiodoestado.audiencelabs.com.br\/wp-json\/wp\/v2\/media?parent=31795"}],"wp:term":[{"taxonomy":"category","embeddable":true,"href":"https:\/\/correiodoestado.audiencelabs.com.br\/wp-json\/wp\/v2\/categories?post=31795"},{"taxonomy":"post_tag","embeddable":true,"href":"https:\/\/correiodoestado.audiencelabs.com.br\/wp-json\/wp\/v2\/tags?post=31795"}],"curies":[{"name":"wp","href":"https:\/\/api.w.org\/{rel}","templated":true}]}}