{"id":31882,"date":"2026-02-06T16:52:00","date_gmt":"2026-02-06T19:52:00","guid":{"rendered":"https:\/\/correiodoestado.audiencelabs.com.br\/?p=31882"},"modified":"2026-02-06T11:22:12","modified_gmt":"2026-02-06T14:22:12","slug":"desconto-no-ipva-para-motoristas-sem-infracoes-recebe-aprovacao-da-assembleia-legislativa-e-projeto-avanca-em-sc","status":"publish","type":"post","link":"https:\/\/correiodoestado.audiencelabs.com.br\/desconto-no-ipva-para-motoristas-sem-infracoes-recebe-aprovacao-da-assembleia-legislativa-e-projeto-avanca-em-sc\/","title":{"rendered":"Desconto no IPVA para motoristas sem infra\u00e7\u00f5es recebe aprova\u00e7\u00e3o da Assembleia Legislativa e projeto avan\u00e7a em SC"},"content":{"rendered":"\n<p>Na \u00faltima quarta-feira (4), a Assembleia Legislativa de Santa Catarina aprovou o Projeto de Lei 8\/2025, que prev\u00ea a concess\u00e3o de desconto no <a href=\"https:\/\/correiodoestado.com.br\/mix\/isencao-do-ipva-comeca-a-valer-para-novo-grupo-de-veiculos-no-brasil\/\" target=\"_blank\" rel=\"noopener\">Imposto sobre a Propriedade de Ve\u00edculos Automotores (IPVA)<\/a> para condutores sem registro de infra\u00e7\u00f5es de tr\u00e2nsito. Apesar de ter empolgado os motoristas, a proposta ainda seguir\u00e1 para an\u00e1lise e eventual san\u00e7\u00e3o do governador do Estado.<\/p>\n\n\n\n<p>O texto, de autoria do deputado estadual Napole\u00e3o Bernardes (PSD), estabelece abatimento de 5% no valor do imposto para motoristas inscritos no Registro Nacional Positivo de Condutores (RNPC), ou seja, no sistema previsto no C\u00f3digo de Tr\u00e2nsito Brasileiro (CTB) que agrega pilotos que n\u00e3o apresentaram infra\u00e7\u00f5es nos \u00faltimos 12 meses.<\/p>\n\n\n\n<figure class=\"wp-block-image size-large\"><img loading=\"lazy\" decoding=\"async\" width=\"1024\" height=\"613\" src=\"https:\/\/correiodoestado.audiencelabs.com.br\/wp-content\/uploads\/2025\/12\/1034866-04082016-vac_9022_1-1024x613.webp\" alt=\"\" class=\"wp-image-23724\" srcset=\"https:\/\/correiodoestado.audiencelabs.com.br\/wp-content\/uploads\/2025\/12\/1034866-04082016-vac_9022_1-1024x613.webp 1024w, https:\/\/correiodoestado.audiencelabs.com.br\/wp-content\/uploads\/2025\/12\/1034866-04082016-vac_9022_1-300x179.webp 300w, https:\/\/correiodoestado.audiencelabs.com.br\/wp-content\/uploads\/2025\/12\/1034866-04082016-vac_9022_1-768x459.webp 768w, https:\/\/correiodoestado.audiencelabs.com.br\/wp-content\/uploads\/2025\/12\/1034866-04082016-vac_9022_1-750x449.webp 750w, https:\/\/correiodoestado.audiencelabs.com.br\/wp-content\/uploads\/2025\/12\/1034866-04082016-vac_9022_1-1140x682.webp 1140w, https:\/\/correiodoestado.audiencelabs.com.br\/wp-content\/uploads\/2025\/12\/1034866-04082016-vac_9022_1.webp 1170w\" sizes=\"auto, (max-width: 1024px) 100vw, 1024px\" \/><figcaption class=\"wp-element-caption\">Cr\u00e9ditos: Antonio Cruz\/Ag\u00eancia Brasil<\/figcaption><\/figure>\n\n\n\n<p>\u201cReconhecer quem faz a coisa certa \u00e9 t\u00e3o importante quanto punir quem erra. Quando o Estado valoriza o bom motorista, ele incentiva um tr\u00e2nsito mais humano, respons\u00e1vel e seguro para todos. Esse \u00e9 o caminho: estimular comportamentos positivos e gerar benef\u00edcios reais para a sociedade catarinense\u201d, enfatizou o Bernades.<\/p>\n\n\n\n<p>Durante a sess\u00e3o para delibera\u00e7\u00e3o acerca do PL, o l\u00edder do Governo na Alesc, o deputado Maur\u00edcio Peixer (PL), sugeriu a retirada da mat\u00e9ria da pauta, alegando poss\u00edvel inconstitucionalidade e a necessidade de buscar um acordo com o Executivo. Por\u00e9m, o texto j\u00e1 havia sido votado e acabou aprovado por unanimidade pelos parlamentares.<\/p>\n\n\n\n<h2 class=\"wp-block-heading\">Nova aprova\u00e7\u00e3o <\/h2>\n\n\n\n<p>Na mesma reuni\u00e3o para analisar a proposta de isen\u00e7\u00e3o do IPVA, os deputados tamb\u00e9m aprovaram, por unanimidade, o PL 3\/2024, de autoria do deputado Matheus Cadorin (Novo). A t\u00edtulo de curiosidade, essa demanda autoriza o pagamento de tributos estaduais, como impostos, taxas e multas, por meio de cart\u00e3o de cr\u00e9dito ou d\u00e9bito, sem cobran\u00e7a de taxas adicionais ao contribuinte. No mais, carece ainda da san\u00e7\u00e3o do governador.<\/p>\n","protected":false},"excerpt":{"rendered":"<p>Na \u00faltima quarta-feira (4), a Assembleia Legislativa de Santa Catarina aprovou o Projeto de Lei 8\/2025, que prev\u00ea a concess\u00e3o de desconto no Imposto sobre a Propriedade de Ve\u00edculos Automotores (IPVA) para condutores sem registro de infra\u00e7\u00f5es de tr\u00e2nsito<\/p>\n","protected":false},"author":8,"featured_media":28322,"comment_status":"open","ping_status":"open","sticky":false,"template":"","format":"standard","meta":{"jnews-multi-image_gallery":[],"jnews_single_post":{"format":"standard"},"jnews_primary_category":[],"jnews_social_meta":[],"footnotes":""},"categories":[1],"tags":[],"class_list":["post-31882","post","type-post","status-publish","format-standard","has-post-thumbnail","hentry","category-mix"],"_links":{"self":[{"href":"https:\/\/correiodoestado.audiencelabs.com.br\/wp-json\/wp\/v2\/posts\/31882","targetHints":{"allow":["GET"]}}],"collection":[{"href":"https:\/\/correiodoestado.audiencelabs.com.br\/wp-json\/wp\/v2\/posts"}],"about":[{"href":"https:\/\/correiodoestado.audiencelabs.com.br\/wp-json\/wp\/v2\/types\/post"}],"author":[{"embeddable":true,"href":"https:\/\/correiodoestado.audiencelabs.com.br\/wp-json\/wp\/v2\/users\/8"}],"replies":[{"embeddable":true,"href":"https:\/\/correiodoestado.audiencelabs.com.br\/wp-json\/wp\/v2\/comments?post=31882"}],"version-history":[{"count":1,"href":"https:\/\/correiodoestado.audiencelabs.com.br\/wp-json\/wp\/v2\/posts\/31882\/revisions"}],"predecessor-version":[{"id":31887,"href":"https:\/\/correiodoestado.audiencelabs.com.br\/wp-json\/wp\/v2\/posts\/31882\/revisions\/31887"}],"wp:featuredmedia":[{"embeddable":true,"href":"https:\/\/correiodoestado.audiencelabs.com.br\/wp-json\/wp\/v2\/media\/28322"}],"wp:attachment":[{"href":"https:\/\/correiodoestado.audiencelabs.com.br\/wp-json\/wp\/v2\/media?parent=31882"}],"wp:term":[{"taxonomy":"category","embeddable":true,"href":"https:\/\/correiodoestado.audiencelabs.com.br\/wp-json\/wp\/v2\/categories?post=31882"},{"taxonomy":"post_tag","embeddable":true,"href":"https:\/\/correiodoestado.audiencelabs.com.br\/wp-json\/wp\/v2\/tags?post=31882"}],"curies":[{"name":"wp","href":"https:\/\/api.w.org\/{rel}","templated":true}]}}