{"id":32055,"date":"2026-02-15T08:30:00","date_gmt":"2026-02-15T11:30:00","guid":{"rendered":"https:\/\/correiodoestado.audiencelabs.com.br\/?p=32055"},"modified":"2026-02-12T08:19:35","modified_gmt":"2026-02-12T11:19:35","slug":"padres-estao-liberados-para-adotarem-criancas-desde-que-tenham-duas-autorizacoes","status":"publish","type":"post","link":"https:\/\/correiodoestado.audiencelabs.com.br\/padres-estao-liberados-para-adotarem-criancas-desde-que-tenham-duas-autorizacoes\/","title":{"rendered":"Padres est\u00e3o liberados para adotarem crian\u00e7as desde que tenham duas autoriza\u00e7\u00f5es"},"content":{"rendered":"\n<p>Os padres s\u00e3o respons\u00e1veis por guiar uma comunidade paroquial, transmitindo os ensinamentos da f\u00e9 crist\u00e3 para as pessoas. Por se tratar de uma figura que administra os sacramentos, \u00e9 necess\u00e1rio abdicar de tradi\u00e7\u00f5es que s\u00e3o pertinentes \u00e0queles que n\u00e3o seguem a religi\u00e3o. Pela lei da <a href=\"https:\/\/correiodoestado.com.br\/mix\/igreja-mais-alta-da-america-do-sul-fica-na-cidade-mais-limpa-do-brasil\/\" target=\"_blank\" rel=\"noopener\">Igreja <\/a>Cat\u00f3lica Romana, os ministros n\u00e3o podem se casar nem ter filhos, mas algumas ressalvas s\u00e3o evidenciadas.<\/p>\n\n\n\n<p>De forma pr\u00e1tica, os padres cat\u00f3licos de rito latino n\u00e3o se casam e, consequentemente, n\u00e3o constituem fam\u00edlia biol\u00f3gica,&nbsp;devido ao&nbsp;celibato. Sobretudo, o intuito da metodologia \u00e9 a dedica\u00e7\u00e3o integral de vida e energia \u00e0 comunidade. Por\u00e9m, \u00e9 poss\u00edvel que essas figuras conquistem o direito de adotar algumas crian\u00e7as, desde que duas libera\u00e7\u00f5es sejam sacramentadas.<\/p>\n\n\n\n<figure class=\"wp-block-image size-full\"><img loading=\"lazy\" decoding=\"async\" width=\"740\" height=\"493\" src=\"https:\/\/correiodoestado.audiencelabs.com.br\/wp-content\/uploads\/2026\/02\/padre-de-tiro-medio-rezando-com-crucifixo_23-2149301794.avif\" alt=\"\" class=\"wp-image-32058\"\/><figcaption class=\"wp-element-caption\">Cr\u00e9ditos: Freepik<\/figcaption><\/figure>\n\n\n\n<p>A princ\u00edpio, o ministro ordenado da Igreja Cat\u00f3lica precisa conquistar a autoriza\u00e7\u00e3o de um superior da igreja e do \u00f3rg\u00e3o que cuida das ado\u00e7\u00f5es no pa\u00eds. A t\u00edtulo de curiosidade, somente em Portugal, j\u00e1 foram registrados mais de 20 casos em que um padre conquistou o direito \u00e0 paternidade de crian\u00e7as e prosseguiu o sacerd\u00f3cio. <\/p>\n\n\n\n<p>Para uma melhor compreens\u00e3o, os padres podem adotar crian\u00e7as porque a ado\u00e7\u00e3o \u00e9 vista pela Igreja Cat\u00f3lica como um ato de amor, caridade e prote\u00e7\u00e3o \u00e0 vida. Isso significa n\u00e3o haver proibi\u00e7\u00e3o no direito can\u00f4nico, embora exija autoriza\u00e7\u00e3o do bispo diocesano. Assim, a ado\u00e7\u00e3o \u00e9 poss\u00edvel, sendo um processo civil que busca dar um lar a crian\u00e7as. <\/p>\n","protected":false},"excerpt":{"rendered":"<p>Pela lei da Igreja Cat\u00f3lica Romana, os padres n\u00e3o podem se casar nem ter filhos, mas algumas ressalvas s\u00e3o evidenciadas. Entenda como &#8220;burlar&#8221; a regra<\/p>\n","protected":false},"author":8,"featured_media":32057,"comment_status":"open","ping_status":"open","sticky":false,"template":"","format":"standard","meta":{"jnews-multi-image_gallery":[],"jnews_single_post":{"format":"standard"},"jnews_primary_category":[],"jnews_social_meta":[],"footnotes":""},"categories":[1],"tags":[],"class_list":["post-32055","post","type-post","status-publish","format-standard","has-post-thumbnail","hentry","category-mix"],"_links":{"self":[{"href":"https:\/\/correiodoestado.audiencelabs.com.br\/wp-json\/wp\/v2\/posts\/32055","targetHints":{"allow":["GET"]}}],"collection":[{"href":"https:\/\/correiodoestado.audiencelabs.com.br\/wp-json\/wp\/v2\/posts"}],"about":[{"href":"https:\/\/correiodoestado.audiencelabs.com.br\/wp-json\/wp\/v2\/types\/post"}],"author":[{"embeddable":true,"href":"https:\/\/correiodoestado.audiencelabs.com.br\/wp-json\/wp\/v2\/users\/8"}],"replies":[{"embeddable":true,"href":"https:\/\/correiodoestado.audiencelabs.com.br\/wp-json\/wp\/v2\/comments?post=32055"}],"version-history":[{"count":3,"href":"https:\/\/correiodoestado.audiencelabs.com.br\/wp-json\/wp\/v2\/posts\/32055\/revisions"}],"predecessor-version":[{"id":32979,"href":"https:\/\/correiodoestado.audiencelabs.com.br\/wp-json\/wp\/v2\/posts\/32055\/revisions\/32979"}],"wp:featuredmedia":[{"embeddable":true,"href":"https:\/\/correiodoestado.audiencelabs.com.br\/wp-json\/wp\/v2\/media\/32057"}],"wp:attachment":[{"href":"https:\/\/correiodoestado.audiencelabs.com.br\/wp-json\/wp\/v2\/media?parent=32055"}],"wp:term":[{"taxonomy":"category","embeddable":true,"href":"https:\/\/correiodoestado.audiencelabs.com.br\/wp-json\/wp\/v2\/categories?post=32055"},{"taxonomy":"post_tag","embeddable":true,"href":"https:\/\/correiodoestado.audiencelabs.com.br\/wp-json\/wp\/v2\/tags?post=32055"}],"curies":[{"name":"wp","href":"https:\/\/api.w.org\/{rel}","templated":true}]}}