{"id":32113,"date":"2026-02-14T16:30:00","date_gmt":"2026-02-14T19:30:00","guid":{"rendered":"https:\/\/correiodoestado.audiencelabs.com.br\/?p=32113"},"modified":"2026-02-13T10:45:03","modified_gmt":"2026-02-13T13:45:03","slug":"pais-da-america-do-sul-foi-classificado-como-parte-do-caribe","status":"publish","type":"post","link":"https:\/\/correiodoestado.audiencelabs.com.br\/pais-da-america-do-sul-foi-classificado-como-parte-do-caribe\/","title":{"rendered":"Pa\u00eds da Am\u00e9rica do Sul foi classificado como parte do Caribe"},"content":{"rendered":"\n<p>Recentemente, um pa\u00eds foi classificado como parte do Caribe, embora esteja situado na Am\u00e9rica do Sul. A regi\u00e3o, conhecida como Regi\u00e3o Caribe, abrange \u00e1reas continentais e mar\u00edtimas, com importantes cidades como Barranquilla, Cartagena das \u00cdndias, Santa Marta e Valledupar.\u00a0<\/p>\n\n\n\n<p>A geografia da Regi\u00e3o Caribe da Col\u00f4mbia \u00e9 marcada por uma plan\u00edcie chamada Costa do Caribe e Atl\u00e2ntico, que inclui \u00e1guas colombianas e partes insulares do Mar do Caribe. Essa \u00e1rea est\u00e1 localizada ao norte dos Andes e se estende at\u00e9 a Sierra Nevada de Santa Marta.<\/p>\n\n\n\n<p>Os picos mais altos da Col\u00f4mbia, como os montes Col\u00f3n e Bol\u00edvar, fazem parte dessa regi\u00e3o, que, apesar de sua predomin\u00e2ncia plana, possui uma diversidade ecol\u00f3gica que varia desde La Guajira at\u00e9 a selva \u00famida de Urab\u00e1.<\/p>\n\n\n\n<figure class=\"wp-block-gallery has-nested-images columns-default is-cropped wp-block-gallery-1 is-layout-flex wp-block-gallery-is-layout-flex\">\n<figure class=\"wp-block-image size-large\"><img loading=\"lazy\" decoding=\"async\" width=\"900\" height=\"600\" data-id=\"32115\" src=\"https:\/\/correiodoestado.audiencelabs.com.br\/wp-content\/uploads\/2026\/02\/shutterstock_550135891_Saint-Barthelemy-skyline-and-harbor-in-the-West-Indies.-1024x768-1.jpg\" alt=\"\" class=\"wp-image-32115\" srcset=\"https:\/\/correiodoestado.audiencelabs.com.br\/wp-content\/uploads\/2026\/02\/shutterstock_550135891_Saint-Barthelemy-skyline-and-harbor-in-the-West-Indies.-1024x768-1.jpg 900w, https:\/\/correiodoestado.audiencelabs.com.br\/wp-content\/uploads\/2026\/02\/shutterstock_550135891_Saint-Barthelemy-skyline-and-harbor-in-the-West-Indies.-1024x768-1-300x200.jpg 300w, https:\/\/correiodoestado.audiencelabs.com.br\/wp-content\/uploads\/2026\/02\/shutterstock_550135891_Saint-Barthelemy-skyline-and-harbor-in-the-West-Indies.-1024x768-1-768x512.jpg 768w, https:\/\/correiodoestado.audiencelabs.com.br\/wp-content\/uploads\/2026\/02\/shutterstock_550135891_Saint-Barthelemy-skyline-and-harbor-in-the-West-Indies.-1024x768-1-750x500.jpg 750w\" sizes=\"auto, (max-width: 900px) 100vw, 900px\" \/><figcaption class=\"wp-element-caption\">Cr\u00e9ditos: Shutterstock<\/figcaption><\/figure>\n<\/figure>\n\n\n\n<h2 class=\"wp-block-heading\">Recursos insulares e \u00e1guas territoriais<\/h2>\n\n\n\n<p>Al\u00e9m do territ\u00f3rio continental, a Col\u00f4mbia possui extensas \u00e1guas territoriais e territ\u00f3rios insulares, como o arquip\u00e9lago de San Andr\u00e9s, Provid\u00eancia e Santa Catarina, al\u00e9m de diversos cayos.&nbsp;<\/p>\n\n\n\n<p>Em um contexto pol\u00edtico, o presidente da Col\u00f4mbia, Gustavo Petro, apresentou a proposta de reconstruir a \u201cGrande Col\u00f4mbia\u201d, uma confedera\u00e7\u00e3o que incluiria Panam\u00e1, Venezuela, Equador, Guiana e pa\u00edses da Am\u00e9rica Central.<\/p>\n\n\n\n<p>Essa confedera\u00e7\u00e3o seria modelada ap\u00f3s a Uni\u00e3o Europeia, com um parlamento, tribunal de justi\u00e7a e um conselho de governo para discutir interesses comuns. A proposta surge em resposta a movimentos dos Estados Unidos na regi\u00e3o, que s\u00e3o vistos como uma amea\u00e7a \u00e0 soberania nacional de diversos pa\u00edses latino-americanos.<\/p>\n\n\n\n<p>A ideia de uma confedera\u00e7\u00e3o visa fortalecer a uni\u00e3o entre as na\u00e7\u00f5es latino-americanas, permitindo que se defendam coletivamente contra influ\u00eancias externas. Essa iniciativa pode ser um passo importante para consolidar a autonomia e a identidade regional, promovendo a coopera\u00e7\u00e3o entre os pa\u00edses da Am\u00e9rica Latina e do Caribe.<\/p>\n","protected":false},"excerpt":{"rendered":"<p>Recentemente, um pa\u00eds foi classificado como parte do Caribe, embora esteja situado na Am\u00e9rica do Sul. A regi\u00e3o, conhecida como Regi\u00e3o Caribe, abrange \u00e1reas continentais e mar\u00edtimas, com importantes cidades como Barranquilla, Cartagena das \u00cdndias, Santa Marta e Valledupar.\u00a0 A geografia da Regi\u00e3o Caribe da Col\u00f4mbia \u00e9 marcada por uma plan\u00edcie chamada Costa do Caribe [&hellip;]<\/p>\n","protected":false},"author":13,"featured_media":32116,"comment_status":"open","ping_status":"open","sticky":false,"template":"","format":"standard","meta":{"jnews-multi-image_gallery":[],"jnews_single_post":{"format":"standard"},"jnews_primary_category":[],"jnews_social_meta":[],"footnotes":""},"categories":[1],"tags":[],"class_list":["post-32113","post","type-post","status-publish","format-standard","has-post-thumbnail","hentry","category-mix"],"_links":{"self":[{"href":"https:\/\/correiodoestado.audiencelabs.com.br\/wp-json\/wp\/v2\/posts\/32113","targetHints":{"allow":["GET"]}}],"collection":[{"href":"https:\/\/correiodoestado.audiencelabs.com.br\/wp-json\/wp\/v2\/posts"}],"about":[{"href":"https:\/\/correiodoestado.audiencelabs.com.br\/wp-json\/wp\/v2\/types\/post"}],"author":[{"embeddable":true,"href":"https:\/\/correiodoestado.audiencelabs.com.br\/wp-json\/wp\/v2\/users\/13"}],"replies":[{"embeddable":true,"href":"https:\/\/correiodoestado.audiencelabs.com.br\/wp-json\/wp\/v2\/comments?post=32113"}],"version-history":[{"count":2,"href":"https:\/\/correiodoestado.audiencelabs.com.br\/wp-json\/wp\/v2\/posts\/32113\/revisions"}],"predecessor-version":[{"id":32962,"href":"https:\/\/correiodoestado.audiencelabs.com.br\/wp-json\/wp\/v2\/posts\/32113\/revisions\/32962"}],"wp:featuredmedia":[{"embeddable":true,"href":"https:\/\/correiodoestado.audiencelabs.com.br\/wp-json\/wp\/v2\/media\/32116"}],"wp:attachment":[{"href":"https:\/\/correiodoestado.audiencelabs.com.br\/wp-json\/wp\/v2\/media?parent=32113"}],"wp:term":[{"taxonomy":"category","embeddable":true,"href":"https:\/\/correiodoestado.audiencelabs.com.br\/wp-json\/wp\/v2\/categories?post=32113"},{"taxonomy":"post_tag","embeddable":true,"href":"https:\/\/correiodoestado.audiencelabs.com.br\/wp-json\/wp\/v2\/tags?post=32113"}],"curies":[{"name":"wp","href":"https:\/\/api.w.org\/{rel}","templated":true}]}}