{"id":32234,"date":"2026-02-17T18:05:00","date_gmt":"2026-02-17T21:05:00","guid":{"rendered":"https:\/\/correiodoestado.audiencelabs.com.br\/?p=32234"},"modified":"2026-02-09T16:50:08","modified_gmt":"2026-02-09T19:50:08","slug":"o-que-ha-de-verdade-sobre-produtor-rural-ter-que-usar-capacete-a-partir-de-agora","status":"publish","type":"post","link":"https:\/\/correiodoestado.audiencelabs.com.br\/o-que-ha-de-verdade-sobre-produtor-rural-ter-que-usar-capacete-a-partir-de-agora\/","title":{"rendered":"O que h\u00e1 de verdade sobre produtor rural ter que usar capacete a partir de agora"},"content":{"rendered":"\n<p>Recentemente, surgiram rumores nas redes sociais afirmando que uma nova lei exigiria que os produtores rurais substitu\u00edssem o chap\u00e9u por capacetes durante suas atividades. Contudo, essa informa\u00e7\u00e3o \u00e9 falsa.<\/p>\n\n\n\n<p>Desde 2005, a Norma Regulamentadora n\u00ba 31 (NR-31) j\u00e1 estabelece diretrizes sobre seguran\u00e7a no trabalho rural, incluindo o uso de Equipamentos de Prote\u00e7\u00e3o Individual (EPIs). A NR-31 n\u00e3o pro\u00edbe o uso de chap\u00e9us, que s\u00e3o considerados adequados para prote\u00e7\u00e3o contra sol e chuva.<\/p>\n\n\n\n<p>A norma determina que o empregador deve fornecer os EPIs necess\u00e1rios, que variam conforme a atividade e os riscos envolvidos. Assim, tanto o chap\u00e9u quanto o capacete podem ser utilizados, dependendo das circunst\u00e2ncias espec\u00edficas do trabalho rural.<\/p>\n\n\n\n<figure class=\"wp-block-gallery has-nested-images columns-default is-cropped wp-block-gallery-1 is-layout-flex wp-block-gallery-is-layout-flex\">\n<figure class=\"wp-block-image size-large\"><img loading=\"lazy\" decoding=\"async\" width=\"900\" height=\"600\" data-id=\"32235\" src=\"https:\/\/correiodoestado.audiencelabs.com.br\/wp-content\/uploads\/2026\/02\/cadastro-de-produtor-rural-1200x900-1.jpg\" alt=\"\" class=\"wp-image-32235\" srcset=\"https:\/\/correiodoestado.audiencelabs.com.br\/wp-content\/uploads\/2026\/02\/cadastro-de-produtor-rural-1200x900-1.jpg 900w, https:\/\/correiodoestado.audiencelabs.com.br\/wp-content\/uploads\/2026\/02\/cadastro-de-produtor-rural-1200x900-1-300x200.jpg 300w, https:\/\/correiodoestado.audiencelabs.com.br\/wp-content\/uploads\/2026\/02\/cadastro-de-produtor-rural-1200x900-1-768x512.jpg 768w, https:\/\/correiodoestado.audiencelabs.com.br\/wp-content\/uploads\/2026\/02\/cadastro-de-produtor-rural-1200x900-1-750x500.jpg 750w\" sizes=\"auto, (max-width: 900px) 100vw, 900px\" \/><figcaption class=\"wp-element-caption\">Cr\u00e9ditos: Shutterstock<\/figcaption><\/figure>\n<\/figure>\n\n\n\n<h2 class=\"wp-block-heading\">Esclarecimento do Minist\u00e9rio do Trabalho<\/h2>\n\n\n\n<p>Em nota, o Minist\u00e9rio do Trabalho esclareceu que n\u00e3o h\u00e1 uma exig\u00eancia universal para o uso de capacetes entre todos os trabalhadores rurais. A norma se concentra na implementa\u00e7\u00e3o de medidas de seguran\u00e7a proporcionais aos riscos identificados.<\/p>\n\n\n\n<p>Por exemplo, em situa\u00e7\u00f5es onde h\u00e1 risco de quedas, o uso de capacete pode ser recomendado, mas isso n\u00e3o se aplica a todas as atividades. Um dos prop\u00f3sitos da NR-31 \u00e9 promover o Programa de Gerenciamento de Riscos no Trabalho Rural (PGRTR).<\/p>\n\n\n\n<p>Este programa requer a identifica\u00e7\u00e3o de perigos e a defini\u00e7\u00e3o de medidas para controlar os riscos. Quando o risco de trauma craniano \u00e9 significativo, o capacete \u00e9 indicado como EPI. No entanto, em atividades com alta exposi\u00e7\u00e3o ao sol, o chap\u00e9u \u00e9 o equipamento mais apropriado.<\/p>\n\n\n\n<p>A NR-31 n\u00e3o pro\u00edbe o uso de chap\u00e9us nem define profiss\u00f5es espec\u00edficas; a escolha dos EPIs depende dos riscos da atividade, e a fiscaliza\u00e7\u00e3o segue crit\u00e9rios t\u00e9cnicos do Minist\u00e9rio do Trabalho.<\/p>\n","protected":false},"excerpt":{"rendered":"<p>Recentemente, surgiram rumores nas redes sociais afirmando que uma nova lei exigiria que os produtores rurais substitu\u00edssem o chap\u00e9u por capacetes durante suas atividades. Contudo, essa informa\u00e7\u00e3o \u00e9 falsa. Desde 2005, a Norma Regulamentadora n\u00ba 31 (NR-31) j\u00e1 estabelece diretrizes sobre seguran\u00e7a no trabalho rural, incluindo o uso de Equipamentos de Prote\u00e7\u00e3o Individual (EPIs). A [&hellip;]<\/p>\n","protected":false},"author":13,"featured_media":32236,"comment_status":"open","ping_status":"open","sticky":false,"template":"","format":"standard","meta":{"jnews-multi-image_gallery":[],"jnews_single_post":{"format":"standard"},"jnews_primary_category":[],"jnews_social_meta":[],"footnotes":""},"categories":[1],"tags":[],"class_list":["post-32234","post","type-post","status-publish","format-standard","has-post-thumbnail","hentry","category-mix"],"_links":{"self":[{"href":"https:\/\/correiodoestado.audiencelabs.com.br\/wp-json\/wp\/v2\/posts\/32234","targetHints":{"allow":["GET"]}}],"collection":[{"href":"https:\/\/correiodoestado.audiencelabs.com.br\/wp-json\/wp\/v2\/posts"}],"about":[{"href":"https:\/\/correiodoestado.audiencelabs.com.br\/wp-json\/wp\/v2\/types\/post"}],"author":[{"embeddable":true,"href":"https:\/\/correiodoestado.audiencelabs.com.br\/wp-json\/wp\/v2\/users\/13"}],"replies":[{"embeddable":true,"href":"https:\/\/correiodoestado.audiencelabs.com.br\/wp-json\/wp\/v2\/comments?post=32234"}],"version-history":[{"count":2,"href":"https:\/\/correiodoestado.audiencelabs.com.br\/wp-json\/wp\/v2\/posts\/32234\/revisions"}],"predecessor-version":[{"id":33083,"href":"https:\/\/correiodoestado.audiencelabs.com.br\/wp-json\/wp\/v2\/posts\/32234\/revisions\/33083"}],"wp:featuredmedia":[{"embeddable":true,"href":"https:\/\/correiodoestado.audiencelabs.com.br\/wp-json\/wp\/v2\/media\/32236"}],"wp:attachment":[{"href":"https:\/\/correiodoestado.audiencelabs.com.br\/wp-json\/wp\/v2\/media?parent=32234"}],"wp:term":[{"taxonomy":"category","embeddable":true,"href":"https:\/\/correiodoestado.audiencelabs.com.br\/wp-json\/wp\/v2\/categories?post=32234"},{"taxonomy":"post_tag","embeddable":true,"href":"https:\/\/correiodoestado.audiencelabs.com.br\/wp-json\/wp\/v2\/tags?post=32234"}],"curies":[{"name":"wp","href":"https:\/\/api.w.org\/{rel}","templated":true}]}}