{"id":32307,"date":"2026-02-15T13:30:00","date_gmt":"2026-02-15T16:30:00","guid":{"rendered":"https:\/\/correiodoestado.audiencelabs.com.br\/?p=32307"},"modified":"2026-02-10T10:41:24","modified_gmt":"2026-02-10T13:41:24","slug":"eclipse-no-dia-17-de-fevereiro-com-aneis-de-fogo-no-ceu-deixa-brasileiros-tristes-ja-que-nao-sera-visto-do-pais","status":"publish","type":"post","link":"https:\/\/correiodoestado.audiencelabs.com.br\/eclipse-no-dia-17-de-fevereiro-com-aneis-de-fogo-no-ceu-deixa-brasileiros-tristes-ja-que-nao-sera-visto-do-pais\/","title":{"rendered":"Eclipse no dia 17 de fevereiro com an\u00e9is de fogo no c\u00e9u deixa brasileiros tristes j\u00e1 que n\u00e3o ser\u00e1 visto do pa\u00eds"},"content":{"rendered":"\n<p>No dia 17 de fevereiro de 2026, um eclipse solar anular, popularmente conhecido como \u201cAnel de Fogo\u201d, ocorrer\u00e1, mas n\u00e3o ser\u00e1 vis\u00edvel no Brasil. Esse fen\u00f4meno astron\u00f4mico acontece quando a Lua se posiciona entre a Terra e o Sol, mas n\u00e3o cobre completamente o disco solar.<\/p>\n\n\n\n<p>Como resultado, uma borda luminosa fica vis\u00edvel ao redor da Lua, criando um efeito impressionante. Apesar da expectativa gerada pelo evento, muitos brasileiros lamentam que n\u00e3o ter\u00e3o a oportunidade de observar o eclipse diretamente.<\/p>\n\n\n\n<p>A visibilidade do \u201cAnel de Fogo\u201d ser\u00e1 restrita a \u00e1reas remotas, como a Ant\u00e1rtida, o que gera frustra\u00e7\u00e3o entre os entusiastas da astronomia. Em contraste, o eclipse solar de outubro de 2023 foi vis\u00edvel em v\u00e1rias partes do pa\u00eds, permitindo que mais pessoas apreciassem o fen\u00f4meno.<\/p>\n\n\n\n<figure class=\"wp-block-gallery has-nested-images columns-default is-cropped wp-block-gallery-1 is-layout-flex wp-block-gallery-is-layout-flex\">\n<figure class=\"wp-block-image size-large\"><img loading=\"lazy\" decoding=\"async\" width=\"900\" height=\"600\" data-id=\"32308\" src=\"https:\/\/correiodoestado.audiencelabs.com.br\/wp-content\/uploads\/2026\/02\/geronimo-giqueaux-u7Zg30QBwuw-unsplash-2048x1152-1.jpg\" alt=\"\" class=\"wp-image-32308\" srcset=\"https:\/\/correiodoestado.audiencelabs.com.br\/wp-content\/uploads\/2026\/02\/geronimo-giqueaux-u7Zg30QBwuw-unsplash-2048x1152-1.jpg 900w, https:\/\/correiodoestado.audiencelabs.com.br\/wp-content\/uploads\/2026\/02\/geronimo-giqueaux-u7Zg30QBwuw-unsplash-2048x1152-1-300x200.jpg 300w, https:\/\/correiodoestado.audiencelabs.com.br\/wp-content\/uploads\/2026\/02\/geronimo-giqueaux-u7Zg30QBwuw-unsplash-2048x1152-1-768x512.jpg 768w, https:\/\/correiodoestado.audiencelabs.com.br\/wp-content\/uploads\/2026\/02\/geronimo-giqueaux-u7Zg30QBwuw-unsplash-2048x1152-1-750x500.jpg 750w\" sizes=\"auto, (max-width: 900px) 100vw, 900px\" \/><figcaption class=\"wp-element-caption\">Cr\u00e9ditos: Unsplash<\/figcaption><\/figure>\n<\/figure>\n\n\n\n<h2 class=\"wp-block-heading\">Entendendo o eclipse anular<\/h2>\n\n\n\n<p>O eclipse solar anular acontece quando a Lua, mais distante da Terra, n\u00e3o cobre totalmente o Sol, deixando vis\u00edvel um anel luminoso, ao contr\u00e1rio do eclipse total. A astr\u00f4noma Josina Nascimento, do Observat\u00f3rio Nacional, explica que a sombra mais escura, onde a luz \u00e9 totalmente bloqueada, \u00e9 chamada de umbra, enquanto a penumbra \u00e9 a \u00e1rea onde a luz solar \u00e9 parcialmente bloqueada.<\/p>\n\n\n\n<p>No caso do eclipse do dia 17 de fevereiro, a visualiza\u00e7\u00e3o ser\u00e1 limitada, mas o evento ainda \u00e9 aguardado com expectativa por aqueles que acompanham fen\u00f4menos astron\u00f4micos. Para os brasileiros interessados, a \u00fanica maneira de acompanhar o eclipse ser\u00e1 por meio de transmiss\u00f5es oficiais.<\/p>\n\n\n\n<p>Essa alternativa, embora n\u00e3o substitua a experi\u00eancia de ver o fen\u00f4meno ao vivo, permite que o p\u00fablico ainda possa se conectar com o evento e aprender mais sobre a astronomia.&nbsp;<\/p>\n","protected":false},"excerpt":{"rendered":"<p>No dia 17 de fevereiro de 2026, um eclipse solar anular, popularmente conhecido como \u201cAnel de Fogo\u201d, ocorrer\u00e1, mas n\u00e3o ser\u00e1 vis\u00edvel no Brasil. Esse fen\u00f4meno astron\u00f4mico acontece quando a Lua se posiciona entre a Terra e o Sol, mas n\u00e3o cobre completamente o disco solar. Como resultado, uma borda luminosa fica vis\u00edvel ao redor [&hellip;]<\/p>\n","protected":false},"author":13,"featured_media":32309,"comment_status":"open","ping_status":"open","sticky":false,"template":"","format":"standard","meta":{"jnews-multi-image_gallery":[],"jnews_single_post":{"format":"standard"},"jnews_primary_category":[],"jnews_social_meta":[],"footnotes":""},"categories":[1],"tags":[],"class_list":["post-32307","post","type-post","status-publish","format-standard","has-post-thumbnail","hentry","category-mix"],"_links":{"self":[{"href":"https:\/\/correiodoestado.audiencelabs.com.br\/wp-json\/wp\/v2\/posts\/32307","targetHints":{"allow":["GET"]}}],"collection":[{"href":"https:\/\/correiodoestado.audiencelabs.com.br\/wp-json\/wp\/v2\/posts"}],"about":[{"href":"https:\/\/correiodoestado.audiencelabs.com.br\/wp-json\/wp\/v2\/types\/post"}],"author":[{"embeddable":true,"href":"https:\/\/correiodoestado.audiencelabs.com.br\/wp-json\/wp\/v2\/users\/13"}],"replies":[{"embeddable":true,"href":"https:\/\/correiodoestado.audiencelabs.com.br\/wp-json\/wp\/v2\/comments?post=32307"}],"version-history":[{"count":2,"href":"https:\/\/correiodoestado.audiencelabs.com.br\/wp-json\/wp\/v2\/posts\/32307\/revisions"}],"predecessor-version":[{"id":32990,"href":"https:\/\/correiodoestado.audiencelabs.com.br\/wp-json\/wp\/v2\/posts\/32307\/revisions\/32990"}],"wp:featuredmedia":[{"embeddable":true,"href":"https:\/\/correiodoestado.audiencelabs.com.br\/wp-json\/wp\/v2\/media\/32309"}],"wp:attachment":[{"href":"https:\/\/correiodoestado.audiencelabs.com.br\/wp-json\/wp\/v2\/media?parent=32307"}],"wp:term":[{"taxonomy":"category","embeddable":true,"href":"https:\/\/correiodoestado.audiencelabs.com.br\/wp-json\/wp\/v2\/categories?post=32307"},{"taxonomy":"post_tag","embeddable":true,"href":"https:\/\/correiodoestado.audiencelabs.com.br\/wp-json\/wp\/v2\/tags?post=32307"}],"curies":[{"name":"wp","href":"https:\/\/api.w.org\/{rel}","templated":true}]}}