{"id":32333,"date":"2026-02-17T12:30:00","date_gmt":"2026-02-17T15:30:00","guid":{"rendered":"https:\/\/correiodoestado.audiencelabs.com.br\/?p=32333"},"modified":"2026-02-13T16:54:50","modified_gmt":"2026-02-13T19:54:50","slug":"datena-tera-um-salario-de-cair-da-cadeira-pago-pelo-governo-federal","status":"publish","type":"post","link":"https:\/\/correiodoestado.audiencelabs.com.br\/datena-tera-um-salario-de-cair-da-cadeira-pago-pelo-governo-federal\/","title":{"rendered":"Datena ter\u00e1 um sal\u00e1rio de cair da cadeira pago pelo Governo Federal"},"content":{"rendered":"\n<p>O Governo Federal, sob a gest\u00e3o de Lula, anunciou que pagar\u00e1 um sal\u00e1rio significativo a Jos\u00e9 Luiz Datena, que assumir\u00e1 a responsabilidade por programas na Empresa Brasil de Comunica\u00e7\u00e3o (EBC).<\/p>\n\n\n\n<p>Esses programas ser\u00e3o voltados principalmente para a seguran\u00e7a p\u00fablica e atender\u00e3o ao p\u00fablico das classes C, D e E. A decis\u00e3o de contratar Datena tem gerado discuss\u00f5es sobre sua adequa\u00e7\u00e3o ao cargo.<\/p>\n\n\n\n<figure class=\"wp-block-gallery has-nested-images columns-default is-cropped wp-block-gallery-1 is-layout-flex wp-block-gallery-is-layout-flex\">\n<figure class=\"wp-block-image size-large\"><img loading=\"lazy\" decoding=\"async\" width=\"900\" height=\"600\" data-id=\"32335\" src=\"https:\/\/correiodoestado.audiencelabs.com.br\/wp-content\/uploads\/2026\/02\/Captura-de-tela-2026-02-10-113359.png\" alt=\"\" class=\"wp-image-32335\" srcset=\"https:\/\/correiodoestado.audiencelabs.com.br\/wp-content\/uploads\/2026\/02\/Captura-de-tela-2026-02-10-113359.png 900w, https:\/\/correiodoestado.audiencelabs.com.br\/wp-content\/uploads\/2026\/02\/Captura-de-tela-2026-02-10-113359-300x200.png 300w, https:\/\/correiodoestado.audiencelabs.com.br\/wp-content\/uploads\/2026\/02\/Captura-de-tela-2026-02-10-113359-768x512.png 768w, https:\/\/correiodoestado.audiencelabs.com.br\/wp-content\/uploads\/2026\/02\/Captura-de-tela-2026-02-10-113359-750x500.png 750w\" sizes=\"auto, (max-width: 900px) 100vw, 900px\" \/><figcaption class=\"wp-element-caption\">Cr\u00e9ditos: Divulga\u00e7\u00e3o \/ Rede TV<\/figcaption><\/figure>\n<\/figure>\n\n\n\n<h2 class=\"wp-block-heading\">Programas na EBC<\/h2>\n\n\n\n<p>Datena foi anunciado como novo apresentador da EBC, com sal\u00e1rio estimado em R$ 100 mil mensais. Ele comandar\u00e1 o programa \u201cNa Mesa com Datena\u201d, com dura\u00e7\u00e3o de uma hora e meia, que ser\u00e1 exibido pela TV Brasil. O apresentador tamb\u00e9m seguir\u00e1 \u00e0 frente do \u201cAl\u00f4 Al\u00f4 Brasil\u201d, notici\u00e1rio matinal da R\u00e1dio Nacional, no qual comenta os principais fatos do dia.<\/p>\n\n\n\n<p>A estreia das atra\u00e7\u00f5es est\u00e1 prevista para fevereiro, embora o contrato ainda n\u00e3o tenha sido oficialmente formalizado. A contrata\u00e7\u00e3o gerou repercuss\u00e3o e cr\u00edticas de entidades como a Fenaj, que questionam se o estilo do jornalista estaria alinhado aos princ\u00edpios de direitos humanos defendidos pela comunica\u00e7\u00e3o p\u00fablica.<\/p>\n\n\n\n<p>Em resposta, a EBC afirma que a escolha se baseia na experi\u00eancia, popularidade e trajet\u00f3ria profissional de Datena, incluindo pr\u00eamios relacionados \u00e0 \u00e1rea de direitos humanos. O apresentador tamb\u00e9m tem hist\u00f3rico pol\u00edtico, com passagens por partidos como PT e PL, al\u00e9m de uma rela\u00e7\u00e3o antiga com o presidente Lula, que foi convidado para participar do programa de estreia.<\/p>\n\n\n\n<p>Segundo o presidente da EBC, Andr\u00e9 Basbaum, os programas ter\u00e3o abordagem ampla, com destaque para a seguran\u00e7a p\u00fablica. Para ampliar o alcance, a emissora planeja uma campanha publicit\u00e1ria voltada principalmente ao p\u00fablico acima de 35 anos.<\/p>\n","protected":false},"excerpt":{"rendered":"<p>O Governo Federal, sob a gest\u00e3o de Lula, anunciou que pagar\u00e1 um sal\u00e1rio significativo a Jos\u00e9 Luiz Datena, que assumir\u00e1 a responsabilidade por programas na Empresa Brasil de Comunica\u00e7\u00e3o (EBC). Esses programas ser\u00e3o voltados principalmente para a seguran\u00e7a p\u00fablica e atender\u00e3o ao p\u00fablico das classes C, D e E. A decis\u00e3o de contratar Datena tem [&hellip;]<\/p>\n","protected":false},"author":13,"featured_media":33079,"comment_status":"open","ping_status":"open","sticky":false,"template":"","format":"standard","meta":{"jnews-multi-image_gallery":[],"jnews_single_post":{"format":"standard"},"jnews_primary_category":[],"jnews_social_meta":[],"footnotes":""},"categories":[1],"tags":[],"class_list":["post-32333","post","type-post","status-publish","format-standard","has-post-thumbnail","hentry","category-mix"],"_links":{"self":[{"href":"https:\/\/correiodoestado.audiencelabs.com.br\/wp-json\/wp\/v2\/posts\/32333","targetHints":{"allow":["GET"]}}],"collection":[{"href":"https:\/\/correiodoestado.audiencelabs.com.br\/wp-json\/wp\/v2\/posts"}],"about":[{"href":"https:\/\/correiodoestado.audiencelabs.com.br\/wp-json\/wp\/v2\/types\/post"}],"author":[{"embeddable":true,"href":"https:\/\/correiodoestado.audiencelabs.com.br\/wp-json\/wp\/v2\/users\/13"}],"replies":[{"embeddable":true,"href":"https:\/\/correiodoestado.audiencelabs.com.br\/wp-json\/wp\/v2\/comments?post=32333"}],"version-history":[{"count":1,"href":"https:\/\/correiodoestado.audiencelabs.com.br\/wp-json\/wp\/v2\/posts\/32333\/revisions"}],"predecessor-version":[{"id":32336,"href":"https:\/\/correiodoestado.audiencelabs.com.br\/wp-json\/wp\/v2\/posts\/32333\/revisions\/32336"}],"wp:featuredmedia":[{"embeddable":true,"href":"https:\/\/correiodoestado.audiencelabs.com.br\/wp-json\/wp\/v2\/media\/33079"}],"wp:attachment":[{"href":"https:\/\/correiodoestado.audiencelabs.com.br\/wp-json\/wp\/v2\/media?parent=32333"}],"wp:term":[{"taxonomy":"category","embeddable":true,"href":"https:\/\/correiodoestado.audiencelabs.com.br\/wp-json\/wp\/v2\/categories?post=32333"},{"taxonomy":"post_tag","embeddable":true,"href":"https:\/\/correiodoestado.audiencelabs.com.br\/wp-json\/wp\/v2\/tags?post=32333"}],"curies":[{"name":"wp","href":"https:\/\/api.w.org\/{rel}","templated":true}]}}