{"id":32352,"date":"2026-02-10T13:47:00","date_gmt":"2026-02-10T16:47:00","guid":{"rendered":"https:\/\/correiodoestado.audiencelabs.com.br\/?p=32352"},"modified":"2026-02-10T14:41:13","modified_gmt":"2026-02-10T17:41:13","slug":"cobranca-ilegal-de-placas-pode-obrigar-o-detran-a-realizar-devolucao-milionaria","status":"publish","type":"post","link":"https:\/\/correiodoestado.audiencelabs.com.br\/cobranca-ilegal-de-placas-pode-obrigar-o-detran-a-realizar-devolucao-milionaria\/","title":{"rendered":"Cobran\u00e7a ilegal de placas pode obrigar o Detran a realizar devolu\u00e7\u00e3o milion\u00e1ria"},"content":{"rendered":"\n<p>Ap\u00f3s decis\u00e3o judicial da 1\u00aa Vara de Fazenda P\u00fablica e de Registros P\u00fablicos, o <a href=\"https:\/\/correiodoestado.com.br\/mix\/alerta-geral-do-detran-avisando-sobre-golpe-do-ipva-e-licenciamento-via-pix-no-rio-grande-do-sul\/\" target=\"_blank\" rel=\"noopener\">Departamento Estadual de Tr\u00e2nsito<\/a> de Mato Grosso do Sul (Detran-MS) foi condenado a devolver R$ 2.301.296,67 corrigidos a empresas estampadoras de PIV (Placas de Identifica\u00e7\u00e3o Veicular) do Mercosul. A a\u00e7\u00e3o foi motivada ap\u00f3s den\u00fancias sobre cobran\u00e7as indevidas relacionadas ao servi\u00e7o de estampagem e comercializa\u00e7\u00e3o das PIVs.<\/p>\n\n\n\n<p>Para uma melhor compreens\u00e3o, o emplacamento do Mercosul foi institu\u00eddo em janeiro de 2020, motivando at\u00e9 mesmo o Procon a estabelecer regras para garantir valores competitivos do servi\u00e7o e evitar poss\u00edvel acordo expl\u00edcito ou impl\u00edcito das empresas.&nbsp;Nesse intervalo, muitas companhias contornaram o percurso, decretando a cobran\u00e7a de cifras mais baixas.<\/p>\n\n\n\n<figure class=\"wp-block-image size-large\"><img loading=\"lazy\" decoding=\"async\" width=\"1024\" height=\"613\" src=\"https:\/\/correiodoestado.audiencelabs.com.br\/wp-content\/uploads\/2025\/12\/1034866-04082016-vac_9022_1-1024x613.webp\" alt=\"\" class=\"wp-image-23724\" srcset=\"https:\/\/correiodoestado.audiencelabs.com.br\/wp-content\/uploads\/2025\/12\/1034866-04082016-vac_9022_1-1024x613.webp 1024w, https:\/\/correiodoestado.audiencelabs.com.br\/wp-content\/uploads\/2025\/12\/1034866-04082016-vac_9022_1-300x179.webp 300w, https:\/\/correiodoestado.audiencelabs.com.br\/wp-content\/uploads\/2025\/12\/1034866-04082016-vac_9022_1-768x459.webp 768w, https:\/\/correiodoestado.audiencelabs.com.br\/wp-content\/uploads\/2025\/12\/1034866-04082016-vac_9022_1-750x449.webp 750w, https:\/\/correiodoestado.audiencelabs.com.br\/wp-content\/uploads\/2025\/12\/1034866-04082016-vac_9022_1-1140x682.webp 1140w, https:\/\/correiodoestado.audiencelabs.com.br\/wp-content\/uploads\/2025\/12\/1034866-04082016-vac_9022_1.webp 1170w\" sizes=\"auto, (max-width: 1024px) 100vw, 1024px\" \/><figcaption class=\"wp-element-caption\">Cr\u00e9ditos: Antonio Cruz\/Ag\u00eancia Brasil<\/figcaption><\/figure>\n\n\n\n<p>No entanto, 17 empresas do Mato Grosso do Sul ajuizaram a\u00e7\u00e3o, em mar\u00e7o de 2025, mediante o entendimento do Supremo Tribunal Federal (STF) de 2023. Em resumo, a Corte havia decretado que a regulamenta\u00e7\u00e3o dos servi\u00e7os de fabrica\u00e7\u00e3o e estampagem de placas seria atribui\u00e7\u00e3o exclusiva do Contran (Conselho Nacional de Tr\u00e2nsito).<\/p>\n\n\n\n<p>No intervalo entre mar\u00e7o de 2020 e julho de 2023, a autarquia sul-mato-grossense cobrou, por conta pr\u00f3pria, 0,9 Uferms (Unidade Fiscal Estadual de Refer\u00eancia de Mato Grosso do Sul) por cada placa fabricada, valor que caracteriza R$ 42,61. Contudo, a cobran\u00e7a foi enquadrada como ilegal, j\u00e1 que o departamento deve apenas cumprir as resolu\u00e7\u00f5es nacionais sobre o tr\u00e2nsito.<\/p>\n\n\n\n<h2 class=\"wp-block-heading\">Postura do Detran \u00e9 confrontada<\/h2>\n\n\n<style>@media (min-width: 992px) {\n    .recomendadorV2Area1 {\n        width: 280px;\n    }\n    .recomendadorV2Area2 {\n        padding: 0px 20px;\n        width: calc(100% - 280px);\n    }\n}\n\n@media (max-width: 992px) {\n    .recomendadorV2Button {\n        margin: 0 auto;\n    }\n    .recomendadorV2Area {\n        flex-direction: column;\n        text-align: center;\n    }\n    .recomendadorV2Area2 {\n        padding: 0px 20px;\n    }\n}\n\n.recomendadorV2Area {\n    background: #eeeeee3d;\n    border-radius: 10px;\n    padding: 15px;\n    display: flex;\n    margin: 15px auto;\n    border: 1px solid #00000014;\n    max-width: 800px;\n}\n\n.recomendadorV2Area1 img {\n    width: 280px;\n    height: auto;\n    border-radius: 8px;\n}\n\n.linkrecomendadorv2 {\n    text-decoration: none !important;\n}\n\n.recomendadorV2Area2 .recomendadorV2Type {\n    text-transform: uppercase;\n    font-weight: 500;\n    font-size: 11px;\n    letter-spacing: 2px;\n    color: #666;\n    margin: 12px 0;\n    display: block;\n}\n\n.recomendadorV2Title h2 {\n    padding-top: 0px !important;\n    margin: 0px !important;\n    border-left: none !important;\n    padding-left: 0px !important;\n    line-height: 1.3;\n    color: #000 !important;\n    font-size: 24px;\n    margin-bottom: 12px !important;\n}\n\n.recomendadorV2Desc {\n    color: #333;\n    margin: 12px 0px !important;\n    font-size: 15px;\n    line-height: 1.5;\n}\n\n.recomendadorV2Button {\n    width: auto;\n    max-width: 200px;\n    margin: 0;\n    display: inline-flex;\n    align-items: center;\n    background: #1D3557;\n    border-radius: 8px;\n    color: #fff;\n    height: 36px;\n    justify-content: center;\n    text-align: center;\n    font-size: 14px;\n    padding: 0 20px;\n    transition: background-color 0.2s ease;\n}\n\n.recomendadorV2Button:hover {\n    background: #2a4d7a;\n}\n\n.recomendadorV2Button:after {\n    margin-top: -2px;\n    content: \"\u2192\";\n    padding: 0px 0px 0px 8px;\n}\n\n.recomendadorV2Alert {\n    text-align: left;\n    font-size: 11px;\n    margin-top: 8px;\n    color: #666;\n}\n\n.recomendadorFixedArea {\n    width: 100%;\n    display: flex;\n    justify-content: center;\n    align-items: center;\n}\n\n@media (min-width: 992px) {\n    #recomendadorFixed {\n        width: 32% !important;\n        left: 5%;\n    }\n    .recomendadorCloseFixed{\n        right: inherit !important;\n        left: 378px !important;\n    }\n}\n\n#recomendadorFixed {\n    width: 90%;\n    box-shadow: 0 10px 20px 0px #00000057;\n    display: none;\n    height: 90px;\n    background: #F6F6F6;\n    position: fixed;\n    flex-direction: row;\n    bottom: 10px;\n    z-index: 9999;\n    border-radius: 16px;\n    padding: 7px 10px;\n}\n\n.recomendadorLeftArea {\n    width: 160px;\n}\n\n.recomendadorRightArea h2 {\n    padding-top: 0px;\n    margin: 2px 0px 4px 0px !important;\n    font-weight: 400;\n    text-align: center;\n    padding-left: 0px !important;\n    color: #000 !important;\n    border-left: none !important;\n    line-height: 20px;\n    font-size: 12px !important;\n}\n\n.recomendadorImgFixed {\n    overflow: hidden;\n    padding: 8px 6px;\n    height: 100%;\n}\n\n.recomendadorImgFixed img {\n    height: 100% !important;\n    border-radius: 16px;\n}\n\n.recomendadorRightArea {\n    padding-top: 6px;\n    display: flex;\n    width: calc(100% - 130px);\n    justify-content: space-between;\n    align-items: center;\n    flex-direction: column;\n}\n\n.recomendadorButtonFixed {\n    margin: 0 auto;\n    background: #1D3557;\n    width: 80%;\n    text-align: center;\n    font-size: 10px;\n    color: #FFF;\n    padding: 2px 10px;\n    border-radius: 3px;\n}\n\n.recomendadorButtonFixed:after {\n    margin-top: -3px;\n    content: \"\u2192\";\n    padding: 0px 0px 0px 10px;\n}\n\n.recomendadorAlertFixed {\n    font-weight: 400;\n    text-align: center;\n    color: #484848;\n    font-size: 8px;\n}\n\n.recomendadorCloseFixed {\n    z-index: 99999;\n    display: none;\n    right: 0px;\n    left: inherit;\n    bottom: 99px;\n    position: fixed;\n    justify-content: center;\n    background: #F6F6F6;\n    width: 25px;\n    align-items: center;\n    height: 25px;\n    font-weight: 800;\n    border-radius: 50%;\n    border: 1px solid #EBEBEB;\n}\n\n.recomendadorV2Desc{\n    color: #000000;\n    margin: 20px 0px;\n}\n\n@media (max-width: 576px) {\n    .recomendadorV2Area {\n      padding: 10px;\n      max-width: 100%;\n    }\n  \n    .recomendadorV2Area1 img {\n      width: 100%;\n      border-radius: 6px;\n    }\n  \n    .recomendadorV2Area2 .recomendadorV2Type {\n      font-size: 9px;\n      letter-spacing: 1px;\n      margin: 8px 0;\n    }\n  \n    .recomendadorV2Title h2 {\n      font-size: 18px !important;\n      margin-bottom: 8px !important;\n      line-height: 1.2;\n    }\n  \n    .recomendadorV2Desc {\n      font-size: 14px;\n      margin: 8px 0 !important;\n      line-height: 1.4;\n    }\n  \n    .recomendadorV2Button {\n      font-size: 12px;\n      height: 30px;\n      padding: 0 12px;\n      max-width: 160px;\n    }\n  \n    .recomendadorV2Button:after {\n      padding-left: 6px;\n    }\n  }\n  <\/style>\n        <div class=\"lazyblock-recomendador-v2-2jDGz wp-block-lazyblock-recomendador-v2\">\n        <a class=\"linkrecomendadorv2\" href=\"https:\/\/correiodoestado.com.br\/mix\/taxistas-e-motoristas-de-aplicativo-podem-sair-ganhando-com-nova-marca-da-byd\/?utm_source=lazy\" target=\"_blank\" rel=\"noopener\">\n            <div class=\"recomendadorV2Area\">\n            <div class=\"recomendadorV2Area1\">\n                <div class=\"recomendadorV2Img\">\n                <img class=\"lazyloaded\" decoding=\"async\" src=\"https:\/\/correiodoestado.com.br\/mix\/wp-content\/uploads\/2025\/09\/fabrica-byd-camacari-05-750x375.jpg\" data-src=\"https:\/\/correiodoestado.com.br\/mix\/wp-content\/uploads\/2025\/09\/fabrica-byd-camacari-05-750x375.jpg\" alt=\"\">\n                <\/div>\n            <\/div>\n            <div class=\"recomendadorV2Area2\">\n                <div class=\"recomendadorV2Type\">\n                    <span>Mobilidade El\u00e9trica<\/span>\n                <\/div>\n                <div class=\"recomendadorV2Title\">\n                <h2><span>BYD beneficia motoristas \ud83d\ude95<\/span><\/h2>\n                <\/div>\n                <div class=\"recomendadorV2Desc\">\n                <span>Nova marca pode reduzir custos e aumentar ganhos<\/span>\n                <\/div>\n                <div class=\"recomendadorV2Button\">Veja como<\/div>\n                <div class=\"recomendadorV2Alert\"><\/div>\n            <\/div>\n            <\/div>\n        <\/a>\n        <div>\n            <div style=\"z-index:99999;\" id=\"buttonClose\" onclick=\"closeRecomendadorFixed()\">\n            <div class=\"recomendadorCloseFixed\">X<\/div>\n            <\/div>\n            <a href=\"https:\/\/correiodoestado.com.br\/mix\/taxistas-e-motoristas-de-aplicativo-podem-sair-ganhando-com-nova-marca-da-byd\/?utm_source=lazy\" target=\"_blank\" rel=\"noopener\">\n            <div class=\"recomendadorFixedArea\">\n                <div id=\"recomendadorFixed\">\n                <div class=\"recomendadorLeftArea\">\n                    <div class=\"recomendadorImgFixed\">\n                    <img class=\"lazyload\" decoding=\"async\" src=\"https:\/\/correiodoestado.com.br\/mix\/wp-content\/uploads\/2025\/09\/fabrica-byd-camacari-05-750x375.jpg\" alt=\"\">\n                    <\/div>\n                <\/div>\n                <div class=\"recomendadorRightArea\">\n                    <div class=\"recomendadorTitleFixed\">\n                    <h2><span>BYD beneficia motoristas \ud83d\ude95<\/span><\/h2>\n                    <\/div>\n                    <div class=\"recomendadorButtonFixed\">Veja como<\/div>\n                    <div class=\"recomendadorAlertFixed\"><\/div>\n                <\/div>\n                <\/div>\n            <\/div>\n            <\/a>\n        <\/div>\n        <\/div>\n\n\n\n<p>Diante das den\u00fancias, desde meados de 2023, a cobran\u00e7a n\u00e3o \u00e9 mais realizada, mas as companhias seguem exigindo o ressarcimento dos valores subtra\u00eddos. Segundo o Detran, j\u00e1 que houve a revoga\u00e7\u00e3o da portaria, n\u00e3o haveria o que as empresas peticionarem. Por outro lado, a entidade ainda defendeu que as estampadoras deveriam repassar ao departamento valores relativos aos custos referentes aos sistemas eletr\u00f4nicos usados pelas empresas credenciadas, assim como fazem aos \u00f3rg\u00e3os federais.<\/p>\n\n\n\n<p>Com o argumento do Departamento Estadual de Tr\u00e2nsito de Mato Grosso do Sul negado, a ju\u00edza Paulinne Sim\u00f5es de Souza estabeleceu que a entidade deve reembolsar as custas e despesas processuais adiantadas pela parte autora, al\u00e9m de pagar honor\u00e1rios advocat\u00edcios a serem fixados no m\u00ednimo legal ap\u00f3s a liquida\u00e7\u00e3o do cr\u00e9dito.&nbsp;<\/p>\n","protected":false},"excerpt":{"rendered":"<p>Ap\u00f3s decis\u00e3o judicial da 1\u00aa Vara de Fazenda P\u00fablica e de Registros P\u00fablicos, o Departamento Estadual de Tr\u00e2nsito de Mato Grosso do Sul (Detran-MS) foi condenado a devolver R$ 2.301.296,67 corrigidos a empresas estampadoras de PIV (Placas de Identifica\u00e7\u00e3o Veicular) do Mercosul<\/p>\n","protected":false},"author":8,"featured_media":32357,"comment_status":"open","ping_status":"open","sticky":false,"template":"","format":"standard","meta":{"jnews-multi-image_gallery":[],"jnews_single_post":{"format":"standard"},"jnews_primary_category":[],"jnews_social_meta":[],"footnotes":""},"categories":[1],"tags":[],"class_list":["post-32352","post","type-post","status-publish","format-standard","has-post-thumbnail","hentry","category-mix"],"_links":{"self":[{"href":"https:\/\/correiodoestado.audiencelabs.com.br\/wp-json\/wp\/v2\/posts\/32352","targetHints":{"allow":["GET"]}}],"collection":[{"href":"https:\/\/correiodoestado.audiencelabs.com.br\/wp-json\/wp\/v2\/posts"}],"about":[{"href":"https:\/\/correiodoestado.audiencelabs.com.br\/wp-json\/wp\/v2\/types\/post"}],"author":[{"embeddable":true,"href":"https:\/\/correiodoestado.audiencelabs.com.br\/wp-json\/wp\/v2\/users\/8"}],"replies":[{"embeddable":true,"href":"https:\/\/correiodoestado.audiencelabs.com.br\/wp-json\/wp\/v2\/comments?post=32352"}],"version-history":[{"count":3,"href":"https:\/\/correiodoestado.audiencelabs.com.br\/wp-json\/wp\/v2\/posts\/32352\/revisions"}],"predecessor-version":[{"id":32412,"href":"https:\/\/correiodoestado.audiencelabs.com.br\/wp-json\/wp\/v2\/posts\/32352\/revisions\/32412"}],"wp:featuredmedia":[{"embeddable":true,"href":"https:\/\/correiodoestado.audiencelabs.com.br\/wp-json\/wp\/v2\/media\/32357"}],"wp:attachment":[{"href":"https:\/\/correiodoestado.audiencelabs.com.br\/wp-json\/wp\/v2\/media?parent=32352"}],"wp:term":[{"taxonomy":"category","embeddable":true,"href":"https:\/\/correiodoestado.audiencelabs.com.br\/wp-json\/wp\/v2\/categories?post=32352"},{"taxonomy":"post_tag","embeddable":true,"href":"https:\/\/correiodoestado.audiencelabs.com.br\/wp-json\/wp\/v2\/tags?post=32352"}],"curies":[{"name":"wp","href":"https:\/\/api.w.org\/{rel}","templated":true}]}}